{"id":118991,"date":"2025-12-21T18:35:11","date_gmt":"2025-12-22T00:35:11","guid":{"rendered":"https:\/\/elmetropolitano.com.gt\/es\/?p=118991"},"modified":"2025-12-21T18:35:12","modified_gmt":"2025-12-22T00:35:12","slug":"el-tractor-llego-tambien-a-palencia","status":"publish","type":"post","link":"https:\/\/elmetropolitano.com.gt\/es\/el-tractor-llego-tambien-a-palencia\/","title":{"rendered":"El tractor lleg\u00f3 tambi\u00e9n a Palencia"},"content":{"rendered":"\n<p><a><\/a>En el marco del rally navide\u00f1o de Jornadas Formaci\u00f3n Pol\u00edtica del Partido SERVIR en el Departamento de Guatemala, esta vez toc\u00f3 en el municipio de Palencia.<\/p>\n\n\n\n<p>Bajo la mezcla de un sol fulgurante y vientos fr\u00edos de diciembre, ambiente t\u00edpico en los linderos del cerro tomastepeque en Palencia, el partido del Tractor realiz\u00f3 jornada de formaci\u00f3n pol\u00edtica donde el Coordinador Municipal del partido SERVIR, el reconocido empresario Victoriano (Toyo) Pineda brind\u00f3 palabras de bienvenida a los miembros del secretariado departamental de Servir, encabezado por la Licenciada Leslie Lemus y el Licenciado Fidel Menegazzo.<\/p><div class=\"elmet-contenido\" id=\"elmet-3216164874\"><div class=\"elmet-adlabel\">Anuncios<\/div><div style=\"margin-top: 20px;margin-right: 20px;margin-bottom: 20px;margin-left: 20px;\" id=\"elmet-898348242\"><a href=\"https:\/\/www.facebook.com\/arrincuanantigua\/\" aria-label=\"cintillo-arrin-cual\"><img loading=\"lazy\" decoding=\"async\" src=\"https:\/\/elmetropolitano.com.gt\/es\/wp-content\/uploads\/2021\/11\/cintillo-arrin-cual-1.jpg\" alt=\"\"  srcset=\"https:\/\/elmetropolitano.com.gt\/es\/wp-content\/uploads\/2021\/11\/cintillo-arrin-cual-1.jpg 750w, https:\/\/elmetropolitano.com.gt\/es\/wp-content\/uploads\/2021\/11\/cintillo-arrin-cual-1-300x36.jpg 300w, https:\/\/elmetropolitano.com.gt\/es\/wp-content\/uploads\/2021\/11\/cintillo-arrin-cual-1-600x72.jpg 600w\" sizes=\"(max-width: 750px) 100vw, 750px\" width=\"750\" height=\"90\"   \/><\/a><\/div><\/div>\n\n\n\n<p>Al momento de expresar su mensaje Toyo Pineda dijo sentirse muy identificado con el partido SERVIR y manifest\u00f3 que, sin dudarlo se sube al Tractor para Servir a Guatemala.<\/p>\n\n\n\n<p>Toyo indic\u00f3 tambi\u00e9n que para \u00e9l es de mucho agrado acompa\u00f1ar al Secretario General del partido Servir Carlos Pineda, en el trabajo de organizaci\u00f3n y formaci\u00f3n pol\u00edtica.<\/p>\n\n\n\n<p>La Licenciada Leslie Lemus, Secretaria Departamental Adjunta del partido SERVIR indic\u00f3 que con la coordinaci\u00f3n de Toyo, se empieza a recorrer la ruta para multiplicar la participaci\u00f3n pol\u00edtica de muchos m\u00e1s vecinos de Palencia, en el marco de las actividades que establece la Ley Electoral.<\/p>\n\n\n\n<p><a href=\"https:\/\/www.facebook.com\/hashtag\/partidoservir?__eep__=6&amp;__cft__[0]=AZYVlJ8f87Mxlnp9cuPEkoWzDDAl0-OSgu9lDZJNfgGqFW0678S8hFwwiUwvJqH53Fcro-tebvJ9J_klYuLCTWds2nkTBoWtGOt-Fxh2PmMDO21s64beO1cYk3LwoHJVWWKThCp77Zw7KwW9ecxbD5oTnwqOMYt-0PKmOjzwCI092wQREG2_UxwzpqgQ7qbU2DI&amp;__tn__=*NK-R\">#partidoservir<\/a><a href=\"https:\/\/www.facebook.com\/hashtag\/metroredes?__eep__=6&amp;__cft__[0]=AZYVlJ8f87Mxlnp9cuPEkoWzDDAl0-OSgu9lDZJNfgGqFW0678S8hFwwiUwvJqH53Fcro-tebvJ9J_klYuLCTWds2nkTBoWtGOt-Fxh2PmMDO21s64beO1cYk3LwoHJVWWKThCp77Zw7KwW9ecxbD5oTnwqOMYt-0PKmOjzwCI092wQREG2_UxwzpqgQ7qbU2DI&amp;__tn__=*NK-R\">#metroredes<\/a><a href=\"https:\/\/www.facebook.com\/hashtag\/afiliate?__eep__=6&amp;__cft__[0]=AZYVlJ8f87Mxlnp9cuPEkoWzDDAl0-OSgu9lDZJNfgGqFW0678S8hFwwiUwvJqH53Fcro-tebvJ9J_klYuLCTWds2nkTBoWtGOt-Fxh2PmMDO21s64beO1cYk3LwoHJVWWKThCp77Zw7KwW9ecxbD5oTnwqOMYt-0PKmOjzwCI092wQREG2_UxwzpqgQ7qbU2DI&amp;__tn__=*NK-R\">#AFILIATE<\/a><a href=\"https:\/\/www.facebook.com\/hashtag\/palencia?__eep__=6&amp;__cft__[0]=AZYVlJ8f87Mxlnp9cuPEkoWzDDAl0-OSgu9lDZJNfgGqFW0678S8hFwwiUwvJqH53Fcro-tebvJ9J_klYuLCTWds2nkTBoWtGOt-Fxh2PmMDO21s64beO1cYk3LwoHJVWWKThCp77Zw7KwW9ecxbD5oTnwqOMYt-0PKmOjzwCI092wQREG2_UxwzpqgQ7qbU2DI&amp;__tn__=*NK-R\">#Palencia<\/a><a href=\"https:\/\/www.facebook.com\/hashtag\/elecciones2027?__eep__=6&amp;__cft__[0]=AZYVlJ8f87Mxlnp9cuPEkoWzDDAl0-OSgu9lDZJNfgGqFW0678S8hFwwiUwvJqH53Fcro-tebvJ9J_klYuLCTWds2nkTBoWtGOt-Fxh2PmMDO21s64beO1cYk3LwoHJVWWKThCp77Zw7KwW9ecxbD5oTnwqOMYt-0PKmOjzwCI092wQREG2_UxwzpqgQ7qbU2DI&amp;__tn__=*NK-R\">#Elecciones2027<\/a><\/p>\n\n\n\n<figure class=\"wp-block-gallery has-nested-images columns-default is-cropped wp-block-gallery-1 is-layout-flex wp-block-gallery-is-layout-flex\">\n<figure class=\"wp-block-image size-large\"><img loading=\"lazy\" decoding=\"async\" width=\"1024\" height=\"768\" data-id=\"118993\" src=\"https:\/\/elmetropolitano.com.gt\/es\/wp-content\/uploads\/2025\/12\/600449928_1415092633950149_4709814022751034132_n-1-1024x768.jpg\" alt=\"\" class=\"wp-image-118993\" srcset=\"https:\/\/elmetropolitano.com.gt\/es\/wp-content\/uploads\/2025\/12\/600449928_1415092633950149_4709814022751034132_n-1-1024x768.jpg 1024w, https:\/\/elmetropolitano.com.gt\/es\/wp-content\/uploads\/2025\/12\/600449928_1415092633950149_4709814022751034132_n-1-300x225.jpg 300w, https:\/\/elmetropolitano.com.gt\/es\/wp-content\/uploads\/2025\/12\/600449928_1415092633950149_4709814022751034132_n-1-768x576.jpg 768w, https:\/\/elmetropolitano.com.gt\/es\/wp-content\/uploads\/2025\/12\/600449928_1415092633950149_4709814022751034132_n-1.jpg 1280w\" sizes=\"auto, (max-width: 1024px) 100vw, 1024px\" \/><\/figure>\n\n\n\n<figure class=\"wp-block-image size-large\"><img loading=\"lazy\" decoding=\"async\" width=\"1024\" height=\"768\" data-id=\"118995\" src=\"https:\/\/elmetropolitano.com.gt\/es\/wp-content\/uploads\/2025\/12\/601980344_1415092620616817_1189409725623201219_n-1024x768.jpg\" alt=\"\" class=\"wp-image-118995\" srcset=\"https:\/\/elmetropolitano.com.gt\/es\/wp-content\/uploads\/2025\/12\/601980344_1415092620616817_1189409725623201219_n-1024x768.jpg 1024w, https:\/\/elmetropolitano.com.gt\/es\/wp-content\/uploads\/2025\/12\/601980344_1415092620616817_1189409725623201219_n-300x225.jpg 300w, https:\/\/elmetropolitano.com.gt\/es\/wp-content\/uploads\/2025\/12\/601980344_1415092620616817_1189409725623201219_n-768x576.jpg 768w, https:\/\/elmetropolitano.com.gt\/es\/wp-content\/uploads\/2025\/12\/601980344_1415092620616817_1189409725623201219_n-1536x1152.jpg 1536w, https:\/\/elmetropolitano.com.gt\/es\/wp-content\/uploads\/2025\/12\/601980344_1415092620616817_1189409725623201219_n.jpg 1600w\" sizes=\"auto, (max-width: 1024px) 100vw, 1024px\" \/><\/figure>\n\n\n\n<figure class=\"wp-block-image size-large\"><img loading=\"lazy\" decoding=\"async\" width=\"768\" height=\"1024\" data-id=\"118996\" src=\"https:\/\/elmetropolitano.com.gt\/es\/wp-content\/uploads\/2025\/12\/602344787_1415092663950146_1697072244995194083_n-768x1024.jpg\" alt=\"\" class=\"wp-image-118996\" srcset=\"https:\/\/elmetropolitano.com.gt\/es\/wp-content\/uploads\/2025\/12\/602344787_1415092663950146_1697072244995194083_n-768x1024.jpg 768w, https:\/\/elmetropolitano.com.gt\/es\/wp-content\/uploads\/2025\/12\/602344787_1415092663950146_1697072244995194083_n-225x300.jpg 225w, https:\/\/elmetropolitano.com.gt\/es\/wp-content\/uploads\/2025\/12\/602344787_1415092663950146_1697072244995194083_n-1152x1536.jpg 1152w, https:\/\/elmetropolitano.com.gt\/es\/wp-content\/uploads\/2025\/12\/602344787_1415092663950146_1697072244995194083_n.jpg 1200w\" sizes=\"auto, (max-width: 768px) 100vw, 768px\" \/><\/figure>\n\n\n\n<figure class=\"wp-block-image size-large\"><img loading=\"lazy\" decoding=\"async\" width=\"1024\" height=\"768\" data-id=\"118994\" src=\"https:\/\/elmetropolitano.com.gt\/es\/wp-content\/uploads\/2025\/12\/603939491_1415092650616814_3305441966428544912_n-1024x768.jpg\" alt=\"\" class=\"wp-image-118994\" srcset=\"https:\/\/elmetropolitano.com.gt\/es\/wp-content\/uploads\/2025\/12\/603939491_1415092650616814_3305441966428544912_n-1024x768.jpg 1024w, https:\/\/elmetropolitano.com.gt\/es\/wp-content\/uploads\/2025\/12\/603939491_1415092650616814_3305441966428544912_n-300x225.jpg 300w, https:\/\/elmetropolitano.com.gt\/es\/wp-content\/uploads\/2025\/12\/603939491_1415092650616814_3305441966428544912_n-768x576.jpg 768w, https:\/\/elmetropolitano.com.gt\/es\/wp-content\/uploads\/2025\/12\/603939491_1415092650616814_3305441966428544912_n.jpg 1280w\" sizes=\"auto, (max-width: 1024px) 100vw, 1024px\" \/><\/figure>\n<\/figure>\n","protected":false},"excerpt":{"rendered":"<p>En el marco del rally navide\u00f1o de Jornadas Formaci\u00f3n Pol\u00edtica del Partido SERVIR en el Departamento de Guatemala, esta vez toc\u00f3 en el municipio de Palencia. Bajo la mezcla de un sol fulgurante y vientos fr\u00edos de diciembre, ambiente t\u00edpico en los linderos del cerro tomastepeque en Palencia, el partido del Tractor realiz\u00f3 jornada de <a class=\"read-more\" href=\"https:\/\/elmetropolitano.com.gt\/es\/el-tractor-llego-tambien-a-palencia\/\">Leer m\u00e1s<\/a><\/p>\n","protected":false},"author":1,"featured_media":118992,"comment_status":"open","ping_status":"closed","sticky":false,"template":"","format":"standard","meta":{"footnotes":""},"categories":[3],"tags":[10],"class_list":["post-118991","post","type-post","status-publish","format-standard","has-post-thumbnail","hentry","category-locales","tag-locales"],"_links":{"self":[{"href":"https:\/\/elmetropolitano.com.gt\/es\/wp-json\/wp\/v2\/posts\/118991","targetHints":{"allow":["GET"]}}],"collection":[{"href":"https:\/\/elmetropolitano.com.gt\/es\/wp-json\/wp\/v2\/posts"}],"about":[{"href":"https:\/\/elmetropolitano.com.gt\/es\/wp-json\/wp\/v2\/types\/post"}],"author":[{"embeddable":true,"href":"https:\/\/elmetropolitano.com.gt\/es\/wp-json\/wp\/v2\/users\/1"}],"replies":[{"embeddable":true,"href":"https:\/\/elmetropolitano.com.gt\/es\/wp-json\/wp\/v2\/comments?post=118991"}],"version-history":[{"count":1,"href":"https:\/\/elmetropolitano.com.gt\/es\/wp-json\/wp\/v2\/posts\/118991\/revisions"}],"predecessor-version":[{"id":118997,"href":"https:\/\/elmetropolitano.com.gt\/es\/wp-json\/wp\/v2\/posts\/118991\/revisions\/118997"}],"wp:featuredmedia":[{"embeddable":true,"href":"https:\/\/elmetropolitano.com.gt\/es\/wp-json\/wp\/v2\/media\/118992"}],"wp:attachment":[{"href":"https:\/\/elmetropolitano.com.gt\/es\/wp-json\/wp\/v2\/media?parent=118991"}],"wp:term":[{"taxonomy":"category","embeddable":true,"href":"https:\/\/elmetropolitano.com.gt\/es\/wp-json\/wp\/v2\/categories?post=118991"},{"taxonomy":"post_tag","embeddable":true,"href":"https:\/\/elmetropolitano.com.gt\/es\/wp-json\/wp\/v2\/tags?post=118991"}],"curies":[{"name":"wp","href":"https:\/\/api.w.org\/{rel}","templated":true}]}}