{"id":119437,"date":"2025-12-28T19:44:12","date_gmt":"2025-12-29T01:44:12","guid":{"rendered":"https:\/\/elmetropolitano.com.gt\/es\/?p=119437"},"modified":"2025-12-28T19:44:13","modified_gmt":"2025-12-29T01:44:13","slug":"capturado-sospechoso-de-crimen-de-menor-en-san-juan-sacatepequez","status":"publish","type":"post","link":"https:\/\/elmetropolitano.com.gt\/es\/capturado-sospechoso-de-crimen-de-menor-en-san-juan-sacatepequez\/","title":{"rendered":"Capturado sospechoso de crimen de menor en San Juan Sacatep\u00e9quez"},"content":{"rendered":"\n<p><a><\/a>La Polic\u00eda Nacional Civil captur\u00f3 a Marvin Gonz\u00e1lez Chinchilla de 46 a\u00f1os, en Masagua, Escuintla, por su presunta implicaci\u00f3n en el crimen de Edgar Gadiel Alvarado Castellanos, de 5 a\u00f1os, quien desapareci\u00f3 el 24 de diciembre en la aldea Montufar, San Juan Sacatep\u00e9quez. El menor fue encontrado sin vida al d\u00eda siguiente.<\/p>\n\n\n\n<p>La investigaci\u00f3n de la Policia Nacional Civil PNC en coordinaci\u00f3n con el Ministerio P\u00fablico MP, incluy\u00f3 allanamientos, reconstrucci\u00f3n de hechos y an\u00e1lisis de evidencias. El 27 de diciembre, se realiz\u00f3 un allanamiento en un inmueble en la lotificaci\u00f3n Los Pinos, donde se recolectaron pruebas clave, incluyendo un tel\u00e9fono, muestras de sangre, un DVR y otros objetos que podr\u00edan estar relacionados con el caso.<\/p><div class=\"elmet-contenido\" id=\"elmet-3295443226\"><div class=\"elmet-adlabel\">Anuncios<\/div><div style=\"margin-top: 20px;margin-right: 20px;margin-bottom: 20px;margin-left: 20px;\" id=\"elmet-3822153671\"><a href=\"https:\/\/www.facebook.com\/arrincuanantigua\/\" aria-label=\"cintillo-arrin-cual\"><img loading=\"lazy\" decoding=\"async\" src=\"https:\/\/elmetropolitano.com.gt\/es\/wp-content\/uploads\/2021\/11\/cintillo-arrin-cual-1.jpg\" alt=\"\"  srcset=\"https:\/\/elmetropolitano.com.gt\/es\/wp-content\/uploads\/2021\/11\/cintillo-arrin-cual-1.jpg 750w, https:\/\/elmetropolitano.com.gt\/es\/wp-content\/uploads\/2021\/11\/cintillo-arrin-cual-1-300x36.jpg 300w, https:\/\/elmetropolitano.com.gt\/es\/wp-content\/uploads\/2021\/11\/cintillo-arrin-cual-1-600x72.jpg 600w\" sizes=\"(max-width: 750px) 100vw, 750px\" width=\"750\" height=\"90\"   \/><\/a><\/div><\/div>\n\n\n\n<p>El Juzgado de Turno de Primera Instancia Penal emiti\u00f3 una orden de aprehensi\u00f3n para Marvin por los delitos de asesinato, plagio o secuestro.<\/p>\n\n\n\n<p>La PNC y la fiscal\u00eda contin\u00faan investigando para determinar si hay m\u00e1s personas involucradas en el crimen.<\/p>\n\n\n\n<p><a href=\"https:\/\/www.facebook.com\/hashtag\/sanjuansacatepequez?__eep__=6&amp;__cft__[0]=AZZXmQ3u5RoQ59OzQx_GW7UEVnIGQlAYjcVrLOxd3ibZHb2QC2IDVAogHuDiu8HdFkwdsunRjG68DQBlyp5dXZg4Vfcw6AWUhEMZs3LKzYX4Y5iV-JZErleCep83BfW0vpKASp9YVeTHoQqBMAKjU2xb47W8hETHfMbNx6Fp4OeVLV3gC8lvOtfzNY8_9ZmSHKQ&amp;__tn__=*NK-R\">#SanJuanSacatepequez<\/a><a href=\"https:\/\/www.facebook.com\/hashtag\/metroredes?__eep__=6&amp;__cft__[0]=AZZXmQ3u5RoQ59OzQx_GW7UEVnIGQlAYjcVrLOxd3ibZHb2QC2IDVAogHuDiu8HdFkwdsunRjG68DQBlyp5dXZg4Vfcw6AWUhEMZs3LKzYX4Y5iV-JZErleCep83BfW0vpKASp9YVeTHoQqBMAKjU2xb47W8hETHfMbNx6Fp4OeVLV3gC8lvOtfzNY8_9ZmSHKQ&amp;__tn__=*NK-R\">#metroredes<\/a><a href=\"https:\/\/www.facebook.com\/hashtag\/pncdeguatemala?__eep__=6&amp;__cft__[0]=AZZXmQ3u5RoQ59OzQx_GW7UEVnIGQlAYjcVrLOxd3ibZHb2QC2IDVAogHuDiu8HdFkwdsunRjG68DQBlyp5dXZg4Vfcw6AWUhEMZs3LKzYX4Y5iV-JZErleCep83BfW0vpKASp9YVeTHoQqBMAKjU2xb47W8hETHfMbNx6Fp4OeVLV3gC8lvOtfzNY8_9ZmSHKQ&amp;__tn__=*NK-R\">#PNCdeGuatemala<\/a><a href=\"https:\/\/www.facebook.com\/hashtag\/mpfuerteyfirme?__eep__=6&amp;__cft__[0]=AZZXmQ3u5RoQ59OzQx_GW7UEVnIGQlAYjcVrLOxd3ibZHb2QC2IDVAogHuDiu8HdFkwdsunRjG68DQBlyp5dXZg4Vfcw6AWUhEMZs3LKzYX4Y5iV-JZErleCep83BfW0vpKASp9YVeTHoQqBMAKjU2xb47W8hETHfMbNx6Fp4OeVLV3gC8lvOtfzNY8_9ZmSHKQ&amp;__tn__=*NK-R\">#MPfuerteYfirme<\/a><\/p>\n\n\n\n<figure class=\"wp-block-gallery has-nested-images columns-default is-cropped wp-block-gallery-1 is-layout-flex wp-block-gallery-is-layout-flex\">\n<figure class=\"wp-block-image size-large\"><img loading=\"lazy\" decoding=\"async\" width=\"1024\" height=\"949\" data-id=\"119442\" src=\"https:\/\/elmetropolitano.com.gt\/es\/wp-content\/uploads\/2025\/12\/604401108_1420803126712433_8109566636117357212_n-1024x949.jpg\" alt=\"\" class=\"wp-image-119442\" srcset=\"https:\/\/elmetropolitano.com.gt\/es\/wp-content\/uploads\/2025\/12\/604401108_1420803126712433_8109566636117357212_n-1024x949.jpg 1024w, https:\/\/elmetropolitano.com.gt\/es\/wp-content\/uploads\/2025\/12\/604401108_1420803126712433_8109566636117357212_n-300x278.jpg 300w, https:\/\/elmetropolitano.com.gt\/es\/wp-content\/uploads\/2025\/12\/604401108_1420803126712433_8109566636117357212_n-768x712.jpg 768w, https:\/\/elmetropolitano.com.gt\/es\/wp-content\/uploads\/2025\/12\/604401108_1420803126712433_8109566636117357212_n-1536x1424.jpg 1536w, https:\/\/elmetropolitano.com.gt\/es\/wp-content\/uploads\/2025\/12\/604401108_1420803126712433_8109566636117357212_n.jpg 1600w\" sizes=\"auto, (max-width: 1024px) 100vw, 1024px\" \/><\/figure>\n\n\n\n<figure class=\"wp-block-image size-large\"><img loading=\"lazy\" decoding=\"async\" width=\"576\" height=\"1024\" data-id=\"119440\" src=\"https:\/\/elmetropolitano.com.gt\/es\/wp-content\/uploads\/2025\/12\/605943155_1420803140045765_7338044124675870489_n-576x1024.jpg\" alt=\"\" class=\"wp-image-119440\" srcset=\"https:\/\/elmetropolitano.com.gt\/es\/wp-content\/uploads\/2025\/12\/605943155_1420803140045765_7338044124675870489_n-576x1024.jpg 576w, https:\/\/elmetropolitano.com.gt\/es\/wp-content\/uploads\/2025\/12\/605943155_1420803140045765_7338044124675870489_n-169x300.jpg 169w, https:\/\/elmetropolitano.com.gt\/es\/wp-content\/uploads\/2025\/12\/605943155_1420803140045765_7338044124675870489_n-768x1365.jpg 768w, https:\/\/elmetropolitano.com.gt\/es\/wp-content\/uploads\/2025\/12\/605943155_1420803140045765_7338044124675870489_n-864x1536.jpg 864w, https:\/\/elmetropolitano.com.gt\/es\/wp-content\/uploads\/2025\/12\/605943155_1420803140045765_7338044124675870489_n.jpg 900w\" sizes=\"auto, (max-width: 576px) 100vw, 576px\" \/><\/figure>\n\n\n\n<figure class=\"wp-block-image size-large\"><img loading=\"lazy\" decoding=\"async\" width=\"1024\" height=\"768\" data-id=\"119441\" src=\"https:\/\/elmetropolitano.com.gt\/es\/wp-content\/uploads\/2025\/12\/605997483_1420803120045767_3350623346655878499_n-1-1024x768.jpg\" alt=\"\" class=\"wp-image-119441\" srcset=\"https:\/\/elmetropolitano.com.gt\/es\/wp-content\/uploads\/2025\/12\/605997483_1420803120045767_3350623346655878499_n-1-1024x768.jpg 1024w, https:\/\/elmetropolitano.com.gt\/es\/wp-content\/uploads\/2025\/12\/605997483_1420803120045767_3350623346655878499_n-1-300x225.jpg 300w, https:\/\/elmetropolitano.com.gt\/es\/wp-content\/uploads\/2025\/12\/605997483_1420803120045767_3350623346655878499_n-1-768x576.jpg 768w, https:\/\/elmetropolitano.com.gt\/es\/wp-content\/uploads\/2025\/12\/605997483_1420803120045767_3350623346655878499_n-1-1536x1152.jpg 1536w, https:\/\/elmetropolitano.com.gt\/es\/wp-content\/uploads\/2025\/12\/605997483_1420803120045767_3350623346655878499_n-1.jpg 1600w\" sizes=\"auto, (max-width: 1024px) 100vw, 1024px\" \/><\/figure>\n\n\n\n<figure class=\"wp-block-image size-large\"><img loading=\"lazy\" decoding=\"async\" width=\"720\" height=\"717\" data-id=\"119439\" src=\"https:\/\/elmetropolitano.com.gt\/es\/wp-content\/uploads\/2025\/12\/608256492_1420802773379135_554394823397072307_n.jpg\" alt=\"\" class=\"wp-image-119439\" srcset=\"https:\/\/elmetropolitano.com.gt\/es\/wp-content\/uploads\/2025\/12\/608256492_1420802773379135_554394823397072307_n.jpg 720w, https:\/\/elmetropolitano.com.gt\/es\/wp-content\/uploads\/2025\/12\/608256492_1420802773379135_554394823397072307_n-300x300.jpg 300w, https:\/\/elmetropolitano.com.gt\/es\/wp-content\/uploads\/2025\/12\/608256492_1420802773379135_554394823397072307_n-150x150.jpg 150w\" sizes=\"auto, (max-width: 720px) 100vw, 720px\" \/><\/figure>\n<\/figure>\n","protected":false},"excerpt":{"rendered":"<p>La Polic\u00eda Nacional Civil captur\u00f3 a Marvin Gonz\u00e1lez Chinchilla de 46 a\u00f1os, en Masagua, Escuintla, por su presunta implicaci\u00f3n en el crimen de Edgar Gadiel Alvarado Castellanos, de 5 a\u00f1os, quien desapareci\u00f3 el 24 de diciembre en la aldea Montufar, San Juan Sacatep\u00e9quez. El menor fue encontrado sin vida al d\u00eda siguiente. La investigaci\u00f3n de <a class=\"read-more\" href=\"https:\/\/elmetropolitano.com.gt\/es\/capturado-sospechoso-de-crimen-de-menor-en-san-juan-sacatepequez\/\">Leer m\u00e1s<\/a><\/p>\n","protected":false},"author":1,"featured_media":119438,"comment_status":"open","ping_status":"closed","sticky":false,"template":"","format":"standard","meta":{"footnotes":""},"categories":[89],"tags":[88],"class_list":["post-119437","post","type-post","status-publish","format-standard","has-post-thumbnail","hentry","category-metrosucesos","tag-metrosucesos"],"_links":{"self":[{"href":"https:\/\/elmetropolitano.com.gt\/es\/wp-json\/wp\/v2\/posts\/119437","targetHints":{"allow":["GET"]}}],"collection":[{"href":"https:\/\/elmetropolitano.com.gt\/es\/wp-json\/wp\/v2\/posts"}],"about":[{"href":"https:\/\/elmetropolitano.com.gt\/es\/wp-json\/wp\/v2\/types\/post"}],"author":[{"embeddable":true,"href":"https:\/\/elmetropolitano.com.gt\/es\/wp-json\/wp\/v2\/users\/1"}],"replies":[{"embeddable":true,"href":"https:\/\/elmetropolitano.com.gt\/es\/wp-json\/wp\/v2\/comments?post=119437"}],"version-history":[{"count":1,"href":"https:\/\/elmetropolitano.com.gt\/es\/wp-json\/wp\/v2\/posts\/119437\/revisions"}],"predecessor-version":[{"id":119443,"href":"https:\/\/elmetropolitano.com.gt\/es\/wp-json\/wp\/v2\/posts\/119437\/revisions\/119443"}],"wp:featuredmedia":[{"embeddable":true,"href":"https:\/\/elmetropolitano.com.gt\/es\/wp-json\/wp\/v2\/media\/119438"}],"wp:attachment":[{"href":"https:\/\/elmetropolitano.com.gt\/es\/wp-json\/wp\/v2\/media?parent=119437"}],"wp:term":[{"taxonomy":"category","embeddable":true,"href":"https:\/\/elmetropolitano.com.gt\/es\/wp-json\/wp\/v2\/categories?post=119437"},{"taxonomy":"post_tag","embeddable":true,"href":"https:\/\/elmetropolitano.com.gt\/es\/wp-json\/wp\/v2\/tags?post=119437"}],"curies":[{"name":"wp","href":"https:\/\/api.w.org\/{rel}","templated":true}]}}