{"id":119465,"date":"2025-12-29T09:35:53","date_gmt":"2025-12-29T15:35:53","guid":{"rendered":"https:\/\/elmetropolitano.com.gt\/es\/?p=119465"},"modified":"2025-12-29T09:35:54","modified_gmt":"2025-12-29T15:35:54","slug":"mercado-de-chiquimulilla-afectado-por-incendio-esta-madrugada","status":"publish","type":"post","link":"https:\/\/elmetropolitano.com.gt\/es\/mercado-de-chiquimulilla-afectado-por-incendio-esta-madrugada\/","title":{"rendered":"Mercado de Chiquimulilla afectado por incendio esta madrugada"},"content":{"rendered":"\n<p><a><\/a>La madrugada de hoy lunes se registr\u00f3 un incendio de gran intensidad en el mercado Municipal de Chiquimulilla, Santa Rosa, lo que gener\u00f3 momentos de tensi\u00f3n entre comerciantes y personas que se encontraban en el sector.<\/p>\n\n\n\n<p>Seg\u00fan informaci\u00f3n preliminar, las llamas consumieron varias estructuras, ocasionando importantes p\u00e9rdidas materiales y la r\u00e1pida propagaci\u00f3n del fuego provoc\u00f3 alarma en el \u00e1rea.<\/p><div class=\"elmet-contenido\" id=\"elmet-2028735999\"><div class=\"elmet-adlabel\">Anuncios<\/div><div style=\"margin-top: 20px;margin-right: 20px;margin-bottom: 20px;margin-left: 20px;\" id=\"elmet-2448348226\"><a href=\"https:\/\/www.facebook.com\/arrincuanantigua\/\" aria-label=\"cintillo-arrin-cual\"><img loading=\"lazy\" decoding=\"async\" src=\"https:\/\/elmetropolitano.com.gt\/es\/wp-content\/uploads\/2021\/11\/cintillo-arrin-cual-1.jpg\" alt=\"\"  srcset=\"https:\/\/elmetropolitano.com.gt\/es\/wp-content\/uploads\/2021\/11\/cintillo-arrin-cual-1.jpg 750w, https:\/\/elmetropolitano.com.gt\/es\/wp-content\/uploads\/2021\/11\/cintillo-arrin-cual-1-300x36.jpg 300w, https:\/\/elmetropolitano.com.gt\/es\/wp-content\/uploads\/2021\/11\/cintillo-arrin-cual-1-600x72.jpg 600w\" sizes=\"(max-width: 750px) 100vw, 750px\" width=\"750\" height=\"90\"   \/><\/a><\/div><\/div>\n\n\n\n<p>Los Cuerpos de Bomberos, en coordinaci\u00f3n con autoridades locales, trabajan de manera continua para sofocar el incendio, realizar labores de control y enfriamiento, as\u00ed como evacuar preventivamente a las personas, con el fin de evitar mayores riesgos.<\/p>\n\n\n\n<p>Las causas del siniestro a\u00fan se encuentran bajo investigaci\u00f3n.<\/p>\n\n\n\n<p><a href=\"https:\/\/www.facebook.com\/hashtag\/incendio?__eep__=6&amp;__cft__[0]=AZb04x97xfHeESHkqqh72ZCcWe93Yx0Hid1asmOmCzZh1fODJh5zfonvf9VREt6wLtOYQt-_B4A3LMIAuqGVCIGcxYNcd4aqu4znil3so8dNVFqFFfsWG19DxiL5GmX-uCDwl-MJ0CXGL6ZCF1sI7ubLFYRrLP0MNTFixywF7GYS2dCMgF_kiA8nNFlnHR7R7mypnvZjuAa4JPKw1NGyX4-QEB6qyGYg90U9wukAAt-D9w&amp;__tn__=*NK-y-R\">#Incendio<\/a><a href=\"https:\/\/www.facebook.com\/hashtag\/chiquimulilla?__eep__=6&amp;__cft__[0]=AZb04x97xfHeESHkqqh72ZCcWe93Yx0Hid1asmOmCzZh1fODJh5zfonvf9VREt6wLtOYQt-_B4A3LMIAuqGVCIGcxYNcd4aqu4znil3so8dNVFqFFfsWG19DxiL5GmX-uCDwl-MJ0CXGL6ZCF1sI7ubLFYRrLP0MNTFixywF7GYS2dCMgF_kiA8nNFlnHR7R7mypnvZjuAa4JPKw1NGyX4-QEB6qyGYg90U9wukAAt-D9w&amp;__tn__=*NK-y-R\">#Chiquimulilla<\/a><a href=\"https:\/\/www.facebook.com\/hashtag\/santarosa?__eep__=6&amp;__cft__[0]=AZb04x97xfHeESHkqqh72ZCcWe93Yx0Hid1asmOmCzZh1fODJh5zfonvf9VREt6wLtOYQt-_B4A3LMIAuqGVCIGcxYNcd4aqu4znil3so8dNVFqFFfsWG19DxiL5GmX-uCDwl-MJ0CXGL6ZCF1sI7ubLFYRrLP0MNTFixywF7GYS2dCMgF_kiA8nNFlnHR7R7mypnvZjuAa4JPKw1NGyX4-QEB6qyGYg90U9wukAAt-D9w&amp;__tn__=*NK-y-R\">#SantaRosa<\/a><\/p>\n\n\n\n<figure class=\"wp-block-gallery has-nested-images columns-default is-cropped wp-block-gallery-1 is-layout-flex wp-block-gallery-is-layout-flex\">\n<figure class=\"wp-block-image size-large\"><img loading=\"lazy\" decoding=\"async\" width=\"1024\" height=\"575\" data-id=\"119467\" src=\"https:\/\/elmetropolitano.com.gt\/es\/wp-content\/uploads\/2025\/12\/604765472_1558248698617900_4469691273957554901_n-1024x575.jpg\" alt=\"\" class=\"wp-image-119467\" srcset=\"https:\/\/elmetropolitano.com.gt\/es\/wp-content\/uploads\/2025\/12\/604765472_1558248698617900_4469691273957554901_n-1024x575.jpg 1024w, https:\/\/elmetropolitano.com.gt\/es\/wp-content\/uploads\/2025\/12\/604765472_1558248698617900_4469691273957554901_n-300x168.jpg 300w, https:\/\/elmetropolitano.com.gt\/es\/wp-content\/uploads\/2025\/12\/604765472_1558248698617900_4469691273957554901_n-768x431.jpg 768w, https:\/\/elmetropolitano.com.gt\/es\/wp-content\/uploads\/2025\/12\/604765472_1558248698617900_4469691273957554901_n.jpg 1080w\" sizes=\"auto, (max-width: 1024px) 100vw, 1024px\" \/><\/figure>\n\n\n\n<figure class=\"wp-block-image size-large\"><img loading=\"lazy\" decoding=\"async\" width=\"688\" height=\"1024\" data-id=\"119470\" src=\"https:\/\/elmetropolitano.com.gt\/es\/wp-content\/uploads\/2025\/12\/605503546_1558248721951231_4351884893789774046_n-688x1024.jpg\" alt=\"\" class=\"wp-image-119470\" srcset=\"https:\/\/elmetropolitano.com.gt\/es\/wp-content\/uploads\/2025\/12\/605503546_1558248721951231_4351884893789774046_n-688x1024.jpg 688w, https:\/\/elmetropolitano.com.gt\/es\/wp-content\/uploads\/2025\/12\/605503546_1558248721951231_4351884893789774046_n-202x300.jpg 202w, https:\/\/elmetropolitano.com.gt\/es\/wp-content\/uploads\/2025\/12\/605503546_1558248721951231_4351884893789774046_n-768x1142.jpg 768w, https:\/\/elmetropolitano.com.gt\/es\/wp-content\/uploads\/2025\/12\/605503546_1558248721951231_4351884893789774046_n-1033x1536.jpg 1033w, https:\/\/elmetropolitano.com.gt\/es\/wp-content\/uploads\/2025\/12\/605503546_1558248721951231_4351884893789774046_n.jpg 1196w\" sizes=\"auto, (max-width: 688px) 100vw, 688px\" \/><\/figure>\n\n\n\n<figure class=\"wp-block-image size-large\"><img loading=\"lazy\" decoding=\"async\" width=\"768\" height=\"1024\" data-id=\"119469\" src=\"https:\/\/elmetropolitano.com.gt\/es\/wp-content\/uploads\/2025\/12\/605708649_1558248731951230_79093680593279051_n-768x1024.jpg\" alt=\"\" class=\"wp-image-119469\" srcset=\"https:\/\/elmetropolitano.com.gt\/es\/wp-content\/uploads\/2025\/12\/605708649_1558248731951230_79093680593279051_n-768x1024.jpg 768w, https:\/\/elmetropolitano.com.gt\/es\/wp-content\/uploads\/2025\/12\/605708649_1558248731951230_79093680593279051_n-225x300.jpg 225w, https:\/\/elmetropolitano.com.gt\/es\/wp-content\/uploads\/2025\/12\/605708649_1558248731951230_79093680593279051_n-1152x1536.jpg 1152w, https:\/\/elmetropolitano.com.gt\/es\/wp-content\/uploads\/2025\/12\/605708649_1558248731951230_79093680593279051_n.jpg 1200w\" sizes=\"auto, (max-width: 768px) 100vw, 768px\" \/><\/figure>\n\n\n\n<figure class=\"wp-block-image size-large\"><img loading=\"lazy\" decoding=\"async\" width=\"1024\" height=\"571\" data-id=\"119468\" src=\"https:\/\/elmetropolitano.com.gt\/es\/wp-content\/uploads\/2025\/12\/605989339_1558248705284566_9090243305213388372_n-1-1024x571.jpg\" alt=\"\" class=\"wp-image-119468\" srcset=\"https:\/\/elmetropolitano.com.gt\/es\/wp-content\/uploads\/2025\/12\/605989339_1558248705284566_9090243305213388372_n-1-1024x571.jpg 1024w, https:\/\/elmetropolitano.com.gt\/es\/wp-content\/uploads\/2025\/12\/605989339_1558248705284566_9090243305213388372_n-1-300x167.jpg 300w, https:\/\/elmetropolitano.com.gt\/es\/wp-content\/uploads\/2025\/12\/605989339_1558248705284566_9090243305213388372_n-1-768x428.jpg 768w, https:\/\/elmetropolitano.com.gt\/es\/wp-content\/uploads\/2025\/12\/605989339_1558248705284566_9090243305213388372_n-1.jpg 1125w\" sizes=\"auto, (max-width: 1024px) 100vw, 1024px\" \/><\/figure>\n<\/figure>\n","protected":false},"excerpt":{"rendered":"<p>La madrugada de hoy lunes se registr\u00f3 un incendio de gran intensidad en el mercado Municipal de Chiquimulilla, Santa Rosa, lo que gener\u00f3 momentos de tensi\u00f3n entre comerciantes y personas que se encontraban en el sector. Seg\u00fan informaci\u00f3n preliminar, las llamas consumieron varias estructuras, ocasionando importantes p\u00e9rdidas materiales y la r\u00e1pida propagaci\u00f3n del fuego provoc\u00f3 <a class=\"read-more\" href=\"https:\/\/elmetropolitano.com.gt\/es\/mercado-de-chiquimulilla-afectado-por-incendio-esta-madrugada\/\">Leer m\u00e1s<\/a><\/p>\n","protected":false},"author":1,"featured_media":119466,"comment_status":"open","ping_status":"closed","sticky":false,"template":"","format":"standard","meta":{"footnotes":""},"categories":[4],"tags":[13],"class_list":["post-119465","post","type-post","status-publish","format-standard","has-post-thumbnail","hentry","category-departamentales","tag-departamentales"],"_links":{"self":[{"href":"https:\/\/elmetropolitano.com.gt\/es\/wp-json\/wp\/v2\/posts\/119465","targetHints":{"allow":["GET"]}}],"collection":[{"href":"https:\/\/elmetropolitano.com.gt\/es\/wp-json\/wp\/v2\/posts"}],"about":[{"href":"https:\/\/elmetropolitano.com.gt\/es\/wp-json\/wp\/v2\/types\/post"}],"author":[{"embeddable":true,"href":"https:\/\/elmetropolitano.com.gt\/es\/wp-json\/wp\/v2\/users\/1"}],"replies":[{"embeddable":true,"href":"https:\/\/elmetropolitano.com.gt\/es\/wp-json\/wp\/v2\/comments?post=119465"}],"version-history":[{"count":1,"href":"https:\/\/elmetropolitano.com.gt\/es\/wp-json\/wp\/v2\/posts\/119465\/revisions"}],"predecessor-version":[{"id":119471,"href":"https:\/\/elmetropolitano.com.gt\/es\/wp-json\/wp\/v2\/posts\/119465\/revisions\/119471"}],"wp:featuredmedia":[{"embeddable":true,"href":"https:\/\/elmetropolitano.com.gt\/es\/wp-json\/wp\/v2\/media\/119466"}],"wp:attachment":[{"href":"https:\/\/elmetropolitano.com.gt\/es\/wp-json\/wp\/v2\/media?parent=119465"}],"wp:term":[{"taxonomy":"category","embeddable":true,"href":"https:\/\/elmetropolitano.com.gt\/es\/wp-json\/wp\/v2\/categories?post=119465"},{"taxonomy":"post_tag","embeddable":true,"href":"https:\/\/elmetropolitano.com.gt\/es\/wp-json\/wp\/v2\/tags?post=119465"}],"curies":[{"name":"wp","href":"https:\/\/api.w.org\/{rel}","templated":true}]}}