{"id":119549,"date":"2025-12-30T10:21:31","date_gmt":"2025-12-30T16:21:31","guid":{"rendered":"https:\/\/elmetropolitano.com.gt\/es\/?p=119549"},"modified":"2025-12-30T10:21:32","modified_gmt":"2025-12-30T16:21:32","slug":"ataque-armado-dentro-de-mercado-san-martin-deja-a-comerciante-fallecido","status":"publish","type":"post","link":"https:\/\/elmetropolitano.com.gt\/es\/ataque-armado-dentro-de-mercado-san-martin-deja-a-comerciante-fallecido\/","title":{"rendered":"Ataque armado dentro de mercado San Mart\u00edn, deja a comerciante fallecido"},"content":{"rendered":"\n<p>El comerciante Edwin Alfonso Sot de 37 a\u00f1os pierde la vida esta ma\u00f1ana de martes al recibir impactos de bala cuando instalaba su comercio en el interior del mercado San Mart\u00edn, zona 6 capitalina<\/p>\n\n\n\n<p>Una unidad de los Bomberos municipales trasladaron al hermano Giovanni Garc\u00eda, de 51 a\u00f1os, herido al hospital en estado delicado.<\/p><div class=\"elmet-contenido\" id=\"elmet-3080817170\"><div class=\"elmet-adlabel\">Anuncios<\/div><div style=\"margin-top: 20px;margin-right: 20px;margin-bottom: 20px;margin-left: 20px;\" id=\"elmet-188777986\"><a href=\"https:\/\/www.facebook.com\/arrincuanantigua\/\" aria-label=\"cintillo-arrin-cual\"><img loading=\"lazy\" decoding=\"async\" src=\"https:\/\/elmetropolitano.com.gt\/es\/wp-content\/uploads\/2021\/11\/cintillo-arrin-cual-1.jpg\" alt=\"\"  srcset=\"https:\/\/elmetropolitano.com.gt\/es\/wp-content\/uploads\/2021\/11\/cintillo-arrin-cual-1.jpg 750w, https:\/\/elmetropolitano.com.gt\/es\/wp-content\/uploads\/2021\/11\/cintillo-arrin-cual-1-300x36.jpg 300w, https:\/\/elmetropolitano.com.gt\/es\/wp-content\/uploads\/2021\/11\/cintillo-arrin-cual-1-600x72.jpg 600w\" sizes=\"(max-width: 750px) 100vw, 750px\" width=\"750\" height=\"90\"   \/><\/a><\/div><\/div>\n\n\n\n<p>Y la seguridad del mercado<\/p>\n\n\n\n<p>Este ataque evidencia que el gobierno municipal de Ricardo Qui\u00f1\u00f3nez del Partido Unionista no brinda la seguridad necesaria a los mercados de la ciudad capital por que si as\u00ed fuera estos hechos no sucedieran.<\/p>\n\n\n\n<p><a href=\"https:\/\/www.facebook.com\/hashtag\/violencia?__eep__=6&amp;__cft__[0]=AZYcveDMz94biMxhkubmBV2Tc1lsnQlL7godB56oNZJ3u8ad6LXCLH4bu8_iwJVJ2OqV2iaBXtm1O_sUOSHb2jFcwDbGagTF1RvfJvmQDC0_SrAp6Iy1TfazxOhf61gbjR3le_9CYUKjfs_BzbSNzGrG5wdSmk7ZFVdwnX1W0vBFm55srUMgEziTQj6HuTPijPE&amp;__tn__=*NK-R\">#Violencia<\/a><a href=\"https:\/\/www.facebook.com\/hashtag\/mercadosanmartin?__eep__=6&amp;__cft__[0]=AZYcveDMz94biMxhkubmBV2Tc1lsnQlL7godB56oNZJ3u8ad6LXCLH4bu8_iwJVJ2OqV2iaBXtm1O_sUOSHb2jFcwDbGagTF1RvfJvmQDC0_SrAp6Iy1TfazxOhf61gbjR3le_9CYUKjfs_BzbSNzGrG5wdSmk7ZFVdwnX1W0vBFm55srUMgEziTQj6HuTPijPE&amp;__tn__=*NK-R\">#MercadoSanMartin<\/a><a href=\"https:\/\/www.facebook.com\/hashtag\/metroredes?__eep__=6&amp;__cft__[0]=AZYcveDMz94biMxhkubmBV2Tc1lsnQlL7godB56oNZJ3u8ad6LXCLH4bu8_iwJVJ2OqV2iaBXtm1O_sUOSHb2jFcwDbGagTF1RvfJvmQDC0_SrAp6Iy1TfazxOhf61gbjR3le_9CYUKjfs_BzbSNzGrG5wdSmk7ZFVdwnX1W0vBFm55srUMgEziTQj6HuTPijPE&amp;__tn__=*NK-R\">#metroredes<\/a><\/p>\n","protected":false},"excerpt":{"rendered":"<p>El comerciante Edwin Alfonso Sot de 37 a\u00f1os pierde la vida esta ma\u00f1ana de martes al recibir impactos de bala cuando instalaba su comercio en el interior del mercado San Mart\u00edn, zona 6 capitalina Una unidad de los Bomberos municipales trasladaron al hermano Giovanni Garc\u00eda, de 51 a\u00f1os, herido al hospital en estado delicado. Y <a class=\"read-more\" href=\"https:\/\/elmetropolitano.com.gt\/es\/ataque-armado-dentro-de-mercado-san-martin-deja-a-comerciante-fallecido\/\">Leer m\u00e1s<\/a><\/p>\n","protected":false},"author":1,"featured_media":119550,"comment_status":"open","ping_status":"closed","sticky":false,"template":"","format":"standard","meta":{"footnotes":""},"categories":[89],"tags":[88],"class_list":["post-119549","post","type-post","status-publish","format-standard","has-post-thumbnail","hentry","category-metrosucesos","tag-metrosucesos"],"_links":{"self":[{"href":"https:\/\/elmetropolitano.com.gt\/es\/wp-json\/wp\/v2\/posts\/119549","targetHints":{"allow":["GET"]}}],"collection":[{"href":"https:\/\/elmetropolitano.com.gt\/es\/wp-json\/wp\/v2\/posts"}],"about":[{"href":"https:\/\/elmetropolitano.com.gt\/es\/wp-json\/wp\/v2\/types\/post"}],"author":[{"embeddable":true,"href":"https:\/\/elmetropolitano.com.gt\/es\/wp-json\/wp\/v2\/users\/1"}],"replies":[{"embeddable":true,"href":"https:\/\/elmetropolitano.com.gt\/es\/wp-json\/wp\/v2\/comments?post=119549"}],"version-history":[{"count":1,"href":"https:\/\/elmetropolitano.com.gt\/es\/wp-json\/wp\/v2\/posts\/119549\/revisions"}],"predecessor-version":[{"id":119551,"href":"https:\/\/elmetropolitano.com.gt\/es\/wp-json\/wp\/v2\/posts\/119549\/revisions\/119551"}],"wp:featuredmedia":[{"embeddable":true,"href":"https:\/\/elmetropolitano.com.gt\/es\/wp-json\/wp\/v2\/media\/119550"}],"wp:attachment":[{"href":"https:\/\/elmetropolitano.com.gt\/es\/wp-json\/wp\/v2\/media?parent=119549"}],"wp:term":[{"taxonomy":"category","embeddable":true,"href":"https:\/\/elmetropolitano.com.gt\/es\/wp-json\/wp\/v2\/categories?post=119549"},{"taxonomy":"post_tag","embeddable":true,"href":"https:\/\/elmetropolitano.com.gt\/es\/wp-json\/wp\/v2\/tags?post=119549"}],"curies":[{"name":"wp","href":"https:\/\/api.w.org\/{rel}","templated":true}]}}