{"id":119552,"date":"2025-12-30T10:29:27","date_gmt":"2025-12-30T16:29:27","guid":{"rendered":"https:\/\/elmetropolitano.com.gt\/es\/?p=119552"},"modified":"2025-12-30T10:29:28","modified_gmt":"2025-12-30T16:29:28","slug":"sat-informa-sobre-aumento-del-parque-vehicular-en-881-este-ano","status":"publish","type":"post","link":"https:\/\/elmetropolitano.com.gt\/es\/sat-informa-sobre-aumento-del-parque-vehicular-en-881-este-ano\/","title":{"rendered":"SAT informa sobre aumento del parque vehicular en 8:81% este a\u00f1o"},"content":{"rendered":"\n<p>Seg\u00fan los registros oficiales de la Superintendencia de Administraci\u00f3n Tributaria (SAT), el parque vehicular creci\u00f3 un 8.81% respecto al cierre del a\u00f1o 2024. Este aumento, se reflej\u00f3 principalmente en los veh\u00edculos de uso particular, motocicletas y comerciales.<\/p>\n\n\n\n<p>Por medio de un comunicado oficial, la SAT indic\u00f3:<\/p><div class=\"elmet-contenido\" id=\"elmet-2007593285\"><div class=\"elmet-adlabel\">Anuncios<\/div><div style=\"margin-top: 20px;margin-right: 20px;margin-bottom: 20px;margin-left: 20px;\" id=\"elmet-3595108746\"><a href=\"https:\/\/www.facebook.com\/arrincuanantigua\/\" aria-label=\"cintillo-arrin-cual\"><img loading=\"lazy\" decoding=\"async\" src=\"https:\/\/elmetropolitano.com.gt\/es\/wp-content\/uploads\/2021\/11\/cintillo-arrin-cual-1.jpg\" alt=\"\"  srcset=\"https:\/\/elmetropolitano.com.gt\/es\/wp-content\/uploads\/2021\/11\/cintillo-arrin-cual-1.jpg 750w, https:\/\/elmetropolitano.com.gt\/es\/wp-content\/uploads\/2021\/11\/cintillo-arrin-cual-1-300x36.jpg 300w, https:\/\/elmetropolitano.com.gt\/es\/wp-content\/uploads\/2021\/11\/cintillo-arrin-cual-1-600x72.jpg 600w\" sizes=\"(max-width: 750px) 100vw, 750px\" width=\"750\" height=\"90\"   \/><\/a><\/div><\/div>\n\n\n\n<p>La SAT se\u00f1ala que el parque vehicular creci\u00f3 un 8.81% en comparaci\u00f3n con el a\u00f1o 2024. Esto alcanza un total de 6 millones 329 mil 105 automotores registrados.<\/p>\n\n\n\n<p>Con ello, se evidencia el dinamismo en el parque vehicular a nivel nacional.<\/p>\n\n\n\n<p>Los datos<\/p>\n\n\n\n<p>La SAT inform\u00f3 que, del 1 de enero al 15 de diciembre del presente a\u00f1o, el aumento del parque vehicular de:<\/p>\n\n\n\n<p>veh\u00edculo particular: 2 millones 777 mil 956<\/p>\n\n\n\n<p>motocicleta: 3 millones 144 mil 299<\/p>\n\n\n\n<p>Comercial: 406 mil 850<\/p>\n\n\n\n<p>Para un total del parque vehicular de 6 millones 329 mil 105 de automotores.<\/p>\n\n\n\n<p>Los registros detallan que el crecimiento fue de 557 mil 597 autom\u00f3viles y motocicletas en el territorio nacional.<\/p>\n\n\n\n<p>Registro de datos del 2025 de la SAT.<\/p>\n\n\n\n<p>Registro de datos del 2025 de la SAT. \/ Foto: SAT.<\/p>\n\n\n\n<p>Registro de veh\u00edculos<\/p>\n\n\n\n<p>Desde agosto de 2025, la SAT implement\u00f3 la modernizaci\u00f3n del Registro Fiscal de Veh\u00edculos (RFV) Digital para simplificar los tr\u00e1mites vehiculares de los guatemaltecos.<\/p>\n\n\n\n<p>La primera fase fue el proceso de obtenci\u00f3n de placas para veh\u00edculos nuevos, cuyo procedimiento constaba de 13 pasos y hasta 30 d\u00edas de espera.<\/p>\n\n\n\n<p>Este tr\u00e1mite se redujo a 5 pasos desde Agencia Virtual con un proceso de 5 minutos, luego de los cuales el contribuyente puede recoger de manera inmediata sus distintivos en un punto de atenci\u00f3n de SAT.<\/p>\n\n\n\n<p>De esa cuenta m\u00e1s de 82 mil veh\u00edculos nuevos fueron inscritos en el nuevo RFV Digital, cuyos propietarios experimentaron la automatizaci\u00f3n de gestiones tributarias con atenci\u00f3n simple y en pocos minutos para el bienestar de los guatemaltecos.<\/p>\n\n\n\n<p>De este total, la SAT reporta 10 mil 86 en veh\u00edculo particular, 70 mil 565 en motocicletas y 2 mil 291 en comercial, para un total de 82 mil 942.<\/p>\n\n\n\n<p>Texto Brenda Larios<\/p>\n\n\n\n<p>#parquevehicular #SAT #metroredes <a href=\"http:\/\/www.elmetropolitano.com.gt\">www.elmetropolitano.com.gt<\/a> <a href=\"http:\/\/www.metroredes.com\">www.metroredes.com<\/a><\/p>\n","protected":false},"excerpt":{"rendered":"<p>Seg\u00fan los registros oficiales de la Superintendencia de Administraci\u00f3n Tributaria (SAT), el parque vehicular creci\u00f3 un 8.81% respecto al cierre del a\u00f1o 2024. Este aumento, se reflej\u00f3 principalmente en los veh\u00edculos de uso particular, motocicletas y comerciales. Por medio de un comunicado oficial, la SAT indic\u00f3: La SAT se\u00f1ala que el parque vehicular creci\u00f3 un <a class=\"read-more\" href=\"https:\/\/elmetropolitano.com.gt\/es\/sat-informa-sobre-aumento-del-parque-vehicular-en-881-este-ano\/\">Leer m\u00e1s<\/a><\/p>\n","protected":false},"author":1,"featured_media":119553,"comment_status":"open","ping_status":"closed","sticky":false,"template":"","format":"standard","meta":{"footnotes":""},"categories":[2],"tags":[12],"class_list":["post-119552","post","type-post","status-publish","format-standard","has-post-thumbnail","hentry","category-nacionales","tag-nacionales"],"_links":{"self":[{"href":"https:\/\/elmetropolitano.com.gt\/es\/wp-json\/wp\/v2\/posts\/119552","targetHints":{"allow":["GET"]}}],"collection":[{"href":"https:\/\/elmetropolitano.com.gt\/es\/wp-json\/wp\/v2\/posts"}],"about":[{"href":"https:\/\/elmetropolitano.com.gt\/es\/wp-json\/wp\/v2\/types\/post"}],"author":[{"embeddable":true,"href":"https:\/\/elmetropolitano.com.gt\/es\/wp-json\/wp\/v2\/users\/1"}],"replies":[{"embeddable":true,"href":"https:\/\/elmetropolitano.com.gt\/es\/wp-json\/wp\/v2\/comments?post=119552"}],"version-history":[{"count":1,"href":"https:\/\/elmetropolitano.com.gt\/es\/wp-json\/wp\/v2\/posts\/119552\/revisions"}],"predecessor-version":[{"id":119554,"href":"https:\/\/elmetropolitano.com.gt\/es\/wp-json\/wp\/v2\/posts\/119552\/revisions\/119554"}],"wp:featuredmedia":[{"embeddable":true,"href":"https:\/\/elmetropolitano.com.gt\/es\/wp-json\/wp\/v2\/media\/119553"}],"wp:attachment":[{"href":"https:\/\/elmetropolitano.com.gt\/es\/wp-json\/wp\/v2\/media?parent=119552"}],"wp:term":[{"taxonomy":"category","embeddable":true,"href":"https:\/\/elmetropolitano.com.gt\/es\/wp-json\/wp\/v2\/categories?post=119552"},{"taxonomy":"post_tag","embeddable":true,"href":"https:\/\/elmetropolitano.com.gt\/es\/wp-json\/wp\/v2\/tags?post=119552"}],"curies":[{"name":"wp","href":"https:\/\/api.w.org\/{rel}","templated":true}]}}