{"id":119560,"date":"2025-12-30T11:04:15","date_gmt":"2025-12-30T17:04:15","guid":{"rendered":"https:\/\/elmetropolitano.com.gt\/es\/?p=119560"},"modified":"2025-12-30T11:04:16","modified_gmt":"2025-12-30T17:04:16","slug":"estado-de-prevencion-mantiene-la-paz-y-seguridad-entre-nahuala-y-santa-catarina-ixtahuacan","status":"publish","type":"post","link":"https:\/\/elmetropolitano.com.gt\/es\/estado-de-prevencion-mantiene-la-paz-y-seguridad-entre-nahuala-y-santa-catarina-ixtahuacan\/","title":{"rendered":"Estado de prevenci\u00f3n mantiene la paz y seguridad entre Nahual\u00e1 y Santa Catarina Ixtahuac\u00e1n"},"content":{"rendered":"\n<p>Durante las \u00faltimas dos semanas, la presencia de las fuerzas de seguridad ha evitado nuevos hechos armados y han garantizado la paz y seguridad de la poblaci\u00f3n, respetando los derechos humanos y la dignidad de todos los guatemaltecos.<\/p>\n\n\n\n<p>Ante ello, autoridades del ministerio de la Defensa Nacional y de Gobernaci\u00f3n informaron sobre los resultados obtenidos durante el estado de prevenci\u00f3n declarado en las comunidades de Nahual\u00e1 y Santa Catarina Ixtahuac\u00e1n, departamento de Solol\u00e1, declarado el pasado 14 de diciembre por el Gobierno central.<\/p><div class=\"elmet-contenido\" id=\"elmet-2111619275\"><div class=\"elmet-adlabel\">Anuncios<\/div><div style=\"margin-top: 20px;margin-right: 20px;margin-bottom: 20px;margin-left: 20px;\" id=\"elmet-3213278549\"><a href=\"https:\/\/www.facebook.com\/arrincuanantigua\/\" aria-label=\"cintillo-arrin-cual\"><img loading=\"lazy\" decoding=\"async\" src=\"https:\/\/elmetropolitano.com.gt\/es\/wp-content\/uploads\/2021\/11\/cintillo-arrin-cual-1.jpg\" alt=\"\"  srcset=\"https:\/\/elmetropolitano.com.gt\/es\/wp-content\/uploads\/2021\/11\/cintillo-arrin-cual-1.jpg 750w, https:\/\/elmetropolitano.com.gt\/es\/wp-content\/uploads\/2021\/11\/cintillo-arrin-cual-1-300x36.jpg 300w, https:\/\/elmetropolitano.com.gt\/es\/wp-content\/uploads\/2021\/11\/cintillo-arrin-cual-1-600x72.jpg 600w\" sizes=\"(max-width: 750px) 100vw, 750px\" width=\"750\" height=\"90\"   \/><\/a><\/div><\/div>\n\n\n\n<p>El Ministerio de la Defensa Nacional inform\u00f3 que los resultados obtenidos a partir del inicio del Estado de Prevenci\u00f3n son:<\/p>\n\n\n\n<p>No ha dado ninguna agresi\u00f3n por grupos armados ilegales en ninguna de las dos poblaciones Nahual\u00e1 y Santa Catarina Ixtahuac\u00e1n.<\/p>\n\n\n\n<p>Adem\u00e1s, se mantiene despejada la ruta Ca-1 beneficiando a la poblaci\u00f3n que circula y desarrolla sus actividades econ\u00f3micas y sociales. Y se ejecutan patrullas de reconocimiento a diferentes elevaciones para evitar agresi\u00f3n por grupos armados ilegales.<\/p>\n\n\n\n<p>Gobernaci\u00f3n<\/p>\n\n\n\n<p>En tanto, el Ministerio de Gobernaci\u00f3n inform\u00f3 que a\u00fan se tiene el control del lugar, evitando as\u00ed que las comunidades se agredan. Adem\u00e1s, informaron que se realizan las siguientes acciones:<\/p>\n\n\n\n<p>Asegurado el libre tr\u00e1nsito de la ruta hacia occidente<\/p>\n\n\n\n<p>Presencia en el lugar para desarticular a los grupos de delincuencia organizada e incautar el armamento que poseen.<\/p>\n\n\n\n<p>Se ha recuperado la mayor\u00eda de las armas que fueron sustra\u00eddas de la Estaci\u00f3n de Polic\u00eda de Nahual\u00e1.<\/p>\n\n\n\n<p>El Decreto Gubernativo 1-2025, fue publicado en el diario oficial por medio del que se ordena el Estado de Prevenci\u00f3n en estas localidades.<\/p>\n\n\n\n<p>La Ley de Orden P\u00fablico permite al Ejecutivo decretar el estado de prevenci\u00f3n. No se necesita aprobaci\u00f3n del Congreso y su vigencia no podr\u00e1 decretarse por m\u00e1s de 15 d\u00edas.<\/p>\n\n\n\n<p>Ampliaci\u00f3n<\/p>\n\n\n\n<p>Este martes, el presidente Bernardo Ar\u00e9valo inform\u00f3 que se ampli\u00f3 a 15 d\u00edas m\u00e1s el Estado de Prevenci\u00f3n, en Nahual\u00e1 y Santa Catarina Ixtahuac\u00e1n, con el fin de prevenir acciones que generen una perturbaci\u00f3n grave de la paz y actividades de seguridad del Estado.<\/p>\n\n\n\n<p>El nuevo estado de prevenci\u00f3n tambi\u00e9n se declara, seg\u00fan el decreto gubernativo 2-2025 publicado este martes 30 de diciembre en el diario oficial, detallando:<\/p>\n\n\n\n<p>Es necesario adoptar, con car\u00e1cter urgente, las medidas pertinentes a efecto de restablecer y garantizar la vida de los habitantes y autoridades de los referidos municipios.<\/p>\n\n\n\n<p>Finalmente, el Decreto Gubernativo tambi\u00e9n ordena que es el mismo se traduzca de acuerdo con la comunidad o regi\u00f3n ling\u00fc\u00edstica para su comunicaci\u00f3n y publicidad en el territorio declarado en estado de prevenci\u00f3n.<\/p>\n\n\n\n<p>Texto Brenda Larios<\/p>\n\n\n\n<p>#Nahual\u00e1-Ixtahuaca #estadodeprevencion #metroredes <a href=\"http:\/\/www.elmetropolitano.com.gt\">www.elmetropolitano.com.gt<\/a> <a href=\"http:\/\/www.metroredes.com\">www.metroredes.com<\/a><\/p>\n\n\n\n<figure class=\"wp-block-gallery has-nested-images columns-default is-cropped wp-block-gallery-1 is-layout-flex wp-block-gallery-is-layout-flex\">\n<figure class=\"wp-block-image size-large\"><img loading=\"lazy\" decoding=\"async\" width=\"750\" height=\"375\" data-id=\"119563\" src=\"https:\/\/elmetropolitano.com.gt\/es\/wp-content\/uploads\/2025\/12\/G9X9t-qWsAAJZtJ-750x375-2.jpeg\" alt=\"\" class=\"wp-image-119563\" srcset=\"https:\/\/elmetropolitano.com.gt\/es\/wp-content\/uploads\/2025\/12\/G9X9t-qWsAAJZtJ-750x375-2.jpeg 750w, https:\/\/elmetropolitano.com.gt\/es\/wp-content\/uploads\/2025\/12\/G9X9t-qWsAAJZtJ-750x375-2-300x150.jpeg 300w\" sizes=\"auto, (max-width: 750px) 100vw, 750px\" \/><\/figure>\n\n\n\n<figure class=\"wp-block-image size-large\"><img loading=\"lazy\" decoding=\"async\" width=\"679\" height=\"453\" data-id=\"119562\" src=\"https:\/\/elmetropolitano.com.gt\/es\/wp-content\/uploads\/2025\/12\/G9YCmm7XUAAawQB.jpg\" alt=\"\" class=\"wp-image-119562\" srcset=\"https:\/\/elmetropolitano.com.gt\/es\/wp-content\/uploads\/2025\/12\/G9YCmm7XUAAawQB.jpg 679w, https:\/\/elmetropolitano.com.gt\/es\/wp-content\/uploads\/2025\/12\/G9YCmm7XUAAawQB-300x200.jpg 300w\" sizes=\"auto, (max-width: 679px) 100vw, 679px\" \/><\/figure>\n<\/figure>\n","protected":false},"excerpt":{"rendered":"<p>Durante las \u00faltimas dos semanas, la presencia de las fuerzas de seguridad ha evitado nuevos hechos armados y han garantizado la paz y seguridad de la poblaci\u00f3n, respetando los derechos humanos y la dignidad de todos los guatemaltecos. Ante ello, autoridades del ministerio de la Defensa Nacional y de Gobernaci\u00f3n informaron sobre los resultados obtenidos <a class=\"read-more\" href=\"https:\/\/elmetropolitano.com.gt\/es\/estado-de-prevencion-mantiene-la-paz-y-seguridad-entre-nahuala-y-santa-catarina-ixtahuacan\/\">Leer m\u00e1s<\/a><\/p>\n","protected":false},"author":1,"featured_media":119561,"comment_status":"open","ping_status":"closed","sticky":false,"template":"","format":"standard","meta":{"footnotes":""},"categories":[4],"tags":[13],"class_list":["post-119560","post","type-post","status-publish","format-standard","has-post-thumbnail","hentry","category-departamentales","tag-departamentales"],"_links":{"self":[{"href":"https:\/\/elmetropolitano.com.gt\/es\/wp-json\/wp\/v2\/posts\/119560","targetHints":{"allow":["GET"]}}],"collection":[{"href":"https:\/\/elmetropolitano.com.gt\/es\/wp-json\/wp\/v2\/posts"}],"about":[{"href":"https:\/\/elmetropolitano.com.gt\/es\/wp-json\/wp\/v2\/types\/post"}],"author":[{"embeddable":true,"href":"https:\/\/elmetropolitano.com.gt\/es\/wp-json\/wp\/v2\/users\/1"}],"replies":[{"embeddable":true,"href":"https:\/\/elmetropolitano.com.gt\/es\/wp-json\/wp\/v2\/comments?post=119560"}],"version-history":[{"count":1,"href":"https:\/\/elmetropolitano.com.gt\/es\/wp-json\/wp\/v2\/posts\/119560\/revisions"}],"predecessor-version":[{"id":119564,"href":"https:\/\/elmetropolitano.com.gt\/es\/wp-json\/wp\/v2\/posts\/119560\/revisions\/119564"}],"wp:featuredmedia":[{"embeddable":true,"href":"https:\/\/elmetropolitano.com.gt\/es\/wp-json\/wp\/v2\/media\/119561"}],"wp:attachment":[{"href":"https:\/\/elmetropolitano.com.gt\/es\/wp-json\/wp\/v2\/media?parent=119560"}],"wp:term":[{"taxonomy":"category","embeddable":true,"href":"https:\/\/elmetropolitano.com.gt\/es\/wp-json\/wp\/v2\/categories?post=119560"},{"taxonomy":"post_tag","embeddable":true,"href":"https:\/\/elmetropolitano.com.gt\/es\/wp-json\/wp\/v2\/tags?post=119560"}],"curies":[{"name":"wp","href":"https:\/\/api.w.org\/{rel}","templated":true}]}}