{"id":119565,"date":"2025-12-30T11:10:49","date_gmt":"2025-12-30T17:10:49","guid":{"rendered":"https:\/\/elmetropolitano.com.gt\/es\/?p=119565"},"modified":"2025-12-30T11:10:50","modified_gmt":"2025-12-30T17:10:50","slug":"conred-mantiene-activos-cinco-albergues-para-atencion-durante-la-epoca-fria","status":"publish","type":"post","link":"https:\/\/elmetropolitano.com.gt\/es\/conred-mantiene-activos-cinco-albergues-para-atencion-durante-la-epoca-fria\/","title":{"rendered":"Conred mantiene activos cinco albergues para atenci\u00f3n durante la \u00e9poca fr\u00eda"},"content":{"rendered":"\n<p>El Sistema de la Coordinadora Nacional para la Reducci\u00f3n de Desastres (Conred) inform\u00f3 que mantiene cinco albergues habilitados en distintos puntos del pa\u00eds para brindar resguardo a la poblaci\u00f3n afectada por las bajas temperaturas de la \u00e9poca fr\u00eda actual.<\/p>\n\n\n\n<p>Estos espacios se encuentran en los departamentos de Totonicap\u00e1n, Quetzaltenango, Alta Verapaz, Huehuetenango y Guatemala, en donde 16 personas se refugian desde las \u00faltimas 24 horas.<\/p><div class=\"elmet-contenido\" id=\"elmet-462580577\"><div class=\"elmet-adlabel\">Anuncios<\/div><div style=\"margin-top: 20px;margin-right: 20px;margin-bottom: 20px;margin-left: 20px;\" id=\"elmet-1147474107\"><a href=\"https:\/\/www.facebook.com\/arrincuanantigua\/\" aria-label=\"cintillo-arrin-cual\"><img loading=\"lazy\" decoding=\"async\" src=\"https:\/\/elmetropolitano.com.gt\/es\/wp-content\/uploads\/2021\/11\/cintillo-arrin-cual-1.jpg\" alt=\"\"  srcset=\"https:\/\/elmetropolitano.com.gt\/es\/wp-content\/uploads\/2021\/11\/cintillo-arrin-cual-1.jpg 750w, https:\/\/elmetropolitano.com.gt\/es\/wp-content\/uploads\/2021\/11\/cintillo-arrin-cual-1-300x36.jpg 300w, https:\/\/elmetropolitano.com.gt\/es\/wp-content\/uploads\/2021\/11\/cintillo-arrin-cual-1-600x72.jpg 600w\" sizes=\"(max-width: 750px) 100vw, 750px\" width=\"750\" height=\"90\"   \/><\/a><\/div><\/div>\n\n\n\n<p>De esta manera, los albergues operan en cumplimiento de la Funci\u00f3n 13 del Plan Nacional de Respuesta, y atienden a la poblaci\u00f3n de 6:00 de la tarde a 6:00 de la ma\u00f1ana del d\u00eda siguiente. Adem\u00e1s, se aplican medidas de control y seguridad, entre ellas la prohibici\u00f3n del ingreso de personas bajo efectos de alcohol o estupefacientes, con el fin de proteger la integridad de todos los asistentes.<\/p>\n\n\n\n<p>Emergencias atendidas por la \u00e9poca fr\u00eda<\/p>\n\n\n\n<p>Seg\u00fan el reporte actualizado al 29 de diciembre, el Sistema Conred ha atendido 138 emergencias asociadas a las condiciones clim\u00e1ticas recientes, incluyendo ca\u00edda de \u00e1rboles, inundaciones y deslizamientos en diferentes regiones del pa\u00eds.<\/p>\n\n\n\n<p>A ra\u00edz de estos eventos, se contabilizan m\u00e1s de 10 mil 900 personas afectadas, lo que refleja el impacto de la temporada de fr\u00edo, que ha tra\u00eddo consigo lluvias, vientos fuertes y descenso de temperaturas, especialmente en los departamentos del occidente y altiplano.<\/p>\n\n\n\n<p>Recomendaciones a la poblaci\u00f3n<\/p>\n\n\n\n<p>Por su parte, Se-Conred reiter\u00f3 su llamado a la poblaci\u00f3n para abrigarse adecuadamente, evitar exponerse al fr\u00edo prolongado y prestar especial atenci\u00f3n a ni\u00f1os, adultos mayores y mascotas, quienes son los m\u00e1s vulnerables ante las bajas temperaturas.<\/p>\n\n\n\n<p>Asimismo, se insta a la ciudadan\u00eda a reportar a cualquier persona en situaci\u00f3n de calle o en riesgo para su traslado a un albergue, comunic\u00e1ndose al tel\u00e9fono 119 de la Conred.<\/p>\n\n\n\n<p>Con estas acciones, el Sistema Conred busca proteger la vida y el bienestar de los guatemaltecos durante la actual temporada clim\u00e1tica, fortaleciendo la respuesta coordinada y solidaria ante las emergencias, as\u00ed como priorizar la prevenci\u00f3n.<\/p>\n\n\n\n<p>Texto Brenda Larios<\/p>\n\n\n\n<p>#Albergues #\u00e9pocafria #metroredes <a href=\"http:\/\/www.elmetropolitano.com.gt\">www.elmetropolitano.com.gt<\/a> <a href=\"http:\/\/www.metroredes.com\">www.metroredes.com<\/a><\/p>\n","protected":false},"excerpt":{"rendered":"<p>El Sistema de la Coordinadora Nacional para la Reducci\u00f3n de Desastres (Conred) inform\u00f3 que mantiene cinco albergues habilitados en distintos puntos del pa\u00eds para brindar resguardo a la poblaci\u00f3n afectada por las bajas temperaturas de la \u00e9poca fr\u00eda actual. Estos espacios se encuentran en los departamentos de Totonicap\u00e1n, Quetzaltenango, Alta Verapaz, Huehuetenango y Guatemala, en <a class=\"read-more\" href=\"https:\/\/elmetropolitano.com.gt\/es\/conred-mantiene-activos-cinco-albergues-para-atencion-durante-la-epoca-fria\/\">Leer m\u00e1s<\/a><\/p>\n","protected":false},"author":1,"featured_media":119566,"comment_status":"open","ping_status":"closed","sticky":false,"template":"","format":"standard","meta":{"footnotes":""},"categories":[2],"tags":[12],"class_list":["post-119565","post","type-post","status-publish","format-standard","has-post-thumbnail","hentry","category-nacionales","tag-nacionales"],"_links":{"self":[{"href":"https:\/\/elmetropolitano.com.gt\/es\/wp-json\/wp\/v2\/posts\/119565","targetHints":{"allow":["GET"]}}],"collection":[{"href":"https:\/\/elmetropolitano.com.gt\/es\/wp-json\/wp\/v2\/posts"}],"about":[{"href":"https:\/\/elmetropolitano.com.gt\/es\/wp-json\/wp\/v2\/types\/post"}],"author":[{"embeddable":true,"href":"https:\/\/elmetropolitano.com.gt\/es\/wp-json\/wp\/v2\/users\/1"}],"replies":[{"embeddable":true,"href":"https:\/\/elmetropolitano.com.gt\/es\/wp-json\/wp\/v2\/comments?post=119565"}],"version-history":[{"count":1,"href":"https:\/\/elmetropolitano.com.gt\/es\/wp-json\/wp\/v2\/posts\/119565\/revisions"}],"predecessor-version":[{"id":119567,"href":"https:\/\/elmetropolitano.com.gt\/es\/wp-json\/wp\/v2\/posts\/119565\/revisions\/119567"}],"wp:featuredmedia":[{"embeddable":true,"href":"https:\/\/elmetropolitano.com.gt\/es\/wp-json\/wp\/v2\/media\/119566"}],"wp:attachment":[{"href":"https:\/\/elmetropolitano.com.gt\/es\/wp-json\/wp\/v2\/media?parent=119565"}],"wp:term":[{"taxonomy":"category","embeddable":true,"href":"https:\/\/elmetropolitano.com.gt\/es\/wp-json\/wp\/v2\/categories?post=119565"},{"taxonomy":"post_tag","embeddable":true,"href":"https:\/\/elmetropolitano.com.gt\/es\/wp-json\/wp\/v2\/tags?post=119565"}],"curies":[{"name":"wp","href":"https:\/\/api.w.org\/{rel}","templated":true}]}}