{"id":119596,"date":"2025-12-30T21:24:46","date_gmt":"2025-12-31T03:24:46","guid":{"rendered":"https:\/\/elmetropolitano.com.gt\/es\/?p=119596"},"modified":"2025-12-30T21:24:47","modified_gmt":"2025-12-31T03:24:47","slug":"cc-suspende-vigencia-del-presupuesto-2026","status":"publish","type":"post","link":"https:\/\/elmetropolitano.com.gt\/es\/cc-suspende-vigencia-del-presupuesto-2026\/","title":{"rendered":"CC suspende vigencia del Presupuesto 2026"},"content":{"rendered":"\n<p>Los magistrados de la Corte de Constitucionalidad CC resolvieron inconstitucionalidades en contra del Presupuesto del Estado 2026 y deja en suspenso su aprobaci\u00f3n, por lo cual el mismo no entrar\u00e1 en vigencia este 01 de enero y el Ejecutivo deber\u00e1 utilizar el mismo Presupuesto asignado de 2025.<\/p>\n\n\n\n<p><a href=\"https:\/\/www.facebook.com\/hashtag\/cortedeconstitucionalidad?__eep__=6&amp;__cft__[0]=AZZ1NWhtLeJiMGXNus1BCRUG0uzx0oOD8KWCUAJokPugqzj7rzZr7oIv6wQwA0PY5TameuYI5EMuGFJGHBFGS78do_fQAZvIGYt8yyybJYVsBYzAdKEpMtKW_NgiFmVV5732gfC-g60zZONEAX58cBFM2jvUDHzLDXHU6WBwbgYBrNBo5e8QgtOnweDY249SZnE&amp;__tn__=*NK-R\">#CortedeConstitucionalidad<\/a><a href=\"https:\/\/www.facebook.com\/hashtag\/ejecutivo?__eep__=6&amp;__cft__[0]=AZZ1NWhtLeJiMGXNus1BCRUG0uzx0oOD8KWCUAJokPugqzj7rzZr7oIv6wQwA0PY5TameuYI5EMuGFJGHBFGS78do_fQAZvIGYt8yyybJYVsBYzAdKEpMtKW_NgiFmVV5732gfC-g60zZONEAX58cBFM2jvUDHzLDXHU6WBwbgYBrNBo5e8QgtOnweDY249SZnE&amp;__tn__=*NK-R\">#Ejecutivo<\/a><a href=\"https:\/\/www.facebook.com\/hashtag\/presupuesto2025?__eep__=6&amp;__cft__[0]=AZZ1NWhtLeJiMGXNus1BCRUG0uzx0oOD8KWCUAJokPugqzj7rzZr7oIv6wQwA0PY5TameuYI5EMuGFJGHBFGS78do_fQAZvIGYt8yyybJYVsBYzAdKEpMtKW_NgiFmVV5732gfC-g60zZONEAX58cBFM2jvUDHzLDXHU6WBwbgYBrNBo5e8QgtOnweDY249SZnE&amp;__tn__=*NK-R\">#Presupuesto2025<\/a><\/p><div class=\"elmet-contenido\" id=\"elmet-1574672859\"><div class=\"elmet-adlabel\">Anuncios<\/div><div style=\"margin-top: 20px;margin-right: 20px;margin-bottom: 20px;margin-left: 20px;\" id=\"elmet-3424061982\"><a href=\"https:\/\/www.facebook.com\/arrincuanantigua\/\" aria-label=\"cintillo-arrin-cual\"><img loading=\"lazy\" decoding=\"async\" src=\"https:\/\/elmetropolitano.com.gt\/es\/wp-content\/uploads\/2021\/11\/cintillo-arrin-cual-1.jpg\" alt=\"\"  srcset=\"https:\/\/elmetropolitano.com.gt\/es\/wp-content\/uploads\/2021\/11\/cintillo-arrin-cual-1.jpg 750w, https:\/\/elmetropolitano.com.gt\/es\/wp-content\/uploads\/2021\/11\/cintillo-arrin-cual-1-300x36.jpg 300w, https:\/\/elmetropolitano.com.gt\/es\/wp-content\/uploads\/2021\/11\/cintillo-arrin-cual-1-600x72.jpg 600w\" sizes=\"(max-width: 750px) 100vw, 750px\" width=\"750\" height=\"90\"   \/><\/a><\/div><\/div>\n\n\n\n<figure class=\"wp-block-gallery has-nested-images columns-default is-cropped wp-block-gallery-1 is-layout-flex wp-block-gallery-is-layout-flex\">\n<figure class=\"wp-block-image size-large\"><img loading=\"lazy\" decoding=\"async\" width=\"781\" height=\"1024\" data-id=\"119598\" src=\"https:\/\/elmetropolitano.com.gt\/es\/wp-content\/uploads\/2025\/12\/607961094_1422432423216170_3515216506450121990_n-1-781x1024.jpg\" alt=\"\" class=\"wp-image-119598\" srcset=\"https:\/\/elmetropolitano.com.gt\/es\/wp-content\/uploads\/2025\/12\/607961094_1422432423216170_3515216506450121990_n-1-781x1024.jpg 781w, https:\/\/elmetropolitano.com.gt\/es\/wp-content\/uploads\/2025\/12\/607961094_1422432423216170_3515216506450121990_n-1-229x300.jpg 229w, https:\/\/elmetropolitano.com.gt\/es\/wp-content\/uploads\/2025\/12\/607961094_1422432423216170_3515216506450121990_n-1-768x1007.jpg 768w, https:\/\/elmetropolitano.com.gt\/es\/wp-content\/uploads\/2025\/12\/607961094_1422432423216170_3515216506450121990_n-1.jpg 1149w\" sizes=\"auto, (max-width: 781px) 100vw, 781px\" \/><\/figure>\n<\/figure>\n","protected":false},"excerpt":{"rendered":"<p>Los magistrados de la Corte de Constitucionalidad CC resolvieron inconstitucionalidades en contra del Presupuesto del Estado 2026 y deja en suspenso su aprobaci\u00f3n, por lo cual el mismo no entrar\u00e1 en vigencia este 01 de enero y el Ejecutivo deber\u00e1 utilizar el mismo Presupuesto asignado de 2025. #CortedeConstitucionalidad#Ejecutivo#Presupuesto2025<\/p>\n","protected":false},"author":1,"featured_media":119597,"comment_status":"open","ping_status":"closed","sticky":false,"template":"","format":"standard","meta":{"footnotes":""},"categories":[2],"tags":[12],"class_list":["post-119596","post","type-post","status-publish","format-standard","has-post-thumbnail","hentry","category-nacionales","tag-nacionales"],"_links":{"self":[{"href":"https:\/\/elmetropolitano.com.gt\/es\/wp-json\/wp\/v2\/posts\/119596","targetHints":{"allow":["GET"]}}],"collection":[{"href":"https:\/\/elmetropolitano.com.gt\/es\/wp-json\/wp\/v2\/posts"}],"about":[{"href":"https:\/\/elmetropolitano.com.gt\/es\/wp-json\/wp\/v2\/types\/post"}],"author":[{"embeddable":true,"href":"https:\/\/elmetropolitano.com.gt\/es\/wp-json\/wp\/v2\/users\/1"}],"replies":[{"embeddable":true,"href":"https:\/\/elmetropolitano.com.gt\/es\/wp-json\/wp\/v2\/comments?post=119596"}],"version-history":[{"count":1,"href":"https:\/\/elmetropolitano.com.gt\/es\/wp-json\/wp\/v2\/posts\/119596\/revisions"}],"predecessor-version":[{"id":119599,"href":"https:\/\/elmetropolitano.com.gt\/es\/wp-json\/wp\/v2\/posts\/119596\/revisions\/119599"}],"wp:featuredmedia":[{"embeddable":true,"href":"https:\/\/elmetropolitano.com.gt\/es\/wp-json\/wp\/v2\/media\/119597"}],"wp:attachment":[{"href":"https:\/\/elmetropolitano.com.gt\/es\/wp-json\/wp\/v2\/media?parent=119596"}],"wp:term":[{"taxonomy":"category","embeddable":true,"href":"https:\/\/elmetropolitano.com.gt\/es\/wp-json\/wp\/v2\/categories?post=119596"},{"taxonomy":"post_tag","embeddable":true,"href":"https:\/\/elmetropolitano.com.gt\/es\/wp-json\/wp\/v2\/tags?post=119596"}],"curies":[{"name":"wp","href":"https:\/\/api.w.org\/{rel}","templated":true}]}}