{"id":119600,"date":"2025-12-30T21:26:54","date_gmt":"2025-12-31T03:26:54","guid":{"rendered":"https:\/\/elmetropolitano.com.gt\/es\/?p=119600"},"modified":"2025-12-30T21:26:55","modified_gmt":"2025-12-31T03:26:55","slug":"ante-la-decision-de-la-cc-el-gobierno-buscara-un-reajuste-presupuestario-y-diputados-se-quedan-sin-su-pinata","status":"publish","type":"post","link":"https:\/\/elmetropolitano.com.gt\/es\/ante-la-decision-de-la-cc-el-gobierno-buscara-un-reajuste-presupuestario-y-diputados-se-quedan-sin-su-pinata\/","title":{"rendered":"Ante la decisi\u00f3n de la CC, el Gobierno buscar\u00e1 un reajuste presupuestario y diputados se quedan sin su \u201cpi\u00f1ata\u201d"},"content":{"rendered":"\n<p><a><\/a>Luego de la decisi\u00f3n de la Corte de Constitucionalidad CC de suspender el presupuesto de 2026, el Gobierno de Bernardo Ar\u00e9valo anunci\u00f3 por medio de un comunicado de prensa que buscar\u00e1 un reajuste presupuestario \u201cpara adecuarlo a los desaf\u00edos econ\u00f3micos, sociales e institucionales propios del 2026\u201d. Pero los grandes perdedores son los diputados del Congreso de la Rep\u00fablica quienes se quedaron sin \u201cpi\u00f1ata\u201d y no podr\u00e1n disfrutar de sus dulces.<\/p>\n\n\n\n<p>Los magistrados de la Corte de Constitucionalidad CC sesion\u00f3 la tarde de este 30 de diciembre y tomaron la decisi\u00f3n de otorgar un amparo que suspende la entrada en vigencia del Presupuesto General de Ingresos y Egresos de la Naci\u00f3n 2026 con cuatro votos a favor y uno disidente, por lo que quedar\u00e1 vigente el presupuesto actual.<\/p><div class=\"elmet-contenido\" id=\"elmet-3686768689\"><div class=\"elmet-adlabel\">Anuncios<\/div><div style=\"margin-top: 20px;margin-right: 20px;margin-bottom: 20px;margin-left: 20px;\" id=\"elmet-3268905867\"><a href=\"https:\/\/www.facebook.com\/arrincuanantigua\/\" aria-label=\"cintillo-arrin-cual\"><img loading=\"lazy\" decoding=\"async\" src=\"https:\/\/elmetropolitano.com.gt\/es\/wp-content\/uploads\/2021\/11\/cintillo-arrin-cual-1.jpg\" alt=\"\"  srcset=\"https:\/\/elmetropolitano.com.gt\/es\/wp-content\/uploads\/2021\/11\/cintillo-arrin-cual-1.jpg 750w, https:\/\/elmetropolitano.com.gt\/es\/wp-content\/uploads\/2021\/11\/cintillo-arrin-cual-1-300x36.jpg 300w, https:\/\/elmetropolitano.com.gt\/es\/wp-content\/uploads\/2021\/11\/cintillo-arrin-cual-1-600x72.jpg 600w\" sizes=\"(max-width: 750px) 100vw, 750px\" width=\"750\" height=\"90\"   \/><\/a><\/div><\/div>\n\n\n\n<p>Ante ello, el Gobierno de Guatemala anunci\u00f3 que presentar\u00e1 una iniciativa de ley en enero de 2026 para buscar un reajuste presupuestario que permita cumplir los planes y \u201cadecuarlo a los desaf\u00edos econ\u00f3micos, sociales e institucionales propios del 2026\u201d.<\/p>\n\n\n\n<p>\u201cComo gobierno, trabajaremos en las v\u00edas necesarias que permitan que los recursos lleguen al pueblo de Guatemala. Por ello, se trabajar\u00e1 inicialmente en un reajuste presupuestario que garantice un presupuesto acorde a las necesidades de la poblaci\u00f3n\u201d, indica el comunicado oficial del Gobierno de Bernardo Ar\u00e9valo.<\/p>\n\n\n\n<p>El Gobierno de Guatemala explic\u00f3 que la decisi\u00f3n de la CC fue \u201caduciendo motivos de forma\u201d y que \u201cse actuar\u00e1 en el marco de la legalidad para cumplir sus compromisos con el pueblo de Guatemala\u201d.<\/p>\n\n\n\n<p>Gobierno garantiza continuidad de funcionamiento y servicios<\/p>\n\n\n\n<p>Adem\u00e1s de la decisi\u00f3n anunciada, el Gobierno explic\u00f3 que la Constituci\u00f3n de la Rep\u00fablica establece mecanismos para garantizar la continuidad del funcionamiento del Estado y los servicios con los que atiende a la ciudadan\u00eda.<\/p>\n\n\n\n<p>Esto es que, al no haber un nuevo presupuesto, se aplica el presupuesto anterior, lo que permite que todas las instituciones del Estado sigan operando.<\/p>\n\n\n\n<p>\u201cNuestro objetivo es claro: continuaremos llevando salud, seguridad, educaci\u00f3n y promoviendo m\u00e1s crecimiento econ\u00f3mico y m\u00e1s empleo, bases indispensables para el desarrollo y el bienestar de las y los guatemaltecos\u201d, enfatiza finalmente el comunicado.<\/p>\n\n\n\n<p>Diputados se quedan sin su \u201cPi\u00f1ata\u201d.<\/p>\n\n\n\n<p>La suspensi\u00f3n del Presupuesto es un duro golpe a los diputados del Congreso de la Rep\u00fablica que se repartieron el mismo como una \u201cPi\u00f1ata\u201d en beneficio de sus alcaldes con fines pol\u00edticos por lo que alcald\u00edas del Partido VALOR, CABAl y UNE fueron favorecidos con mayores recursos el que ser\u00edan manejado por los diputados quienes como es popular recibir\u00edan una \u201cJugosa Comisi\u00f3n\u201d por obras hechas pero ahora se quedaron sin los dulces de la Pi\u00f1ata.<\/p>\n\n\n\n<p>Pero alcaldes como Neto Bran en Mixco o Hugo Sarce\u00f1o en Puerto Barrios solo les hab\u00edan dado Q.500 mil que no les alcanzaba ni para perforar un pozo se agua y todo porque no se doblegaron a los diputados que solo buscaron su beneficio personal.<\/p>\n\n\n\n<p>Sin presupuesto 2026 los diputados del Congreso de la Republica no tienen que ofrecer a los alcaldes para que les apoyen en este a\u00f1o preelectoral.<\/p>\n\n\n\n<p><a href=\"https:\/\/www.facebook.com\/hashtag\/congresogt?__eep__=6&amp;__cft__[0]=AZYJsM3EBKVUZQQNrUPSSi2KyPFw4f-Cjsdw45H2PYYpicnYUqvzLcn8YKdWCfkDTozCmKjTeEiYMH4thLWwUhP2Iuq0jnM-VXMCwMym4nM0eB5Jsh4Z2jRU-LlafGzJCZHdkUEKmYq2YW52wElfUqbRYDetnP2Cz8MNfD7cUxEYTw&amp;__tn__=*NK-R\">#CongresoGT<\/a><a href=\"https:\/\/www.facebook.com\/hashtag\/metroredes?__eep__=6&amp;__cft__[0]=AZYJsM3EBKVUZQQNrUPSSi2KyPFw4f-Cjsdw45H2PYYpicnYUqvzLcn8YKdWCfkDTozCmKjTeEiYMH4thLWwUhP2Iuq0jnM-VXMCwMym4nM0eB5Jsh4Z2jRU-LlafGzJCZHdkUEKmYq2YW52wElfUqbRYDetnP2Cz8MNfD7cUxEYTw&amp;__tn__=*NK-R\">#metroredes<\/a><a href=\"https:\/\/www.facebook.com\/hashtag\/ccguatemala?__eep__=6&amp;__cft__[0]=AZYJsM3EBKVUZQQNrUPSSi2KyPFw4f-Cjsdw45H2PYYpicnYUqvzLcn8YKdWCfkDTozCmKjTeEiYMH4thLWwUhP2Iuq0jnM-VXMCwMym4nM0eB5Jsh4Z2jRU-LlafGzJCZHdkUEKmYq2YW52wElfUqbRYDetnP2Cz8MNfD7cUxEYTw&amp;__tn__=*NK-R\">#ccguatemala<\/a><a href=\"https:\/\/www.facebook.com\/hashtag\/presupuesto2026?__eep__=6&amp;__cft__[0]=AZYJsM3EBKVUZQQNrUPSSi2KyPFw4f-Cjsdw45H2PYYpicnYUqvzLcn8YKdWCfkDTozCmKjTeEiYMH4thLWwUhP2Iuq0jnM-VXMCwMym4nM0eB5Jsh4Z2jRU-LlafGzJCZHdkUEKmYq2YW52wElfUqbRYDetnP2Cz8MNfD7cUxEYTw&amp;__tn__=*NK-R\">#Presupuesto2026<\/a><a href=\"https:\/\/www.facebook.com\/hashtag\/golpealacorrupcion?__eep__=6&amp;__cft__[0]=AZYJsM3EBKVUZQQNrUPSSi2KyPFw4f-Cjsdw45H2PYYpicnYUqvzLcn8YKdWCfkDTozCmKjTeEiYMH4thLWwUhP2Iuq0jnM-VXMCwMym4nM0eB5Jsh4Z2jRU-LlafGzJCZHdkUEKmYq2YW52wElfUqbRYDetnP2Cz8MNfD7cUxEYTw&amp;__tn__=*NK-R\">#golpealacorrupcion<\/a><\/p>\n\n\n\n<p><a href=\"https:\/\/l.facebook.com\/l.php?u=http%3A%2F%2FWww.elmetropolitano.com.gt%2F%3Ffbclid%3DIwZXh0bgNhZW0CMTAAYnJpZBExSnJVbGc2MGIyNHVBcWYyMXNydGMGYXBwX2lkEDIyMjAzOTE3ODgyMDA4OTIAAR5Yz9rjokPDl4g5MGbnKFxLr_DZwWKAzbkU3kbVr1Fid-Q4HomfB34bl_8C-A_aem_SCl4I-EUTHbBTcgh7lZ8UQ&amp;h=AT342AQa8A2n2Q2U-iTjusFT6N_CQiSkIbdsVd0-DHOHDC9TRgfU-iQ64wUUZQ_Gk56A2_uJ56BYYfwiMg69FU0x7Qj4JQ0S8yjAE1R4CmRhtltOwH8ay4RJ7WaZelhCx4Uoy8qoa6t-znIL&amp;__tn__=-UK-R&amp;c[0]=AT2638Bacb-OU3ZcGK2FhAjGx8AP7uhfXq6lgMViA-8d_ksARuv1fsVYu_Kin0en5lVOB9kKynNyiTxG1xTn-nSUV8Na6hZzo4HmUF4FEoyz3RNG9OyO3Svn6Ha1qrr_ZXjMX2la2aoLx3RUMYubaSz8lz4LdWfl2uh6L6iljOnZw-g3Tt4UTbmPotVr9_Y\" rel=\"noreferrer noopener\" target=\"_blank\">Www.elmetropolitano.com.gt<\/a><a href=\"http:\/\/www.metroredes.com\/?fbclid=IwZXh0bgNhZW0CMTAAYnJpZBExSnJVbGc2MGIyNHVBcWYyMXNydGMGYXBwX2lkEDIyMjAzOTE3ODgyMDA4OTIAAR63KNAQXRz2Zi-pLyXZLsGugmUSuXRVfvaYtwlOOn_8_o8Pk7Kc7eg01cRCsA_aem_AoSZ4WwqglOzRAOaj0UUTQ\" rel=\"noreferrer noopener\" target=\"_blank\">Www.metroredes.com<\/a><a href=\"https:\/\/l.facebook.com\/l.php?u=http%3A%2F%2FWww.elescuintleco.com%2F%3Ffbclid%3DIwZXh0bgNhZW0CMTAAYnJpZBExSnJVbGc2MGIyNHVBcWYyMXNydGMGYXBwX2lkEDIyMjAzOTE3ODgyMDA4OTIAAR5aHISB-gDAuD4pO3LBzbDJ4V8W123aUScFsCMu2slbNstjcIIFNtJsuExHaw_aem_ajlJaRtnoobLCf1yylOJ6w&amp;h=AT0zk9qgZ4tHW0AElUDLbVVyxuFaBcR_6_b6n5i3TMUyBh8K3jEW9xADN1DEDixp5kgI3cc4mHySMl-MPleFrSGcUAnpR-0dZ8keQ7SDO4wn9X5hL8EcxHxl2XKttlLS3yEM1YkJ17l9DxqV&amp;__tn__=-UK-R&amp;c[0]=AT2638Bacb-OU3ZcGK2FhAjGx8AP7uhfXq6lgMViA-8d_ksARuv1fsVYu_Kin0en5lVOB9kKynNyiTxG1xTn-nSUV8Na6hZzo4HmUF4FEoyz3RNG9OyO3Svn6Ha1qrr_ZXjMX2la2aoLx3RUMYubaSz8lz4LdWfl2uh6L6iljOnZw-g3Tt4UTbmPotVr9_Y\" rel=\"noreferrer noopener\" target=\"_blank\">Www.elescuintleco.com<\/a><\/p>\n\n\n\n<figure class=\"wp-block-gallery has-nested-images columns-default is-cropped wp-block-gallery-1 is-layout-flex wp-block-gallery-is-layout-flex\">\n<figure class=\"wp-block-image size-large\"><img loading=\"lazy\" decoding=\"async\" width=\"792\" height=\"1024\" data-id=\"119605\" src=\"https:\/\/elmetropolitano.com.gt\/es\/wp-content\/uploads\/2025\/12\/605733877_1422511909874888_2026434143867111190_n-792x1024.jpg\" alt=\"\" class=\"wp-image-119605\" srcset=\"https:\/\/elmetropolitano.com.gt\/es\/wp-content\/uploads\/2025\/12\/605733877_1422511909874888_2026434143867111190_n-792x1024.jpg 792w, https:\/\/elmetropolitano.com.gt\/es\/wp-content\/uploads\/2025\/12\/605733877_1422511909874888_2026434143867111190_n-232x300.jpg 232w, https:\/\/elmetropolitano.com.gt\/es\/wp-content\/uploads\/2025\/12\/605733877_1422511909874888_2026434143867111190_n-768x994.jpg 768w, https:\/\/elmetropolitano.com.gt\/es\/wp-content\/uploads\/2025\/12\/605733877_1422511909874888_2026434143867111190_n-1187x1536.jpg 1187w, https:\/\/elmetropolitano.com.gt\/es\/wp-content\/uploads\/2025\/12\/605733877_1422511909874888_2026434143867111190_n.jpg 1583w\" sizes=\"auto, (max-width: 792px) 100vw, 792px\" \/><\/figure>\n\n\n\n<figure class=\"wp-block-image size-large\"><img loading=\"lazy\" decoding=\"async\" width=\"960\" height=\"960\" data-id=\"119603\" src=\"https:\/\/elmetropolitano.com.gt\/es\/wp-content\/uploads\/2025\/12\/607957553_1422501133209299_5188424349159167307_n.jpg\" alt=\"\" class=\"wp-image-119603\" srcset=\"https:\/\/elmetropolitano.com.gt\/es\/wp-content\/uploads\/2025\/12\/607957553_1422501133209299_5188424349159167307_n.jpg 960w, https:\/\/elmetropolitano.com.gt\/es\/wp-content\/uploads\/2025\/12\/607957553_1422501133209299_5188424349159167307_n-300x300.jpg 300w, https:\/\/elmetropolitano.com.gt\/es\/wp-content\/uploads\/2025\/12\/607957553_1422501133209299_5188424349159167307_n-150x150.jpg 150w, https:\/\/elmetropolitano.com.gt\/es\/wp-content\/uploads\/2025\/12\/607957553_1422501133209299_5188424349159167307_n-768x768.jpg 768w\" sizes=\"auto, (max-width: 960px) 100vw, 960px\" \/><\/figure>\n\n\n\n<figure class=\"wp-block-image size-large\"><img loading=\"lazy\" decoding=\"async\" width=\"750\" height=\"375\" data-id=\"119602\" src=\"https:\/\/elmetropolitano.com.gt\/es\/wp-content\/uploads\/2025\/12\/608096655_1422501079875971_4042333235872056926_n-1.jpg\" alt=\"\" class=\"wp-image-119602\" srcset=\"https:\/\/elmetropolitano.com.gt\/es\/wp-content\/uploads\/2025\/12\/608096655_1422501079875971_4042333235872056926_n-1.jpg 750w, https:\/\/elmetropolitano.com.gt\/es\/wp-content\/uploads\/2025\/12\/608096655_1422501079875971_4042333235872056926_n-1-300x150.jpg 300w\" sizes=\"auto, (max-width: 750px) 100vw, 750px\" \/><\/figure>\n\n\n\n<figure class=\"wp-block-image size-large\"><img loading=\"lazy\" decoding=\"async\" width=\"1024\" height=\"689\" data-id=\"119604\" src=\"https:\/\/elmetropolitano.com.gt\/es\/wp-content\/uploads\/2025\/12\/608420442_1422521986540547_5190797910600947110_n-1024x689.jpg\" alt=\"\" class=\"wp-image-119604\" srcset=\"https:\/\/elmetropolitano.com.gt\/es\/wp-content\/uploads\/2025\/12\/608420442_1422521986540547_5190797910600947110_n-1024x689.jpg 1024w, https:\/\/elmetropolitano.com.gt\/es\/wp-content\/uploads\/2025\/12\/608420442_1422521986540547_5190797910600947110_n-300x202.jpg 300w, https:\/\/elmetropolitano.com.gt\/es\/wp-content\/uploads\/2025\/12\/608420442_1422521986540547_5190797910600947110_n-768x517.jpg 768w, https:\/\/elmetropolitano.com.gt\/es\/wp-content\/uploads\/2025\/12\/608420442_1422521986540547_5190797910600947110_n.jpg 1223w\" sizes=\"auto, (max-width: 1024px) 100vw, 1024px\" \/><\/figure>\n<\/figure>\n","protected":false},"excerpt":{"rendered":"<p>Luego de la decisi\u00f3n de la Corte de Constitucionalidad CC de suspender el presupuesto de 2026, el Gobierno de Bernardo Ar\u00e9valo anunci\u00f3 por medio de un comunicado de prensa que buscar\u00e1 un reajuste presupuestario \u201cpara adecuarlo a los desaf\u00edos econ\u00f3micos, sociales e institucionales propios del 2026\u201d. Pero los grandes perdedores son los diputados del Congreso <a class=\"read-more\" href=\"https:\/\/elmetropolitano.com.gt\/es\/ante-la-decision-de-la-cc-el-gobierno-buscara-un-reajuste-presupuestario-y-diputados-se-quedan-sin-su-pinata\/\">Leer m\u00e1s<\/a><\/p>\n","protected":false},"author":1,"featured_media":119601,"comment_status":"open","ping_status":"closed","sticky":false,"template":"","format":"standard","meta":{"footnotes":""},"categories":[2],"tags":[12],"class_list":["post-119600","post","type-post","status-publish","format-standard","has-post-thumbnail","hentry","category-nacionales","tag-nacionales"],"_links":{"self":[{"href":"https:\/\/elmetropolitano.com.gt\/es\/wp-json\/wp\/v2\/posts\/119600","targetHints":{"allow":["GET"]}}],"collection":[{"href":"https:\/\/elmetropolitano.com.gt\/es\/wp-json\/wp\/v2\/posts"}],"about":[{"href":"https:\/\/elmetropolitano.com.gt\/es\/wp-json\/wp\/v2\/types\/post"}],"author":[{"embeddable":true,"href":"https:\/\/elmetropolitano.com.gt\/es\/wp-json\/wp\/v2\/users\/1"}],"replies":[{"embeddable":true,"href":"https:\/\/elmetropolitano.com.gt\/es\/wp-json\/wp\/v2\/comments?post=119600"}],"version-history":[{"count":1,"href":"https:\/\/elmetropolitano.com.gt\/es\/wp-json\/wp\/v2\/posts\/119600\/revisions"}],"predecessor-version":[{"id":119606,"href":"https:\/\/elmetropolitano.com.gt\/es\/wp-json\/wp\/v2\/posts\/119600\/revisions\/119606"}],"wp:featuredmedia":[{"embeddable":true,"href":"https:\/\/elmetropolitano.com.gt\/es\/wp-json\/wp\/v2\/media\/119601"}],"wp:attachment":[{"href":"https:\/\/elmetropolitano.com.gt\/es\/wp-json\/wp\/v2\/media?parent=119600"}],"wp:term":[{"taxonomy":"category","embeddable":true,"href":"https:\/\/elmetropolitano.com.gt\/es\/wp-json\/wp\/v2\/categories?post=119600"},{"taxonomy":"post_tag","embeddable":true,"href":"https:\/\/elmetropolitano.com.gt\/es\/wp-json\/wp\/v2\/tags?post=119600"}],"curies":[{"name":"wp","href":"https:\/\/api.w.org\/{rel}","templated":true}]}}