{"id":119615,"date":"2025-12-31T13:03:59","date_gmt":"2025-12-31T19:03:59","guid":{"rendered":"https:\/\/elmetropolitano.com.gt\/es\/?p=119615"},"modified":"2025-12-31T13:04:00","modified_gmt":"2025-12-31T19:04:00","slug":"guatemala-hace-historia-al-vender-bonos-de-carbono-y-beneficiara-a-230-mil-personas-que-cuidan-bosques","status":"publish","type":"post","link":"https:\/\/elmetropolitano.com.gt\/es\/guatemala-hace-historia-al-vender-bonos-de-carbono-y-beneficiara-a-230-mil-personas-que-cuidan-bosques\/","title":{"rendered":"Guatemala hace historia al vender bonos de carbono y beneficiar\u00e1 a 230 mil personas que cuidan bosques"},"content":{"rendered":"\n<p>El 2025 cierra con un hecho hist\u00f3rico, ya que Guatemala logr\u00f3 capturar 4.8 toneladas de di\u00f3xido de carbono y venderlos como bonos de carbono al Banco Mundial. Esto es el resultado del trabajo de entidades de gobierno y comunidades y organizaciones que han evitado la deforestaci\u00f3n, regenerado y recuperado bosques degradados.<\/p>\n\n\n\n<p>El primer pago del Programa de Reducci\u00f3n de Emisiones (PRE) marca un hito hist\u00f3rico para Guatemala, ya que de esta manera se convierte en el cuarto pa\u00eds en Am\u00e9rica Latina y del Caribe en acceder a un pago por resultados de REDD+, que es el mecanismo internacional que permite que los pa\u00edses reciban pagos o incentivos por reducir la deforestaci\u00f3n y la degradaci\u00f3n de los bosques<\/p><div class=\"elmet-contenido\" id=\"elmet-4219191078\"><div class=\"elmet-adlabel\">Anuncios<\/div><div style=\"margin-top: 20px;margin-right: 20px;margin-bottom: 20px;margin-left: 20px;\" id=\"elmet-381595453\"><a href=\"https:\/\/www.facebook.com\/arrincuanantigua\/\" aria-label=\"cintillo-arrin-cual\"><img loading=\"lazy\" decoding=\"async\" src=\"https:\/\/elmetropolitano.com.gt\/es\/wp-content\/uploads\/2021\/11\/cintillo-arrin-cual-1.jpg\" alt=\"\"  srcset=\"https:\/\/elmetropolitano.com.gt\/es\/wp-content\/uploads\/2021\/11\/cintillo-arrin-cual-1.jpg 750w, https:\/\/elmetropolitano.com.gt\/es\/wp-content\/uploads\/2021\/11\/cintillo-arrin-cual-1-300x36.jpg 300w, https:\/\/elmetropolitano.com.gt\/es\/wp-content\/uploads\/2021\/11\/cintillo-arrin-cual-1-600x72.jpg 600w\" sizes=\"(max-width: 750px) 100vw, 750px\" width=\"750\" height=\"90\"   \/><\/a><\/div><\/div>\n\n\n\n<p>En total, se pagaron 175 millones 418 mil 645 quetzales, beneficiando alrededor mil 15 proyectos conformados por 230 mil guatemaltecos de forma directa e indirecta, quienes manejan, protegen, conservan y recuperan los bosques del pa\u00eds.<\/p>\n\n\n\n<p>Adem\u00e1s del pago que recibir\u00e1n las comunidades, los esfuerzos por la preservaci\u00f3n de los bosques han generado m\u00e1s de 50 mil empleos hasta la fecha, con el potencial de generar m\u00e1s con la inversi\u00f3n que generar\u00e1 este primer pago.<\/p>\n\n\n\n<p>Las entidades de Gobierno relacionadas con este logro son el Ministerio de Agricultura, Ganader\u00eda y Alimentaci\u00f3n (MAGA), el Ministerio de Ambiente y Recursos Naturales (MARN), el Instituto Nacional de Bosques (Inab) y el Consejo Nacional de \u00c1reas Protegidas (Conap).<\/p>\n\n\n\n<p>Esfuerzo que inici\u00f3 hace 20 a\u00f1os se logr\u00f3 por el trabajo de 2025<\/p>\n\n\n\n<p>El proyecto en b\u00fasqueda de poder vender bonos de carbono inici\u00f3 hace m\u00e1s de 20 a\u00f1os con el trabajo de diversas comunidades que se han dedicado a cuidar y preservar bosques.<\/p>\n\n\n\n<p>Sin embargo, por casi dos d\u00e9cadas, el poco compromiso de las autoridades gubernamentales evit\u00f3 avances significativos en este proyecto.<\/p>\n\n\n\n<p>Pero, al inicio de la actual administraci\u00f3n de gobierno, el presidente Bernardo Ar\u00e9valo puso como una de las prioridades gubernamentales lograr que este proceso avanzara y se comprometi\u00f3 a lograr que el primer pago para las comunidades se consiguiera en 2025.<\/p>\n\n\n\n<p>De esta manera, el compromiso se cumpli\u00f3 pues en noviembre de este a\u00f1o se confirm\u00f3 la venta y el 30 de diciembre, el Ministerio de Finanzas inici\u00f3 el desembolso de los pagos para las comunidades.<\/p>\n\n\n\n<p>La ministra de Agricultura, Ganader\u00eda y Alimentaci\u00f3n (Maga), Mar\u00eda Fernanda Rivera, explica que este logro se consigui\u00f3 porque el Gobierno de Guatemala ha generado confianza en las instituciones internacionales, como el Banco Mundial en este caso, y por eso el pago, que va directamente a los proyectos que cuidan los bosques en el pa\u00eds, se hizo realidad.<\/p>\n\n\n\n<p>\u201cMuchas de estas organizaciones no hab\u00edan tenido un pago por el trabajo que hacen de preservar los bosques. Esto, adem\u00e1s, abre la puerta para nuevas operaciones de este tipo que reconocen el trabajo que hacen. Esto les da un ingreso que les ayuda a proteger los mismos bosques de incendios forestales y mantenerlos sanos\u201d, explic\u00f3 la ministra Rivera.<\/p>\n\n\n\n<p>Ministra de Ambiente considera que este logro beneficia a todo el pa\u00eds<\/p>\n\n\n\n<p>La ministra de Ambiente y Recursos Naturales (MARN), Patricia Orantes, explic\u00f3 que este logro beneficia al pa\u00eds de muchas maneras.<\/p>\n\n\n\n<p>\u201cEsto es un gana-gana-gana. Gan\u00f3 el clima, gan\u00f3 las personas que protegen los bosques y gan\u00f3 la econom\u00eda de Guatemala; la biodiversidad, el agua, los suelos de Guatemala y tambi\u00e9n se gana en prestigio a nivel internacional, pues sienta un precedente de que Guatemala ya puede medir y capturar el di\u00f3xido de carbono\u201d, explic\u00f3 la ministra Orantes.<\/p>\n\n\n\n<p>Adem\u00e1s, tambi\u00e9n explic\u00f3 c\u00f3mo el compromiso del actual gobierno permiti\u00f3 avanzar hasta lograr este pago que por 20 a\u00f1os no se consigui\u00f3.<\/p>\n\n\n\n<p>\u201cEl r\u00e9gimen de corrupci\u00f3n golpe\u00f3 por a\u00f1os estos esfuerzos y se hizo muy lento porque a los gobiernos no les interesaba. Pero, el presidente Ar\u00e9valo dijo esto va, porque va. Dijo tambi\u00e9n que ser\u00eda un regalo de Navidad para las organizaciones que cuidan y preservan bosques y as\u00ed fue\u201d, dijo la ministra Orantes.<\/p>\n\n\n\n<p>Como ejemplo del compromiso de la actual administraci\u00f3n, la ministra Orantes agreg\u00f3 que en el Ministerio de Ambiente y Recursos Naturales estaba en espera desde 2013 la creaci\u00f3n de la plataforma de registro de proyectos de secuestro de carbono y no fue sino hasta este a\u00f1o que se puso en marcha y se logr\u00f3, algo esencial para conseguir la venta de los bonos de carbono.<\/p>\n\n\n\n<p>Qu\u00e9 son los bonos de carbono<\/p>\n\n\n\n<p>Guatemala participa de un Programa de Reducci\u00f3n de Emisiones apoyado por el Banco Mundial. De esa manera se ha puesto en marcha un plan de conservaci\u00f3n y manejo forestal y se ha logrado reducciones de emisiones ya comprobadas.<\/p>\n\n\n\n<p>Para esto, se venden bonos de carbono. Cada uno de estos equivale a una tonelada de di\u00f3xido de carbono que no se emiti\u00f3 o que fue absorbida por los bosques.<\/p>\n\n\n\n<p>En forma sencilla, a trav\u00e9s de una un m\u00e9todo certificado, se mide cu\u00e1ntas toneladas de di\u00f3xido de carbono fueron absorbidas por los bosques cuidados y reforestados por comunidades y entidades de gobierno de Guatemala y estas son vendidas como bonos de carbono.<\/p>\n\n\n\n<p>Es por ello, que por primera vez en la historia, Guatemala recibi\u00f3 un pago total de 24 millones de d\u00f3lares del Fondo Cooperativo para el Carbono de los Bosques (FCPF) del Banco Mundial, equivalente a la venta de 4.8 millones de toneladas de di\u00f3xido de carbono.<\/p>\n\n\n\n<p>Texto Juan Manel Vega<\/p>\n\n\n\n<p>#bonos #metroredes <a href=\"http:\/\/www.elmetropolitano.com.gt\">www.elmetropolitano.com.gt<\/a> <a href=\"http:\/\/www.metroredes.com\">www.metroredes.com<\/a><\/p>\n\n\n\n<figure class=\"wp-block-gallery has-nested-images columns-default is-cropped wp-block-gallery-1 is-layout-flex wp-block-gallery-is-layout-flex\">\n<figure class=\"wp-block-image size-large\"><img loading=\"lazy\" decoding=\"async\" width=\"1024\" height=\"512\" data-id=\"119619\" src=\"https:\/\/elmetropolitano.com.gt\/es\/wp-content\/uploads\/2025\/12\/bonos-de-carbono-guatemala-1140x570-2-1024x512.png\" alt=\"\" class=\"wp-image-119619\" srcset=\"https:\/\/elmetropolitano.com.gt\/es\/wp-content\/uploads\/2025\/12\/bonos-de-carbono-guatemala-1140x570-2-1024x512.png 1024w, https:\/\/elmetropolitano.com.gt\/es\/wp-content\/uploads\/2025\/12\/bonos-de-carbono-guatemala-1140x570-2-300x150.png 300w, https:\/\/elmetropolitano.com.gt\/es\/wp-content\/uploads\/2025\/12\/bonos-de-carbono-guatemala-1140x570-2-768x384.png 768w, https:\/\/elmetropolitano.com.gt\/es\/wp-content\/uploads\/2025\/12\/bonos-de-carbono-guatemala-1140x570-2.png 1140w\" sizes=\"auto, (max-width: 1024px) 100vw, 1024px\" \/><\/figure>\n\n\n\n<figure class=\"wp-block-image size-large\"><img loading=\"lazy\" decoding=\"async\" width=\"750\" height=\"500\" data-id=\"119617\" src=\"https:\/\/elmetropolitano.com.gt\/es\/wp-content\/uploads\/2025\/12\/Cuerpo-53-750x500-1.png\" alt=\"\" class=\"wp-image-119617\" srcset=\"https:\/\/elmetropolitano.com.gt\/es\/wp-content\/uploads\/2025\/12\/Cuerpo-53-750x500-1.png 750w, https:\/\/elmetropolitano.com.gt\/es\/wp-content\/uploads\/2025\/12\/Cuerpo-53-750x500-1-300x200.png 300w\" sizes=\"auto, (max-width: 750px) 100vw, 750px\" \/><\/figure>\n\n\n\n<figure class=\"wp-block-image size-large\"><img loading=\"lazy\" decoding=\"async\" width=\"750\" height=\"500\" data-id=\"119618\" src=\"https:\/\/elmetropolitano.com.gt\/es\/wp-content\/uploads\/2025\/12\/Cuerpo-54-750x500-1.png\" alt=\"\" class=\"wp-image-119618\" srcset=\"https:\/\/elmetropolitano.com.gt\/es\/wp-content\/uploads\/2025\/12\/Cuerpo-54-750x500-1.png 750w, https:\/\/elmetropolitano.com.gt\/es\/wp-content\/uploads\/2025\/12\/Cuerpo-54-750x500-1-300x200.png 300w\" sizes=\"auto, (max-width: 750px) 100vw, 750px\" \/><\/figure>\n<\/figure>\n","protected":false},"excerpt":{"rendered":"<p>El 2025 cierra con un hecho hist\u00f3rico, ya que Guatemala logr\u00f3 capturar 4.8 toneladas de di\u00f3xido de carbono y venderlos como bonos de carbono al Banco Mundial. Esto es el resultado del trabajo de entidades de gobierno y comunidades y organizaciones que han evitado la deforestaci\u00f3n, regenerado y recuperado bosques degradados. El primer pago del <a class=\"read-more\" href=\"https:\/\/elmetropolitano.com.gt\/es\/guatemala-hace-historia-al-vender-bonos-de-carbono-y-beneficiara-a-230-mil-personas-que-cuidan-bosques\/\">Leer m\u00e1s<\/a><\/p>\n","protected":false},"author":1,"featured_media":119616,"comment_status":"open","ping_status":"closed","sticky":false,"template":"","format":"standard","meta":{"footnotes":""},"categories":[4],"tags":[13],"class_list":["post-119615","post","type-post","status-publish","format-standard","has-post-thumbnail","hentry","category-departamentales","tag-departamentales"],"_links":{"self":[{"href":"https:\/\/elmetropolitano.com.gt\/es\/wp-json\/wp\/v2\/posts\/119615","targetHints":{"allow":["GET"]}}],"collection":[{"href":"https:\/\/elmetropolitano.com.gt\/es\/wp-json\/wp\/v2\/posts"}],"about":[{"href":"https:\/\/elmetropolitano.com.gt\/es\/wp-json\/wp\/v2\/types\/post"}],"author":[{"embeddable":true,"href":"https:\/\/elmetropolitano.com.gt\/es\/wp-json\/wp\/v2\/users\/1"}],"replies":[{"embeddable":true,"href":"https:\/\/elmetropolitano.com.gt\/es\/wp-json\/wp\/v2\/comments?post=119615"}],"version-history":[{"count":1,"href":"https:\/\/elmetropolitano.com.gt\/es\/wp-json\/wp\/v2\/posts\/119615\/revisions"}],"predecessor-version":[{"id":119620,"href":"https:\/\/elmetropolitano.com.gt\/es\/wp-json\/wp\/v2\/posts\/119615\/revisions\/119620"}],"wp:featuredmedia":[{"embeddable":true,"href":"https:\/\/elmetropolitano.com.gt\/es\/wp-json\/wp\/v2\/media\/119616"}],"wp:attachment":[{"href":"https:\/\/elmetropolitano.com.gt\/es\/wp-json\/wp\/v2\/media?parent=119615"}],"wp:term":[{"taxonomy":"category","embeddable":true,"href":"https:\/\/elmetropolitano.com.gt\/es\/wp-json\/wp\/v2\/categories?post=119615"},{"taxonomy":"post_tag","embeddable":true,"href":"https:\/\/elmetropolitano.com.gt\/es\/wp-json\/wp\/v2\/tags?post=119615"}],"curies":[{"name":"wp","href":"https:\/\/api.w.org\/{rel}","templated":true}]}}