{"id":119701,"date":"2026-01-02T10:56:38","date_gmt":"2026-01-02T16:56:38","guid":{"rendered":"https:\/\/elmetropolitano.com.gt\/es\/?p=119701"},"modified":"2026-01-02T10:56:40","modified_gmt":"2026-01-02T16:56:40","slug":"incendio-en-bodegas-comerciales-de-zona-11-de-la-capital-fue-controlado-por-bomberos","status":"publish","type":"post","link":"https:\/\/elmetropolitano.com.gt\/es\/incendio-en-bodegas-comerciales-de-zona-11-de-la-capital-fue-controlado-por-bomberos\/","title":{"rendered":"Incendio en bodegas comerciales de zona 11 de la capital fue controlado por bomberos"},"content":{"rendered":"\n<p><a><\/a>Un incendio de grandes proporciones se registr\u00f3 la ma\u00f1ana de este viernes en bodegas comerciales ubicadas en la 13 calle y 5a. avenida de la zona 11 capitalina.<\/p>\n\n\n\n<p>Las llamas, visibles desde varios puntos de la ciudad, obligaron a una r\u00e1pida intervenci\u00f3n de cuerpos de socorro y autoridades de tr\u00e1nsito para evitar que la emergencia se extendiera y afectara a viviendas y comercios cercanos.<\/p><div class=\"elmet-contenido\" id=\"elmet-1786902817\"><div class=\"elmet-adlabel\">Anuncios<\/div><div style=\"margin-top: 20px;margin-right: 20px;margin-bottom: 20px;margin-left: 20px;\" id=\"elmet-3817365533\"><a href=\"https:\/\/www.facebook.com\/arrincuanantigua\/\" aria-label=\"cintillo-arrin-cual\"><img loading=\"lazy\" decoding=\"async\" src=\"https:\/\/elmetropolitano.com.gt\/es\/wp-content\/uploads\/2021\/11\/cintillo-arrin-cual-1.jpg\" alt=\"\"  srcset=\"https:\/\/elmetropolitano.com.gt\/es\/wp-content\/uploads\/2021\/11\/cintillo-arrin-cual-1.jpg 750w, https:\/\/elmetropolitano.com.gt\/es\/wp-content\/uploads\/2021\/11\/cintillo-arrin-cual-1-300x36.jpg 300w, https:\/\/elmetropolitano.com.gt\/es\/wp-content\/uploads\/2021\/11\/cintillo-arrin-cual-1-600x72.jpg 600w\" sizes=\"(max-width: 750px) 100vw, 750px\" width=\"750\" height=\"90\"   \/><\/a><\/div><\/div>\n\n\n\n<p>De acuerdo con el reporte de Am\u00edlcar Montejo, jefe de comunicaci\u00f3n de tr\u00e1nsito de la Municipalidad de Guatemala, varias compa\u00f1\u00edas de bomberos trabajan de manera coordinada para sofocar el fuego. Las labores incluyen el uso de cisternas y l\u00edneas de abastecimiento de agua, mientras se busca controlar la propagaci\u00f3n de las llamas en estructuras altamente inflamables.<\/p>\n\n\n\n<p><a href=\"https:\/\/www.facebook.com\/hashtag\/metroredes?__eep__=6&amp;__cft__[0]=AZYpXg29MrXx3YbIDj2qjFHY0xG1uxgIznQQ6hLSnnhwbGifKDdCy-1CVFILGANQLrJbI3MXAW-b7kqkgL0H2X7vXC9KKIgKwyvTyGATdlBEpelz49CUrF7udw9TQCcIjJrAje0ZHeoDf7U4m-2cuSuKGpUtTa-Tr7Nk-9FfQtFQhPiKNbdeDU8BaANsS2Umww0&amp;__tn__=*NK-R\">#Metroredes<\/a><\/p>\n\n\n\n<p><a href=\"https:\/\/www.facebook.com\/hashtag\/incendio?__eep__=6&amp;__cft__[0]=AZYpXg29MrXx3YbIDj2qjFHY0xG1uxgIznQQ6hLSnnhwbGifKDdCy-1CVFILGANQLrJbI3MXAW-b7kqkgL0H2X7vXC9KKIgKwyvTyGATdlBEpelz49CUrF7udw9TQCcIjJrAje0ZHeoDf7U4m-2cuSuKGpUtTa-Tr7Nk-9FfQtFQhPiKNbdeDU8BaANsS2Umww0&amp;__tn__=*NK-R\">#Incendio<\/a><a href=\"https:\/\/www.facebook.com\/hashtag\/zona11?__eep__=6&amp;__cft__[0]=AZYpXg29MrXx3YbIDj2qjFHY0xG1uxgIznQQ6hLSnnhwbGifKDdCy-1CVFILGANQLrJbI3MXAW-b7kqkgL0H2X7vXC9KKIgKwyvTyGATdlBEpelz49CUrF7udw9TQCcIjJrAje0ZHeoDf7U4m-2cuSuKGpUtTa-Tr7Nk-9FfQtFQhPiKNbdeDU8BaANsS2Umww0&amp;__tn__=*NK-R\">#Zona11<\/a><a href=\"https:\/\/www.facebook.com\/hashtag\/bomberosgt?__eep__=6&amp;__cft__[0]=AZYpXg29MrXx3YbIDj2qjFHY0xG1uxgIznQQ6hLSnnhwbGifKDdCy-1CVFILGANQLrJbI3MXAW-b7kqkgL0H2X7vXC9KKIgKwyvTyGATdlBEpelz49CUrF7udw9TQCcIjJrAje0ZHeoDf7U4m-2cuSuKGpUtTa-Tr7Nk-9FfQtFQhPiKNbdeDU8BaANsS2Umww0&amp;__tn__=*NK-R\">#BomberosGT<\/a><a href=\"https:\/\/www.facebook.com\/hashtag\/policiamt?__eep__=6&amp;__cft__[0]=AZYpXg29MrXx3YbIDj2qjFHY0xG1uxgIznQQ6hLSnnhwbGifKDdCy-1CVFILGANQLrJbI3MXAW-b7kqkgL0H2X7vXC9KKIgKwyvTyGATdlBEpelz49CUrF7udw9TQCcIjJrAje0ZHeoDf7U4m-2cuSuKGpUtTa-Tr7Nk-9FfQtFQhPiKNbdeDU8BaANsS2Umww0&amp;__tn__=*NK-R\">#PoliciaMT<\/a><a href=\"https:\/\/www.facebook.com\/hashtag\/emergenciagt?__eep__=6&amp;__cft__[0]=AZYpXg29MrXx3YbIDj2qjFHY0xG1uxgIznQQ6hLSnnhwbGifKDdCy-1CVFILGANQLrJbI3MXAW-b7kqkgL0H2X7vXC9KKIgKwyvTyGATdlBEpelz49CUrF7udw9TQCcIjJrAje0ZHeoDf7U4m-2cuSuKGpUtTa-Tr7Nk-9FfQtFQhPiKNbdeDU8BaANsS2Umww0&amp;__tn__=*NK-R\">#EmergenciaGT<\/a><a href=\"https:\/\/www.facebook.com\/hashtag\/traficogt?__eep__=6&amp;__cft__[0]=AZYpXg29MrXx3YbIDj2qjFHY0xG1uxgIznQQ6hLSnnhwbGifKDdCy-1CVFILGANQLrJbI3MXAW-b7kqkgL0H2X7vXC9KKIgKwyvTyGATdlBEpelz49CUrF7udw9TQCcIjJrAje0ZHeoDf7U4m-2cuSuKGpUtTa-Tr7Nk-9FfQtFQhPiKNbdeDU8BaANsS2Umww0&amp;__tn__=*NK-R\">#TraficoGT<\/a><a href=\"https:\/\/www.facebook.com\/hashtag\/transitogt?__eep__=6&amp;__cft__[0]=AZYpXg29MrXx3YbIDj2qjFHY0xG1uxgIznQQ6hLSnnhwbGifKDdCy-1CVFILGANQLrJbI3MXAW-b7kqkgL0H2X7vXC9KKIgKwyvTyGATdlBEpelz49CUrF7udw9TQCcIjJrAje0ZHeoDf7U4m-2cuSuKGpUtTa-Tr7Nk-9FfQtFQhPiKNbdeDU8BaANsS2Umww0&amp;__tn__=*NK-R\">#TransitoGT<\/a><a href=\"https:\/\/www.facebook.com\/hashtag\/guatemala?__eep__=6&amp;__cft__[0]=AZYpXg29MrXx3YbIDj2qjFHY0xG1uxgIznQQ6hLSnnhwbGifKDdCy-1CVFILGANQLrJbI3MXAW-b7kqkgL0H2X7vXC9KKIgKwyvTyGATdlBEpelz49CUrF7udw9TQCcIjJrAje0ZHeoDf7U4m-2cuSuKGpUtTa-Tr7Nk-9FfQtFQhPiKNbdeDU8BaANsS2Umww0&amp;__tn__=*NK-R\">#Guatemala<\/a><\/p>\n\n\n\n<figure class=\"wp-block-gallery has-nested-images columns-default is-cropped wp-block-gallery-1 is-layout-flex wp-block-gallery-is-layout-flex\">\n<figure class=\"wp-block-image size-large\"><img loading=\"lazy\" decoding=\"async\" width=\"720\" height=\"792\" data-id=\"119707\" src=\"https:\/\/elmetropolitano.com.gt\/es\/wp-content\/uploads\/2026\/01\/609032723_1424621466330599_8524092252634606497_n.jpg\" alt=\"\" class=\"wp-image-119707\" srcset=\"https:\/\/elmetropolitano.com.gt\/es\/wp-content\/uploads\/2026\/01\/609032723_1424621466330599_8524092252634606497_n.jpg 720w, https:\/\/elmetropolitano.com.gt\/es\/wp-content\/uploads\/2026\/01\/609032723_1424621466330599_8524092252634606497_n-273x300.jpg 273w\" sizes=\"auto, (max-width: 720px) 100vw, 720px\" \/><\/figure>\n\n\n\n<figure class=\"wp-block-image size-large\"><img loading=\"lazy\" decoding=\"async\" width=\"360\" height=\"240\" data-id=\"119703\" src=\"https:\/\/elmetropolitano.com.gt\/es\/wp-content\/uploads\/2026\/01\/609195017_1424621512997261_325098194804021819_n-1.jpg\" alt=\"\" class=\"wp-image-119703\" srcset=\"https:\/\/elmetropolitano.com.gt\/es\/wp-content\/uploads\/2026\/01\/609195017_1424621512997261_325098194804021819_n-1.jpg 360w, https:\/\/elmetropolitano.com.gt\/es\/wp-content\/uploads\/2026\/01\/609195017_1424621512997261_325098194804021819_n-1-300x200.jpg 300w\" sizes=\"auto, (max-width: 360px) 100vw, 360px\" \/><\/figure>\n\n\n\n<figure class=\"wp-block-image size-large\"><img loading=\"lazy\" decoding=\"async\" width=\"720\" height=\"805\" data-id=\"119704\" src=\"https:\/\/elmetropolitano.com.gt\/es\/wp-content\/uploads\/2026\/01\/610682487_1424621532997259_2771664611349678673_n.jpg\" alt=\"\" class=\"wp-image-119704\" srcset=\"https:\/\/elmetropolitano.com.gt\/es\/wp-content\/uploads\/2026\/01\/610682487_1424621532997259_2771664611349678673_n.jpg 720w, https:\/\/elmetropolitano.com.gt\/es\/wp-content\/uploads\/2026\/01\/610682487_1424621532997259_2771664611349678673_n-268x300.jpg 268w\" sizes=\"auto, (max-width: 720px) 100vw, 720px\" \/><\/figure>\n\n\n\n<figure class=\"wp-block-image size-large\"><img loading=\"lazy\" decoding=\"async\" width=\"900\" height=\"600\" data-id=\"119708\" src=\"https:\/\/elmetropolitano.com.gt\/es\/wp-content\/uploads\/2026\/01\/610682487_1424621582997254_1758537948659969100_n.jpg\" alt=\"\" class=\"wp-image-119708\" srcset=\"https:\/\/elmetropolitano.com.gt\/es\/wp-content\/uploads\/2026\/01\/610682487_1424621582997254_1758537948659969100_n.jpg 900w, https:\/\/elmetropolitano.com.gt\/es\/wp-content\/uploads\/2026\/01\/610682487_1424621582997254_1758537948659969100_n-300x200.jpg 300w, https:\/\/elmetropolitano.com.gt\/es\/wp-content\/uploads\/2026\/01\/610682487_1424621582997254_1758537948659969100_n-768x512.jpg 768w\" sizes=\"auto, (max-width: 900px) 100vw, 900px\" \/><\/figure>\n\n\n\n<figure class=\"wp-block-image size-large\"><img loading=\"lazy\" decoding=\"async\" width=\"360\" height=\"203\" data-id=\"119706\" src=\"https:\/\/elmetropolitano.com.gt\/es\/wp-content\/uploads\/2026\/01\/610682489_1424621549663924_3035359152479584253_n.jpg\" alt=\"\" class=\"wp-image-119706\" srcset=\"https:\/\/elmetropolitano.com.gt\/es\/wp-content\/uploads\/2026\/01\/610682489_1424621549663924_3035359152479584253_n.jpg 360w, https:\/\/elmetropolitano.com.gt\/es\/wp-content\/uploads\/2026\/01\/610682489_1424621549663924_3035359152479584253_n-300x169.jpg 300w\" sizes=\"auto, (max-width: 360px) 100vw, 360px\" \/><\/figure>\n\n\n\n<figure class=\"wp-block-image size-large\"><img loading=\"lazy\" decoding=\"async\" width=\"360\" height=\"240\" data-id=\"119705\" src=\"https:\/\/elmetropolitano.com.gt\/es\/wp-content\/uploads\/2026\/01\/610800557_1424621586330587_4426507167368517657_n.jpg\" alt=\"\" class=\"wp-image-119705\" srcset=\"https:\/\/elmetropolitano.com.gt\/es\/wp-content\/uploads\/2026\/01\/610800557_1424621586330587_4426507167368517657_n.jpg 360w, https:\/\/elmetropolitano.com.gt\/es\/wp-content\/uploads\/2026\/01\/610800557_1424621586330587_4426507167368517657_n-300x200.jpg 300w\" sizes=\"auto, (max-width: 360px) 100vw, 360px\" \/><\/figure>\n\n\n\n<figure class=\"wp-block-image size-large\"><img loading=\"lazy\" decoding=\"async\" width=\"360\" height=\"270\" data-id=\"119709\" src=\"https:\/\/elmetropolitano.com.gt\/es\/wp-content\/uploads\/2026\/01\/610950109_1424621452997267_1650494240385334584_n.jpg\" alt=\"\" class=\"wp-image-119709\" srcset=\"https:\/\/elmetropolitano.com.gt\/es\/wp-content\/uploads\/2026\/01\/610950109_1424621452997267_1650494240385334584_n.jpg 360w, https:\/\/elmetropolitano.com.gt\/es\/wp-content\/uploads\/2026\/01\/610950109_1424621452997267_1650494240385334584_n-300x225.jpg 300w\" sizes=\"auto, (max-width: 360px) 100vw, 360px\" \/><\/figure>\n<\/figure>\n","protected":false},"excerpt":{"rendered":"<p>Un incendio de grandes proporciones se registr\u00f3 la ma\u00f1ana de este viernes en bodegas comerciales ubicadas en la 13 calle y 5a. avenida de la zona 11 capitalina. Las llamas, visibles desde varios puntos de la ciudad, obligaron a una r\u00e1pida intervenci\u00f3n de cuerpos de socorro y autoridades de tr\u00e1nsito para evitar que la emergencia <a class=\"read-more\" href=\"https:\/\/elmetropolitano.com.gt\/es\/incendio-en-bodegas-comerciales-de-zona-11-de-la-capital-fue-controlado-por-bomberos\/\">Leer m\u00e1s<\/a><\/p>\n","protected":false},"author":1,"featured_media":119702,"comment_status":"open","ping_status":"closed","sticky":false,"template":"","format":"standard","meta":{"footnotes":""},"categories":[89],"tags":[88],"class_list":["post-119701","post","type-post","status-publish","format-standard","has-post-thumbnail","hentry","category-metrosucesos","tag-metrosucesos"],"_links":{"self":[{"href":"https:\/\/elmetropolitano.com.gt\/es\/wp-json\/wp\/v2\/posts\/119701","targetHints":{"allow":["GET"]}}],"collection":[{"href":"https:\/\/elmetropolitano.com.gt\/es\/wp-json\/wp\/v2\/posts"}],"about":[{"href":"https:\/\/elmetropolitano.com.gt\/es\/wp-json\/wp\/v2\/types\/post"}],"author":[{"embeddable":true,"href":"https:\/\/elmetropolitano.com.gt\/es\/wp-json\/wp\/v2\/users\/1"}],"replies":[{"embeddable":true,"href":"https:\/\/elmetropolitano.com.gt\/es\/wp-json\/wp\/v2\/comments?post=119701"}],"version-history":[{"count":1,"href":"https:\/\/elmetropolitano.com.gt\/es\/wp-json\/wp\/v2\/posts\/119701\/revisions"}],"predecessor-version":[{"id":119710,"href":"https:\/\/elmetropolitano.com.gt\/es\/wp-json\/wp\/v2\/posts\/119701\/revisions\/119710"}],"wp:featuredmedia":[{"embeddable":true,"href":"https:\/\/elmetropolitano.com.gt\/es\/wp-json\/wp\/v2\/media\/119702"}],"wp:attachment":[{"href":"https:\/\/elmetropolitano.com.gt\/es\/wp-json\/wp\/v2\/media?parent=119701"}],"wp:term":[{"taxonomy":"category","embeddable":true,"href":"https:\/\/elmetropolitano.com.gt\/es\/wp-json\/wp\/v2\/categories?post=119701"},{"taxonomy":"post_tag","embeddable":true,"href":"https:\/\/elmetropolitano.com.gt\/es\/wp-json\/wp\/v2\/tags?post=119701"}],"curies":[{"name":"wp","href":"https:\/\/api.w.org\/{rel}","templated":true}]}}