{"id":120379,"date":"2026-01-15T15:42:57","date_gmt":"2026-01-15T21:42:57","guid":{"rendered":"https:\/\/elmetropolitano.com.gt\/es\/?p=120379"},"modified":"2026-01-15T15:43:00","modified_gmt":"2026-01-15T21:43:00","slug":"este-sabado-todos-a-la-gran-feria-del-chicharron","status":"publish","type":"post","link":"https:\/\/elmetropolitano.com.gt\/es\/este-sabado-todos-a-la-gran-feria-del-chicharron\/","title":{"rendered":"Este s\u00e1bado todos a la gran Feria del Chicharr\u00f3n"},"content":{"rendered":"\n<p>Con 80 chicharroneros y 8 bandas de m\u00fasica, incluyendo a los Tres Huitecos, los misque\u00f1os y vecinos de los diferentes municipios podr\u00e1n disfrutar de la ya tradici\u00f3n Feria del Chicharr\u00f3n que se celebra en su X edici\u00f3n y se anuncia conjuntamente con la IV edici\u00f3n de la Feria de las Flores, que ser\u00e1 toda una atracci\u00f3n para propios y extra\u00f1os en la Tierra de los Campeones.<\/p>\n\n\n\n<p>La actividad dar\u00e1 inicio este s\u00e1bado 17 de enero a las 8 de la ma\u00f1ana en el centro hist\u00f3rico de la ciudad de Mixco que de todos es conocida ya esta feria que atrae la atenci\u00f3n de propios y extra\u00f1os y el alcalde Neto Bran en conferencia de prensa se\u00f1al\u00f3 que le llena de mucho orgullos y privilegio llegar tambi\u00e9n a sus 10 a\u00f1os de administraci\u00f3n municipal, esperando que este tiempo haya sido de beneficio de toda la poblaci\u00f3n.<\/p><div class=\"elmet-contenido\" id=\"elmet-3143411024\"><div class=\"elmet-adlabel\">Anuncios<\/div><div style=\"margin-top: 20px;margin-right: 20px;margin-bottom: 20px;margin-left: 20px;\" id=\"elmet-1719229655\"><a href=\"https:\/\/www.facebook.com\/arrincuanantigua\/\" aria-label=\"cintillo-arrin-cual\"><img loading=\"lazy\" decoding=\"async\" src=\"https:\/\/elmetropolitano.com.gt\/es\/wp-content\/uploads\/2021\/11\/cintillo-arrin-cual-1.jpg\" alt=\"\"  srcset=\"https:\/\/elmetropolitano.com.gt\/es\/wp-content\/uploads\/2021\/11\/cintillo-arrin-cual-1.jpg 750w, https:\/\/elmetropolitano.com.gt\/es\/wp-content\/uploads\/2021\/11\/cintillo-arrin-cual-1-300x36.jpg 300w, https:\/\/elmetropolitano.com.gt\/es\/wp-content\/uploads\/2021\/11\/cintillo-arrin-cual-1-600x72.jpg 600w\" sizes=\"(max-width: 750px) 100vw, 750px\" width=\"750\" height=\"90\"   \/><\/a><\/div><\/div>\n\n\n\n<p>A\u00f1adi\u00f3 que de manera incre\u00edble tanto chicharroneros como patrocinadores se han duplicado y que todos los gastos que se realizan no salen ni un solo centavo del dinero de los contribuyentes y que para este a\u00f1o se espera tener un circulante de Q4.8 millones.<\/p>\n\n\n\n<p>Agradeci\u00f3 a los medios de comunicaci\u00f3n por la difusi\u00f3n de estas actividades y especialmente a las casas patrocinadoras que creyeron en ellos y ahora cada vez se ampl\u00eda no solo la cobertura sino tambi\u00e9n el patrocinio y la participaci\u00f3n de m\u00e1s vendedores y patrocinadores que hacen posible estas actividades.<\/p>\n\n\n\n<p>Paseo de las Flores<\/p>\n\n\n\n<p>El jefe edil habl\u00f3 de la IV edici\u00f3n del Paseo de las Flores que ha sido tambi\u00e9n una hermosa actividad que cuenta con la participaci\u00f3n de vecinos que adornan la 4\u00aa. Avenida de manera incre\u00edble y que como en a\u00f1os anteriores se estar\u00e1 premiando a los primeros lugares del mejor adorno floral, tanto en puertas como en ventanas.<\/p>\n\n\n\n<p>Precio de los chicharrones<\/p>\n\n\n\n<p>Libra de chicharrones, 65 quetzales<\/p>\n\n\n\n<p>Libra de carnitas, 65 quetzales<\/p>\n\n\n\n<p>Cerveza gallo 12 onzas, 10 quetzales<\/p>\n\n\n\n<p>Cabro 12 onzas, 15 quetzales<\/p>\n\n\n\n<p>Segmentos Musicales de la Feria del Chicharr\u00f3n<\/p>\n\n\n\n<p>08:00 am Marimba Orquesta Municipal de Mixco<\/p>\n\n\n\n<p>10:00 am Grupo Musical \u201cLa Tortura\u201d<\/p>\n\n\n\n<p>12:00 pm Grupo Musical \u201cCl\u00ednica Tropical\u201d<\/p>\n\n\n\n<p>02:00 pm Grupo Musical \u201cLos Miseria Cumbia Band\u201d<\/p>\n\n\n\n<p>04:00 pm Grupo Musical \u201cLa Saga\u201d<\/p>\n\n\n\n<p>06:00 pm Artista Musical \u201cDJ Doggy\u201d<\/p>\n\n\n\n<p>08:00 pm Artista Musical \u201cEl Compa\u201d Show de Pirotecnia<\/p>\n\n\n\n<p>08:50 pm Show de Pirotecnia.<\/p>\n\n\n\n<p>09:00 pm Gran concierto de cierre: Grupo Musical Fer Avenda\u00f1o y su Tributo a los<\/p>\n\n\n\n<p>&nbsp;&nbsp;&nbsp;&nbsp; &nbsp;&nbsp;&nbsp;&nbsp;&nbsp;&nbsp; &nbsp;&nbsp;&nbsp;&nbsp;\u00c1ngeles Azules.<\/p>\n\n\n\n<p>Ruta Chicharronera<\/p>\n\n\n\n<p>Ruta Milagro&nbsp;&nbsp;&nbsp;&nbsp;&nbsp;&nbsp;&nbsp;&nbsp;&nbsp;&nbsp;&nbsp;&nbsp;&nbsp;&nbsp; Salida Foto Castillo a la Feria del Chicharr\u00f3n. Horario de servicio:<\/p>\n\n\n\n<p>9:00 am, 11:00 am, 01:00 pm, 03:00 pm hasta las 05:00 pm.<\/p>\n\n\n\n<p>Ruta Naranjo&nbsp;&nbsp;&nbsp;&nbsp;&nbsp;&nbsp;&nbsp;&nbsp;&nbsp;&nbsp;&nbsp;&nbsp;&nbsp; Salida Foto Castillo a la Feria del Chicharr\u00f3n. Horario de servicio:<\/p>\n\n\n\n<p>9:00 am, 11:00 am, 01:00 pm, 03:00 pm hasta las 05:00 pm.<\/p>\n\n\n\n<p>Ruta Roosevelt&nbsp;&nbsp;&nbsp;&nbsp;&nbsp;&nbsp;&nbsp;&nbsp;&nbsp;&nbsp; Salida Shell Lomas del Pedregal a la Feria del Chicharr\u00f3n.<\/p>\n\n\n\n<p>Horario de servicio: 9:00 am, 11:00 am, 01:00 pm, 03:00 pm hasta<\/p>\n\n\n\n<p>las 05:00 pm.&nbsp;<\/p>\n\n\n\n<p>Nota: La Ruta Chicharronera ser\u00e1 \u00fanicamente el s\u00e1bado 17 de enero del 2026 y las unidades estar\u00e1n identificadas con un sticker de la Feria del Chicharr\u00f3n.<\/p>\n\n\n\n<p>Transportes internos en el Centro Hist\u00f3rico de la zona 1 Mixco<\/p>\n\n\n\n<p>\u2022&nbsp;&nbsp;&nbsp;&nbsp;&nbsp;&nbsp;&nbsp;&nbsp;&nbsp; Servicio de Tuc Tuc, con una tarifa de Q 5.00, ubicados en el Estadio Santo<\/p>\n\n\n\n<p>&nbsp;&nbsp;&nbsp;&nbsp;&nbsp;&nbsp;&nbsp;&nbsp;&nbsp;&nbsp;&nbsp; Domingo, en el campo de las Vacas y en la 2da avenida y 6ta calle sector del<\/p>\n\n\n\n<p>&nbsp;&nbsp;&nbsp;&nbsp;&nbsp;&nbsp;&nbsp;&nbsp;&nbsp;&nbsp;&nbsp; cementerio general de Mixco.<\/p>\n\n\n\n<p>\u2022&nbsp;&nbsp;&nbsp;&nbsp;&nbsp;&nbsp;&nbsp;&nbsp;&nbsp; Servicio de Taxis Estacionarios y Rotativos el d\u00eda del Evento, ubicados en la 9na<\/p>\n\n\n\n<p>&nbsp;&nbsp;&nbsp;&nbsp;&nbsp;&nbsp;&nbsp;&nbsp;&nbsp;&nbsp;&nbsp; avenida y 5ta calle.<\/p>\n\n\n\n<p>#feriadelchicharron #paseodelasflores #metroredes <a href=\"http:\/\/www.elmetropolitano.com.gt\">www.elmetropolitano.com.gt<\/a> <a href=\"http:\/\/www.metroredes.com\">www.metroredes.com<\/a><\/p>\n\n\n\n<figure class=\"wp-block-gallery has-nested-images columns-default is-cropped wp-block-gallery-1 is-layout-flex wp-block-gallery-is-layout-flex\">\n<figure class=\"wp-block-image size-large\"><img loading=\"lazy\" decoding=\"async\" width=\"768\" height=\"1024\" data-id=\"120386\" src=\"https:\/\/elmetropolitano.com.gt\/es\/wp-content\/uploads\/2026\/01\/061e8c36-8589-4a80-a9ba-ddaaeabbf93b-1-768x1024.jpg\" alt=\"\" class=\"wp-image-120386\" srcset=\"https:\/\/elmetropolitano.com.gt\/es\/wp-content\/uploads\/2026\/01\/061e8c36-8589-4a80-a9ba-ddaaeabbf93b-1-768x1024.jpg 768w, https:\/\/elmetropolitano.com.gt\/es\/wp-content\/uploads\/2026\/01\/061e8c36-8589-4a80-a9ba-ddaaeabbf93b-1-225x300.jpg 225w, https:\/\/elmetropolitano.com.gt\/es\/wp-content\/uploads\/2026\/01\/061e8c36-8589-4a80-a9ba-ddaaeabbf93b-1-1152x1536.jpg 1152w, https:\/\/elmetropolitano.com.gt\/es\/wp-content\/uploads\/2026\/01\/061e8c36-8589-4a80-a9ba-ddaaeabbf93b-1.jpg 1200w\" sizes=\"auto, (max-width: 768px) 100vw, 768px\" \/><\/figure>\n\n\n\n<figure class=\"wp-block-image size-large\"><img loading=\"lazy\" decoding=\"async\" width=\"1024\" height=\"768\" data-id=\"120384\" src=\"https:\/\/elmetropolitano.com.gt\/es\/wp-content\/uploads\/2026\/01\/a0827982-977c-4408-8652-c7f9c8e1bf28-1024x768.jpg\" alt=\"\" class=\"wp-image-120384\" srcset=\"https:\/\/elmetropolitano.com.gt\/es\/wp-content\/uploads\/2026\/01\/a0827982-977c-4408-8652-c7f9c8e1bf28-1024x768.jpg 1024w, https:\/\/elmetropolitano.com.gt\/es\/wp-content\/uploads\/2026\/01\/a0827982-977c-4408-8652-c7f9c8e1bf28-300x225.jpg 300w, https:\/\/elmetropolitano.com.gt\/es\/wp-content\/uploads\/2026\/01\/a0827982-977c-4408-8652-c7f9c8e1bf28-768x576.jpg 768w, https:\/\/elmetropolitano.com.gt\/es\/wp-content\/uploads\/2026\/01\/a0827982-977c-4408-8652-c7f9c8e1bf28.jpg 1120w\" sizes=\"auto, (max-width: 1024px) 100vw, 1024px\" \/><\/figure>\n\n\n\n<figure class=\"wp-block-image size-large\"><img loading=\"lazy\" decoding=\"async\" width=\"576\" height=\"1024\" data-id=\"120385\" src=\"https:\/\/elmetropolitano.com.gt\/es\/wp-content\/uploads\/2026\/01\/b4737c0f-40b4-4440-86da-9a58e2c537bf-1-576x1024.jpg\" alt=\"\" class=\"wp-image-120385\" srcset=\"https:\/\/elmetropolitano.com.gt\/es\/wp-content\/uploads\/2026\/01\/b4737c0f-40b4-4440-86da-9a58e2c537bf-1-576x1024.jpg 576w, https:\/\/elmetropolitano.com.gt\/es\/wp-content\/uploads\/2026\/01\/b4737c0f-40b4-4440-86da-9a58e2c537bf-1-169x300.jpg 169w, https:\/\/elmetropolitano.com.gt\/es\/wp-content\/uploads\/2026\/01\/b4737c0f-40b4-4440-86da-9a58e2c537bf-1-768x1365.jpg 768w, https:\/\/elmetropolitano.com.gt\/es\/wp-content\/uploads\/2026\/01\/b4737c0f-40b4-4440-86da-9a58e2c537bf-1-864x1536.jpg 864w, https:\/\/elmetropolitano.com.gt\/es\/wp-content\/uploads\/2026\/01\/b4737c0f-40b4-4440-86da-9a58e2c537bf-1.jpg 900w\" sizes=\"auto, (max-width: 576px) 100vw, 576px\" \/><\/figure>\n\n\n\n<figure class=\"wp-block-image size-large\"><img loading=\"lazy\" decoding=\"async\" width=\"360\" height=\"240\" data-id=\"120383\" src=\"https:\/\/elmetropolitano.com.gt\/es\/wp-content\/uploads\/2026\/01\/IMG_0524.jpg\" alt=\"\" class=\"wp-image-120383\" srcset=\"https:\/\/elmetropolitano.com.gt\/es\/wp-content\/uploads\/2026\/01\/IMG_0524.jpg 360w, https:\/\/elmetropolitano.com.gt\/es\/wp-content\/uploads\/2026\/01\/IMG_0524-300x200.jpg 300w\" sizes=\"auto, (max-width: 360px) 100vw, 360px\" \/><\/figure>\n\n\n\n<figure class=\"wp-block-image size-large\"><img loading=\"lazy\" decoding=\"async\" width=\"360\" height=\"240\" data-id=\"120381\" src=\"https:\/\/elmetropolitano.com.gt\/es\/wp-content\/uploads\/2026\/01\/IMG_0528-1.jpg\" alt=\"\" class=\"wp-image-120381\" srcset=\"https:\/\/elmetropolitano.com.gt\/es\/wp-content\/uploads\/2026\/01\/IMG_0528-1.jpg 360w, https:\/\/elmetropolitano.com.gt\/es\/wp-content\/uploads\/2026\/01\/IMG_0528-1-300x200.jpg 300w\" sizes=\"auto, (max-width: 360px) 100vw, 360px\" \/><\/figure>\n\n\n\n<figure class=\"wp-block-image size-large\"><img loading=\"lazy\" decoding=\"async\" width=\"500\" height=\"333\" data-id=\"120382\" src=\"https:\/\/elmetropolitano.com.gt\/es\/wp-content\/uploads\/2026\/01\/IMG_0547.jpg\" alt=\"\" class=\"wp-image-120382\" srcset=\"https:\/\/elmetropolitano.com.gt\/es\/wp-content\/uploads\/2026\/01\/IMG_0547.jpg 500w, https:\/\/elmetropolitano.com.gt\/es\/wp-content\/uploads\/2026\/01\/IMG_0547-300x200.jpg 300w\" sizes=\"auto, (max-width: 500px) 100vw, 500px\" \/><\/figure>\n<\/figure>\n","protected":false},"excerpt":{"rendered":"<p>Con 80 chicharroneros y 8 bandas de m\u00fasica, incluyendo a los Tres Huitecos, los misque\u00f1os y vecinos de los diferentes municipios podr\u00e1n disfrutar de la ya tradici\u00f3n Feria del Chicharr\u00f3n que se celebra en su X edici\u00f3n y se anuncia conjuntamente con la IV edici\u00f3n de la Feria de las Flores, que ser\u00e1 toda una <a class=\"read-more\" href=\"https:\/\/elmetropolitano.com.gt\/es\/este-sabado-todos-a-la-gran-feria-del-chicharron\/\">Leer m\u00e1s<\/a><\/p>\n","protected":false},"author":1,"featured_media":120380,"comment_status":"open","ping_status":"closed","sticky":false,"template":"","format":"standard","meta":{"footnotes":""},"categories":[3],"tags":[10],"class_list":["post-120379","post","type-post","status-publish","format-standard","has-post-thumbnail","hentry","category-locales","tag-locales"],"_links":{"self":[{"href":"https:\/\/elmetropolitano.com.gt\/es\/wp-json\/wp\/v2\/posts\/120379","targetHints":{"allow":["GET"]}}],"collection":[{"href":"https:\/\/elmetropolitano.com.gt\/es\/wp-json\/wp\/v2\/posts"}],"about":[{"href":"https:\/\/elmetropolitano.com.gt\/es\/wp-json\/wp\/v2\/types\/post"}],"author":[{"embeddable":true,"href":"https:\/\/elmetropolitano.com.gt\/es\/wp-json\/wp\/v2\/users\/1"}],"replies":[{"embeddable":true,"href":"https:\/\/elmetropolitano.com.gt\/es\/wp-json\/wp\/v2\/comments?post=120379"}],"version-history":[{"count":1,"href":"https:\/\/elmetropolitano.com.gt\/es\/wp-json\/wp\/v2\/posts\/120379\/revisions"}],"predecessor-version":[{"id":120387,"href":"https:\/\/elmetropolitano.com.gt\/es\/wp-json\/wp\/v2\/posts\/120379\/revisions\/120387"}],"wp:featuredmedia":[{"embeddable":true,"href":"https:\/\/elmetropolitano.com.gt\/es\/wp-json\/wp\/v2\/media\/120380"}],"wp:attachment":[{"href":"https:\/\/elmetropolitano.com.gt\/es\/wp-json\/wp\/v2\/media?parent=120379"}],"wp:term":[{"taxonomy":"category","embeddable":true,"href":"https:\/\/elmetropolitano.com.gt\/es\/wp-json\/wp\/v2\/categories?post=120379"},{"taxonomy":"post_tag","embeddable":true,"href":"https:\/\/elmetropolitano.com.gt\/es\/wp-json\/wp\/v2\/tags?post=120379"}],"curies":[{"name":"wp","href":"https:\/\/api.w.org\/{rel}","templated":true}]}}