{"id":120564,"date":"2026-01-17T17:05:44","date_gmt":"2026-01-17T23:05:44","guid":{"rendered":"https:\/\/elmetropolitano.com.gt\/es\/?p=120564"},"modified":"2026-01-17T17:05:45","modified_gmt":"2026-01-17T23:05:45","slug":"ministro-de-gobernacion-no-vamos-a-negociar-con-terroristas-y-vamos-a-retomar-el-control-de-la-prision","status":"publish","type":"post","link":"https:\/\/elmetropolitano.com.gt\/es\/ministro-de-gobernacion-no-vamos-a-negociar-con-terroristas-y-vamos-a-retomar-el-control-de-la-prision\/","title":{"rendered":"Ministro de Gobernaci\u00f3n: \u201cNo vamos a negociar con terroristas y vamos a retomar el control de la prisi\u00f3n\u00bb"},"content":{"rendered":"\n<p>Tras las alteraciones registradas en tres centros carcelarios del pa\u00eds, el ministro de Gobernaci\u00f3n, Marco Antonio Villeda, resalt\u00f3 que no se negociar\u00e1 con los privados de libertad y se retomar\u00e1 el control de estos.<\/p>\n\n\n\n<p>Durante una conferencia de prensa, tras hacer un sobrevuelo en los centros carcelarios donde se produjeron esos des\u00f3rdenes, el titular de la cartera del Interior se\u00f1al\u00f3:<\/p><div class=\"elmet-contenido\" id=\"elmet-2575809777\"><div class=\"elmet-adlabel\">Anuncios<\/div><div style=\"margin-top: 20px;margin-right: 20px;margin-bottom: 20px;margin-left: 20px;\" id=\"elmet-2491240183\"><a href=\"https:\/\/www.facebook.com\/arrincuanantigua\/\" aria-label=\"cintillo-arrin-cual\"><img loading=\"lazy\" decoding=\"async\" src=\"https:\/\/elmetropolitano.com.gt\/es\/wp-content\/uploads\/2021\/11\/cintillo-arrin-cual-1.jpg\" alt=\"\"  srcset=\"https:\/\/elmetropolitano.com.gt\/es\/wp-content\/uploads\/2021\/11\/cintillo-arrin-cual-1.jpg 750w, https:\/\/elmetropolitano.com.gt\/es\/wp-content\/uploads\/2021\/11\/cintillo-arrin-cual-1-300x36.jpg 300w, https:\/\/elmetropolitano.com.gt\/es\/wp-content\/uploads\/2021\/11\/cintillo-arrin-cual-1-600x72.jpg 600w\" sizes=\"(max-width: 750px) 100vw, 750px\" width=\"750\" height=\"90\"   \/><\/a><\/div><\/div>\n\n\n\n<p>No vamos a negociar con terroristas y vamos a retomar el control. SI es necesario utilizar la fuerza para retomar el control el Estado lo va a hacer.<\/p>\n\n\n\n<p>Las alteraciones se efect\u00faan en los centros penitenciarios de Fraijanes II, Renovaci\u00f3n I y el sector 11 del Centro Preventivo para varones de la zona 18.<\/p>\n\n\n\n<p>Las primeras investigaciones<\/p>\n\n\n\n<p>El ministro de Gobernaci\u00f3n se\u00f1al\u00f3 que los hechos de este s\u00e1bado en los centros de privaci\u00f3n de libertad son acciones de respuesta al retiro de privilegios y traslado de reos a otros centros de detenci\u00f3n.<\/p>\n\n\n\n<p>As\u00ed lo explic\u00f3 el ministro Villeda:<\/p>\n\n\n\n<p>Se han suscitado varias acciones que han generado motines en tres centros carcelarios espec\u00edficos. Esta es una acci\u00f3n concatenada, organizada y que tiene como prop\u00f3sito poner a prueba la voluntad de la autoridad a lo interno de los centros penales.<\/p>\n\n\n\n<p>Resalt\u00f3 que una de las pol\u00edticas de esta gesti\u00f3n es que se debe tomar el control de los centros carcelarios y acabar con todos los privilegios que ellos ten\u00edan.<\/p>\n\n\n\n<p>Por ello, una de las primeras acciones fueron las requisas en los penales desde noviembre, diciembre y los primeros d\u00edas de enero. Con esto se desarticul\u00f3 a verdaderos call center que operaban dentro de las c\u00e1rceles, donde se coordinaban extorsiones.<\/p>\n\n\n\n<p>Su reacci\u00f3n -de los reclusos- es este mot\u00edn coordinado en los tres centros penales, especialmente orquestado por el grupo terrorista del Barrio 18.<\/p>\n\n\n\n<p>Adem\u00e1s, el funcionario resalt\u00f3 que los hechos incluyeron que familiares de los privados de libertad bloquearan una ruta en la carretera al Pac\u00edfico.<\/p>\n\n\n\n<p>Mot\u00edn coordinado<\/p>\n\n\n\n<p>El ministro se\u00f1al\u00f3 que las primeras hip\u00f3tesis de los hechos es que el fin de este mot\u00edn coordinado es que el l\u00edder del Barrio 18, Aldo Duppie Ochoa Mej\u00eda, alias el Lobo desea ser trasladado a otro centro carcelario.<\/p>\n\n\n\n<p>Entre las exigencias de este privado de libertad estaba la instalaci\u00f3n de un aire acondicionado, que se le ingresar\u00e1 una cama king size, y comida de ciertos restaurantes del pa\u00eds, privilegios que el Ministerio no le conceder\u00e1.<\/p>\n\n\n\n<p>Este Gobierno no va a pactar con ning\u00fan grupo terrorista no voy a ceder a esos chantajes y no voy a regresar los privilegios para evitar estas acciones, reiter\u00f3 el ministro del Interior.<\/p>\n\n\n\n<p>Adem\u00e1s, responsabiliz\u00f3 a los reos de la vida de los guardias que permanecen retenidos en estos tres centros penitenciarios del pa\u00eds.<\/p>\n\n\n\n<p>Resguardo a la vida del personal<\/p>\n\n\n\n<p>El ministro de Gobernaci\u00f3n destac\u00f3 que el accionar de las fuerzas de seguridad ser\u00e1n contundentes.<\/p>\n\n\n\n<p>Ante ello, ya se desplegaron fuerzas de la Polic\u00eda Nacional Civil, fuerzas especiales del Sistema Penitenciario y se coordin\u00f3 la seguridad perimetral con el Ej\u00e9rcito de Guatemala.<\/p>\n\n\n\n<p>Ya hemos reforzado la seguridad de los centros penales donde se est\u00e1n generando estos motines. Vamos a retomar el control y si es necesario se entrar\u00e1 con toda la fuerza del Estado y recuperar dichos centros penales, siempre resguardado la vida del personal retenido.<\/p>\n\n\n\n<p>En tanto, el director del Sistema Penitenciario, Jorge Guillermo L\u00f3pez Dellachiessa, inform\u00f3 que las personas retenidas son:<\/p>\n\n\n\n<p>Nueve retenidos, entre ellos ocho guardias y un psic\u00f3logo del grupo disciplinario en el sector 11 centro preventivo de la zona 18<\/p>\n\n\n\n<p>Fraijanes II hay 28 agentes del sistema penitenciarios retenidos, por el momento no hay rehenes heridos ni muertos, sabemos que a pesar de las circunstancias todos est\u00e1n bien, afirm\u00f3 L\u00f3pez.<\/p>\n\n\n\n<p>Los funcionarios se\u00f1alaron que se estar\u00e1 informando conforme se retome el control de los centros penitenciario, a trav\u00e9s de los medios oficiales.<\/p>\n\n\n\n<p>Texto Brenda Larios<\/p>\n\n\n\n<p>#Mingob #reos #motin #c\u00e1rceles #metroredes <a href=\"http:\/\/www.elmetropolitano.com.gt\">www.elmetropolitano.com.gt<\/a> <a href=\"http:\/\/www.metroredes.com\">www.metroredes.com<\/a> <a href=\"http:\/\/www.elescuintleco.com\">www.elescuintleco.com<\/a><\/p>\n\n\n\n<figure class=\"wp-block-gallery has-nested-images columns-default is-cropped wp-block-gallery-1 is-layout-flex wp-block-gallery-is-layout-flex\">\n<figure class=\"wp-block-image size-large\"><img loading=\"lazy\" decoding=\"async\" width=\"768\" height=\"1024\" data-id=\"120566\" src=\"https:\/\/elmetropolitano.com.gt\/es\/wp-content\/uploads\/2026\/01\/615792223_1437042771755135_8504472379585846520_n-1-768x1024.jpg\" alt=\"\" class=\"wp-image-120566\" srcset=\"https:\/\/elmetropolitano.com.gt\/es\/wp-content\/uploads\/2026\/01\/615792223_1437042771755135_8504472379585846520_n-1-768x1024.jpg 768w, https:\/\/elmetropolitano.com.gt\/es\/wp-content\/uploads\/2026\/01\/615792223_1437042771755135_8504472379585846520_n-1-225x300.jpg 225w, https:\/\/elmetropolitano.com.gt\/es\/wp-content\/uploads\/2026\/01\/615792223_1437042771755135_8504472379585846520_n-1.jpg 960w\" sizes=\"auto, (max-width: 768px) 100vw, 768px\" \/><\/figure>\n\n\n\n<figure class=\"wp-block-image size-large\"><img loading=\"lazy\" decoding=\"async\" width=\"1024\" height=\"768\" data-id=\"120568\" src=\"https:\/\/elmetropolitano.com.gt\/es\/wp-content\/uploads\/2026\/01\/615844138_1437042775088468_2668612726540016743_n-2-1024x768.jpg\" alt=\"\" class=\"wp-image-120568\" srcset=\"https:\/\/elmetropolitano.com.gt\/es\/wp-content\/uploads\/2026\/01\/615844138_1437042775088468_2668612726540016743_n-2-1024x768.jpg 1024w, https:\/\/elmetropolitano.com.gt\/es\/wp-content\/uploads\/2026\/01\/615844138_1437042775088468_2668612726540016743_n-2-300x225.jpg 300w, https:\/\/elmetropolitano.com.gt\/es\/wp-content\/uploads\/2026\/01\/615844138_1437042775088468_2668612726540016743_n-2-768x576.jpg 768w, https:\/\/elmetropolitano.com.gt\/es\/wp-content\/uploads\/2026\/01\/615844138_1437042775088468_2668612726540016743_n-2.jpg 1280w\" sizes=\"auto, (max-width: 1024px) 100vw, 1024px\" \/><\/figure>\n\n\n\n<figure class=\"wp-block-image size-large\"><img loading=\"lazy\" decoding=\"async\" width=\"1024\" height=\"768\" data-id=\"120567\" src=\"https:\/\/elmetropolitano.com.gt\/es\/wp-content\/uploads\/2026\/01\/615844155_1437042895088456_1150035023715532119_n-1-1024x768.jpg\" alt=\"\" class=\"wp-image-120567\" srcset=\"https:\/\/elmetropolitano.com.gt\/es\/wp-content\/uploads\/2026\/01\/615844155_1437042895088456_1150035023715532119_n-1-1024x768.jpg 1024w, https:\/\/elmetropolitano.com.gt\/es\/wp-content\/uploads\/2026\/01\/615844155_1437042895088456_1150035023715532119_n-1-300x225.jpg 300w, https:\/\/elmetropolitano.com.gt\/es\/wp-content\/uploads\/2026\/01\/615844155_1437042895088456_1150035023715532119_n-1-768x576.jpg 768w, https:\/\/elmetropolitano.com.gt\/es\/wp-content\/uploads\/2026\/01\/615844155_1437042895088456_1150035023715532119_n-1.jpg 1280w\" sizes=\"auto, (max-width: 1024px) 100vw, 1024px\" \/><\/figure>\n\n\n\n<figure class=\"wp-block-image size-large\"><img loading=\"lazy\" decoding=\"async\" width=\"768\" height=\"1024\" data-id=\"120569\" src=\"https:\/\/elmetropolitano.com.gt\/es\/wp-content\/uploads\/2026\/01\/618074581_1437042801755132_5891820866839637793_n-1-768x1024.jpg\" alt=\"\" class=\"wp-image-120569\" srcset=\"https:\/\/elmetropolitano.com.gt\/es\/wp-content\/uploads\/2026\/01\/618074581_1437042801755132_5891820866839637793_n-1-768x1024.jpg 768w, https:\/\/elmetropolitano.com.gt\/es\/wp-content\/uploads\/2026\/01\/618074581_1437042801755132_5891820866839637793_n-1-225x300.jpg 225w, https:\/\/elmetropolitano.com.gt\/es\/wp-content\/uploads\/2026\/01\/618074581_1437042801755132_5891820866839637793_n-1-1152x1536.jpg 1152w, https:\/\/elmetropolitano.com.gt\/es\/wp-content\/uploads\/2026\/01\/618074581_1437042801755132_5891820866839637793_n-1.jpg 1200w\" sizes=\"auto, (max-width: 768px) 100vw, 768px\" \/><\/figure>\n<\/figure>\n","protected":false},"excerpt":{"rendered":"<p>Tras las alteraciones registradas en tres centros carcelarios del pa\u00eds, el ministro de Gobernaci\u00f3n, Marco Antonio Villeda, resalt\u00f3 que no se negociar\u00e1 con los privados de libertad y se retomar\u00e1 el control de estos. Durante una conferencia de prensa, tras hacer un sobrevuelo en los centros carcelarios donde se produjeron esos des\u00f3rdenes, el titular de <a class=\"read-more\" href=\"https:\/\/elmetropolitano.com.gt\/es\/ministro-de-gobernacion-no-vamos-a-negociar-con-terroristas-y-vamos-a-retomar-el-control-de-la-prision\/\">Leer m\u00e1s<\/a><\/p>\n","protected":false},"author":1,"featured_media":120565,"comment_status":"open","ping_status":"closed","sticky":false,"template":"","format":"standard","meta":{"footnotes":""},"categories":[4],"tags":[13],"class_list":["post-120564","post","type-post","status-publish","format-standard","has-post-thumbnail","hentry","category-departamentales","tag-departamentales"],"_links":{"self":[{"href":"https:\/\/elmetropolitano.com.gt\/es\/wp-json\/wp\/v2\/posts\/120564","targetHints":{"allow":["GET"]}}],"collection":[{"href":"https:\/\/elmetropolitano.com.gt\/es\/wp-json\/wp\/v2\/posts"}],"about":[{"href":"https:\/\/elmetropolitano.com.gt\/es\/wp-json\/wp\/v2\/types\/post"}],"author":[{"embeddable":true,"href":"https:\/\/elmetropolitano.com.gt\/es\/wp-json\/wp\/v2\/users\/1"}],"replies":[{"embeddable":true,"href":"https:\/\/elmetropolitano.com.gt\/es\/wp-json\/wp\/v2\/comments?post=120564"}],"version-history":[{"count":1,"href":"https:\/\/elmetropolitano.com.gt\/es\/wp-json\/wp\/v2\/posts\/120564\/revisions"}],"predecessor-version":[{"id":120570,"href":"https:\/\/elmetropolitano.com.gt\/es\/wp-json\/wp\/v2\/posts\/120564\/revisions\/120570"}],"wp:featuredmedia":[{"embeddable":true,"href":"https:\/\/elmetropolitano.com.gt\/es\/wp-json\/wp\/v2\/media\/120565"}],"wp:attachment":[{"href":"https:\/\/elmetropolitano.com.gt\/es\/wp-json\/wp\/v2\/media?parent=120564"}],"wp:term":[{"taxonomy":"category","embeddable":true,"href":"https:\/\/elmetropolitano.com.gt\/es\/wp-json\/wp\/v2\/categories?post=120564"},{"taxonomy":"post_tag","embeddable":true,"href":"https:\/\/elmetropolitano.com.gt\/es\/wp-json\/wp\/v2\/tags?post=120564"}],"curies":[{"name":"wp","href":"https:\/\/api.w.org\/{rel}","templated":true}]}}