{"id":120721,"date":"2026-01-19T20:45:01","date_gmt":"2026-01-20T02:45:01","guid":{"rendered":"https:\/\/elmetropolitano.com.gt\/es\/?p=120721"},"modified":"2026-01-19T20:45:02","modified_gmt":"2026-01-20T02:45:02","slug":"estado-de-sitio-gobierno-intensifica-acciones-contra-estructuras-criminales","status":"publish","type":"post","link":"https:\/\/elmetropolitano.com.gt\/es\/estado-de-sitio-gobierno-intensifica-acciones-contra-estructuras-criminales\/","title":{"rendered":"Estado de sitio: Gobierno intensifica acciones contra estructuras criminales"},"content":{"rendered":"\n<p>El estado de sitio declarado por el presidente Bernardo Ar\u00e9valo la tarde del domingo 18 deriv\u00f3 en la articulaci\u00f3n de esfuerzos de seguridad, como respuesta a los ataques armados perpetrados por integrantes del Barrio 18 durante el fin de semana, en los que nueve agentes de la Polic\u00eda Nacional Civil (PNC) perdieron la vida.<\/p>\n\n\n\n<p>La medida busca restablecer el orden p\u00fablico y debilitar las estructuras criminales que operan en distintos puntos del pa\u00eds. Seg\u00fan inform\u00f3 el Ejecutivo, el estado de sitio, que tendr\u00e1 vigencia de 30 d\u00edas, est\u00e1 dirigido exclusivamente contra maras, pandillas y grupos delictivos que generan violencia y temor en la poblaci\u00f3n.<\/p><div class=\"elmet-contenido\" id=\"elmet-845647759\"><div class=\"elmet-adlabel\">Anuncios<\/div><div style=\"margin-top: 20px;margin-right: 20px;margin-bottom: 20px;margin-left: 20px;\" id=\"elmet-4058689006\"><a href=\"https:\/\/www.facebook.com\/arrincuanantigua\/\" aria-label=\"cintillo-arrin-cual\"><img loading=\"lazy\" decoding=\"async\" src=\"https:\/\/elmetropolitano.com.gt\/es\/wp-content\/uploads\/2021\/11\/cintillo-arrin-cual-1.jpg\" alt=\"\"  srcset=\"https:\/\/elmetropolitano.com.gt\/es\/wp-content\/uploads\/2021\/11\/cintillo-arrin-cual-1.jpg 750w, https:\/\/elmetropolitano.com.gt\/es\/wp-content\/uploads\/2021\/11\/cintillo-arrin-cual-1-300x36.jpg 300w, https:\/\/elmetropolitano.com.gt\/es\/wp-content\/uploads\/2021\/11\/cintillo-arrin-cual-1-600x72.jpg 600w\" sizes=\"(max-width: 750px) 100vw, 750px\" width=\"750\" height=\"90\"   \/><\/a><\/div><\/div>\n\n\n\n<p>El Gobierno enfatiz\u00f3 que la disposici\u00f3n no tiene como objetivo limitar los derechos de los ciudadanos que cumplen la ley, sino fortalecer las acciones de seguridad ante la amenaza criminal.<\/p>\n\n\n\n<p>Resultados tras la declaraci\u00f3n<\/p>\n\n\n\n<p>Desde la entrada en vigencia de la medida, las fuerzas de seguridad reportan importantes resultados operativos. Hasta el momento se contabilizan 44 personas detenidas, 2 armas de fuego incautadas, 36 motocicletas consignadas (una de ellas con reporte de robo) y 9 veh\u00edculos decomisados.<\/p>\n\n\n\n<p>Adem\u00e1s, se desarrollan 20 allanamientos en distintos sectores, incluyendo San Pedro Ayampuc; las zonas 6, 12, 13 y 18 de la ciudad capital; as\u00ed como Villa Nueva, y Boca del Monte (Villa Canales).<\/p>\n\n\n\n<p>Estas acciones forman parte de un plan coordinado entre la PNC y el Ej\u00e9rcito de Guatemala, con el fin de identificar y desarticular c\u00e9lulas criminales que operan en estas \u00e1reas.<\/p>\n\n\n\n<p>Despliegue del Ej\u00e9rcito y control territorial<\/p>\n\n\n\n<p>Como parte del refuerzo de seguridad, el Ej\u00e9rcito de Guatemala ha desplegado personal en puntos estrat\u00e9gicos de las zonas 6 y 18 de la capital, adem\u00e1s de Fraijanes y Villa Nueva. Tambi\u00e9n se ha extendido la presencia militar a Quetzaltenango y se brinda apoyo en la seguridad perimetral de distintos centros de detenci\u00f3n.<\/p>\n\n\n\n<p>Las autoridades indicaron que este acompa\u00f1amiento busca fortalecer el control territorial, prevenir nuevos hechos violentos y garantizar el cumplimiento de las disposiciones establecidas durante el estado de sitio.<\/p>\n\n\n\n<p>Medidas establecidas<\/p>\n\n\n\n<p>Entre las principales acciones autorizadas con la instalaci\u00f3n del estado de sitio se incluye la limitaci\u00f3n de reuniones al aire libre, manifestaciones p\u00fablicas o espect\u00e1culos sin autorizaci\u00f3n. Tambi\u00e9n se faculta a las fuerzas de seguridad para disolver por la fuerza cualquier reuni\u00f3n o manifestaci\u00f3n donde se haga uso de armas o se registren actos de violencia.<\/p>\n\n\n\n<p>Asimismo, se permite restringir la circulaci\u00f3n o estacionamiento en lugares determinados, realizar registros, ordenar detenciones de personas sospechosas y garantizar el funcionamiento de servicios p\u00fablicos esenciales. Las autoridades tambi\u00e9n podr\u00e1n reprimir cualquier acci\u00f3n contraria a las disposiciones vigentes.<\/p>\n\n\n\n<p>El Gobierno reiter\u00f3 que estas medidas buscan recuperar la seguridad ciudadana y frenar el avance de las estructuras criminales, priorizando la protecci\u00f3n de la poblaci\u00f3n guatemalteca.<\/p>\n\n\n\n<p>Texto Lincy Rodr\u00edguez<\/p>\n\n\n\n<p>#Operativos #EstadodeSitio #Metroredes <a href=\"http:\/\/www.elmetropolitano.com.gt\">www.elmetropolitano.com.gt<\/a> <a href=\"http:\/\/www.metroredes.com\">www.metroredes.com<\/a> <a href=\"http:\/\/www.elescuintleco.com\">www.elescuintleco.com<\/a><\/p>\n\n\n\n<figure class=\"wp-block-gallery has-nested-images columns-default is-cropped wp-block-gallery-1 is-layout-flex wp-block-gallery-is-layout-flex\">\n<figure class=\"wp-block-image size-large\"><img loading=\"lazy\" decoding=\"async\" width=\"1024\" height=\"768\" data-id=\"120726\" src=\"https:\/\/elmetropolitano.com.gt\/es\/wp-content\/uploads\/2026\/01\/G_C5AdgWIAAshYN-1024x768.jpg\" alt=\"\" class=\"wp-image-120726\" srcset=\"https:\/\/elmetropolitano.com.gt\/es\/wp-content\/uploads\/2026\/01\/G_C5AdgWIAAshYN-1024x768.jpg 1024w, https:\/\/elmetropolitano.com.gt\/es\/wp-content\/uploads\/2026\/01\/G_C5AdgWIAAshYN-300x225.jpg 300w, https:\/\/elmetropolitano.com.gt\/es\/wp-content\/uploads\/2026\/01\/G_C5AdgWIAAshYN-768x576.jpg 768w, https:\/\/elmetropolitano.com.gt\/es\/wp-content\/uploads\/2026\/01\/G_C5AdgWIAAshYN-1536x1152.jpg 1536w, https:\/\/elmetropolitano.com.gt\/es\/wp-content\/uploads\/2026\/01\/G_C5AdgWIAAshYN.jpg 1600w\" sizes=\"auto, (max-width: 1024px) 100vw, 1024px\" \/><\/figure>\n\n\n\n<figure class=\"wp-block-image size-large\"><img loading=\"lazy\" decoding=\"async\" width=\"851\" height=\"1024\" data-id=\"120723\" src=\"https:\/\/elmetropolitano.com.gt\/es\/wp-content\/uploads\/2026\/01\/G_C5AdgWMAEk_ct-851x1024.jpg\" alt=\"\" class=\"wp-image-120723\" srcset=\"https:\/\/elmetropolitano.com.gt\/es\/wp-content\/uploads\/2026\/01\/G_C5AdgWMAEk_ct-851x1024.jpg 851w, https:\/\/elmetropolitano.com.gt\/es\/wp-content\/uploads\/2026\/01\/G_C5AdgWMAEk_ct-249x300.jpg 249w, https:\/\/elmetropolitano.com.gt\/es\/wp-content\/uploads\/2026\/01\/G_C5AdgWMAEk_ct-768x924.jpg 768w, https:\/\/elmetropolitano.com.gt\/es\/wp-content\/uploads\/2026\/01\/G_C5AdgWMAEk_ct.jpg 927w\" sizes=\"auto, (max-width: 851px) 100vw, 851px\" \/><\/figure>\n\n\n\n<figure class=\"wp-block-image size-large\"><img loading=\"lazy\" decoding=\"async\" width=\"1024\" height=\"512\" data-id=\"120724\" src=\"https:\/\/elmetropolitano.com.gt\/es\/wp-content\/uploads\/2026\/01\/WhatsApp-Image-2026-01-19-at-1.21.49-PM-1140x570-2-1024x512.jpg\" alt=\"\" class=\"wp-image-120724\" srcset=\"https:\/\/elmetropolitano.com.gt\/es\/wp-content\/uploads\/2026\/01\/WhatsApp-Image-2026-01-19-at-1.21.49-PM-1140x570-2-1024x512.jpg 1024w, https:\/\/elmetropolitano.com.gt\/es\/wp-content\/uploads\/2026\/01\/WhatsApp-Image-2026-01-19-at-1.21.49-PM-1140x570-2-300x150.jpg 300w, https:\/\/elmetropolitano.com.gt\/es\/wp-content\/uploads\/2026\/01\/WhatsApp-Image-2026-01-19-at-1.21.49-PM-1140x570-2-768x384.jpg 768w, https:\/\/elmetropolitano.com.gt\/es\/wp-content\/uploads\/2026\/01\/WhatsApp-Image-2026-01-19-at-1.21.49-PM-1140x570-2.jpg 1140w\" sizes=\"auto, (max-width: 1024px) 100vw, 1024px\" \/><\/figure>\n\n\n\n<figure class=\"wp-block-image size-large\"><img loading=\"lazy\" decoding=\"async\" width=\"1024\" height=\"576\" data-id=\"120725\" src=\"https:\/\/elmetropolitano.com.gt\/es\/wp-content\/uploads\/2026\/01\/G_C5AdlXYAEB5Vi-1024x576.jpg\" alt=\"\" class=\"wp-image-120725\" srcset=\"https:\/\/elmetropolitano.com.gt\/es\/wp-content\/uploads\/2026\/01\/G_C5AdlXYAEB5Vi-1024x576.jpg 1024w, https:\/\/elmetropolitano.com.gt\/es\/wp-content\/uploads\/2026\/01\/G_C5AdlXYAEB5Vi-300x169.jpg 300w, https:\/\/elmetropolitano.com.gt\/es\/wp-content\/uploads\/2026\/01\/G_C5AdlXYAEB5Vi-768x432.jpg 768w, https:\/\/elmetropolitano.com.gt\/es\/wp-content\/uploads\/2026\/01\/G_C5AdlXYAEB5Vi-1536x864.jpg 1536w, https:\/\/elmetropolitano.com.gt\/es\/wp-content\/uploads\/2026\/01\/G_C5AdlXYAEB5Vi.jpg 1600w\" sizes=\"auto, (max-width: 1024px) 100vw, 1024px\" \/><\/figure>\n<\/figure>\n","protected":false},"excerpt":{"rendered":"<p>El estado de sitio declarado por el presidente Bernardo Ar\u00e9valo la tarde del domingo 18 deriv\u00f3 en la articulaci\u00f3n de esfuerzos de seguridad, como respuesta a los ataques armados perpetrados por integrantes del Barrio 18 durante el fin de semana, en los que nueve agentes de la Polic\u00eda Nacional Civil (PNC) perdieron la vida. La <a class=\"read-more\" href=\"https:\/\/elmetropolitano.com.gt\/es\/estado-de-sitio-gobierno-intensifica-acciones-contra-estructuras-criminales\/\">Leer m\u00e1s<\/a><\/p>\n","protected":false},"author":1,"featured_media":120722,"comment_status":"open","ping_status":"closed","sticky":false,"template":"","format":"standard","meta":{"footnotes":""},"categories":[1],"tags":[],"class_list":["post-120721","post","type-post","status-publish","format-standard","has-post-thumbnail","hentry","category-uncategorized"],"_links":{"self":[{"href":"https:\/\/elmetropolitano.com.gt\/es\/wp-json\/wp\/v2\/posts\/120721","targetHints":{"allow":["GET"]}}],"collection":[{"href":"https:\/\/elmetropolitano.com.gt\/es\/wp-json\/wp\/v2\/posts"}],"about":[{"href":"https:\/\/elmetropolitano.com.gt\/es\/wp-json\/wp\/v2\/types\/post"}],"author":[{"embeddable":true,"href":"https:\/\/elmetropolitano.com.gt\/es\/wp-json\/wp\/v2\/users\/1"}],"replies":[{"embeddable":true,"href":"https:\/\/elmetropolitano.com.gt\/es\/wp-json\/wp\/v2\/comments?post=120721"}],"version-history":[{"count":1,"href":"https:\/\/elmetropolitano.com.gt\/es\/wp-json\/wp\/v2\/posts\/120721\/revisions"}],"predecessor-version":[{"id":120727,"href":"https:\/\/elmetropolitano.com.gt\/es\/wp-json\/wp\/v2\/posts\/120721\/revisions\/120727"}],"wp:featuredmedia":[{"embeddable":true,"href":"https:\/\/elmetropolitano.com.gt\/es\/wp-json\/wp\/v2\/media\/120722"}],"wp:attachment":[{"href":"https:\/\/elmetropolitano.com.gt\/es\/wp-json\/wp\/v2\/media?parent=120721"}],"wp:term":[{"taxonomy":"category","embeddable":true,"href":"https:\/\/elmetropolitano.com.gt\/es\/wp-json\/wp\/v2\/categories?post=120721"},{"taxonomy":"post_tag","embeddable":true,"href":"https:\/\/elmetropolitano.com.gt\/es\/wp-json\/wp\/v2\/tags?post=120721"}],"curies":[{"name":"wp","href":"https:\/\/api.w.org\/{rel}","templated":true}]}}