{"id":120895,"date":"2026-01-23T13:30:21","date_gmt":"2026-01-23T19:30:21","guid":{"rendered":"https:\/\/elmetropolitano.com.gt\/es\/?p=120895"},"modified":"2026-01-23T13:30:22","modified_gmt":"2026-01-23T19:30:22","slug":"superintendente-de-sat-werner-ovalle-confirmado-en-el-cargo-por-haber-logrado-las-metas-de-recaudacion","status":"publish","type":"post","link":"https:\/\/elmetropolitano.com.gt\/es\/superintendente-de-sat-werner-ovalle-confirmado-en-el-cargo-por-haber-logrado-las-metas-de-recaudacion\/","title":{"rendered":"Superintendente de SAT Werner Ovalle confirmado en el cargo por haber logrado las metas de recaudaci\u00f3n"},"content":{"rendered":"\n<p>El Directorio de la SAT confirm\u00f3 la noche de este jueves la continuidad del superintendente Werner Ovalle Ram\u00edrez luego de la evaluaci\u00f3n anual seg\u00fan lo inform\u00f3 en un comunicado de prensa.<\/p>\n\n\n\n<p>\u201cQue con base en la evaluaci\u00f3n realizada hoy a la gesti\u00f3n institucional del<\/p><div class=\"elmet-contenido\" id=\"elmet-1021567093\"><div class=\"elmet-adlabel\">Anuncios<\/div><div style=\"margin-top: 20px;margin-right: 20px;margin-bottom: 20px;margin-left: 20px;\" id=\"elmet-1885204708\"><a href=\"https:\/\/www.facebook.com\/arrincuanantigua\/\" aria-label=\"cintillo-arrin-cual\"><img loading=\"lazy\" decoding=\"async\" src=\"https:\/\/elmetropolitano.com.gt\/es\/wp-content\/uploads\/2021\/11\/cintillo-arrin-cual-1.jpg\" alt=\"\"  srcset=\"https:\/\/elmetropolitano.com.gt\/es\/wp-content\/uploads\/2021\/11\/cintillo-arrin-cual-1.jpg 750w, https:\/\/elmetropolitano.com.gt\/es\/wp-content\/uploads\/2021\/11\/cintillo-arrin-cual-1-300x36.jpg 300w, https:\/\/elmetropolitano.com.gt\/es\/wp-content\/uploads\/2021\/11\/cintillo-arrin-cual-1-600x72.jpg 600w\" sizes=\"(max-width: 750px) 100vw, 750px\" width=\"750\" height=\"90\"   \/><\/a><\/div><\/div>\n\n\n\n<p>Superintendente Werner Ovalle Ram\u00edrez, como parte de sus atribuciones y mandato legal. El Directorio de la SAT, en forma un\u00e1nime, declara cumplido el Convenio para el Cumplimiento de las metas de Recaudaci\u00f3n Tributaria para el Ejercicio Fiscal 2025, el cual fue suscrito entre el Ministerio de Finanzas y la Superintendencia de<\/p>\n\n\n\n<p>Administraci\u00f3n Tributaria\u201d<\/p>\n\n\n\n<p>Agregando que \u201c los miembros del Directorio reconocieron el liderazgo del Superintendente, los avances en su gesti\u00f3n y extendieron una felicitaci\u00f3n a los m\u00e1s de 7,300 trabajadores de la Administraci\u00f3n Tributaria, inst\u00e1ndolos a continuar siendo referentes en el servicio p\u00fablico\u201d<\/p>\n\n\n\n<p><a href=\"https:\/\/www.facebook.com\/hashtag\/satguatemala?__eep__=6&amp;__cft__[0]=AZb6ukz1tR84TM2QW6ENVWcCCGz3Y3Qt3LCYddzWgkE2Ws03fgI5JmTtnOTUnY1WNw3Ai9Mfb_c3Ar7wwTWQ51xY3VqGeSfjBZKEMwScOMUkfB4otie7ybOTui547qy6MrS8gpHevEiRzWaLDD_RzzfkHwgBH9o7E2I5TqAIhTs5-J2pSQoyv1Z_4L-nGNLgQl8&amp;__tn__=*NK-R\">#SATGuatemala<\/a><a href=\"https:\/\/www.facebook.com\/hashtag\/elfinancierogt?__eep__=6&amp;__cft__[0]=AZb6ukz1tR84TM2QW6ENVWcCCGz3Y3Qt3LCYddzWgkE2Ws03fgI5JmTtnOTUnY1WNw3Ai9Mfb_c3Ar7wwTWQ51xY3VqGeSfjBZKEMwScOMUkfB4otie7ybOTui547qy6MrS8gpHevEiRzWaLDD_RzzfkHwgBH9o7E2I5TqAIhTs5-J2pSQoyv1Z_4L-nGNLgQl8&amp;__tn__=*NK-R\">#elfinancierogt<\/a><a href=\"https:\/\/www.facebook.com\/hashtag\/metroredes?__eep__=6&amp;__cft__[0]=AZb6ukz1tR84TM2QW6ENVWcCCGz3Y3Qt3LCYddzWgkE2Ws03fgI5JmTtnOTUnY1WNw3Ai9Mfb_c3Ar7wwTWQ51xY3VqGeSfjBZKEMwScOMUkfB4otie7ybOTui547qy6MrS8gpHevEiRzWaLDD_RzzfkHwgBH9o7E2I5TqAIhTs5-J2pSQoyv1Z_4L-nGNLgQl8&amp;__tn__=*NK-R\">#metroredes<\/a><\/p>\n","protected":false},"excerpt":{"rendered":"<p>El Directorio de la SAT confirm\u00f3 la noche de este jueves la continuidad del superintendente Werner Ovalle Ram\u00edrez luego de la evaluaci\u00f3n anual seg\u00fan lo inform\u00f3 en un comunicado de prensa. \u201cQue con base en la evaluaci\u00f3n realizada hoy a la gesti\u00f3n institucional del Superintendente Werner Ovalle Ram\u00edrez, como parte de sus atribuciones y mandato <a class=\"read-more\" href=\"https:\/\/elmetropolitano.com.gt\/es\/superintendente-de-sat-werner-ovalle-confirmado-en-el-cargo-por-haber-logrado-las-metas-de-recaudacion\/\">Leer m\u00e1s<\/a><\/p>\n","protected":false},"author":1,"featured_media":120896,"comment_status":"open","ping_status":"closed","sticky":false,"template":"","format":"standard","meta":{"footnotes":""},"categories":[21],"tags":[20],"class_list":["post-120895","post","type-post","status-publish","format-standard","has-post-thumbnail","hentry","category-economia","tag-economia"],"_links":{"self":[{"href":"https:\/\/elmetropolitano.com.gt\/es\/wp-json\/wp\/v2\/posts\/120895","targetHints":{"allow":["GET"]}}],"collection":[{"href":"https:\/\/elmetropolitano.com.gt\/es\/wp-json\/wp\/v2\/posts"}],"about":[{"href":"https:\/\/elmetropolitano.com.gt\/es\/wp-json\/wp\/v2\/types\/post"}],"author":[{"embeddable":true,"href":"https:\/\/elmetropolitano.com.gt\/es\/wp-json\/wp\/v2\/users\/1"}],"replies":[{"embeddable":true,"href":"https:\/\/elmetropolitano.com.gt\/es\/wp-json\/wp\/v2\/comments?post=120895"}],"version-history":[{"count":1,"href":"https:\/\/elmetropolitano.com.gt\/es\/wp-json\/wp\/v2\/posts\/120895\/revisions"}],"predecessor-version":[{"id":120897,"href":"https:\/\/elmetropolitano.com.gt\/es\/wp-json\/wp\/v2\/posts\/120895\/revisions\/120897"}],"wp:featuredmedia":[{"embeddable":true,"href":"https:\/\/elmetropolitano.com.gt\/es\/wp-json\/wp\/v2\/media\/120896"}],"wp:attachment":[{"href":"https:\/\/elmetropolitano.com.gt\/es\/wp-json\/wp\/v2\/media?parent=120895"}],"wp:term":[{"taxonomy":"category","embeddable":true,"href":"https:\/\/elmetropolitano.com.gt\/es\/wp-json\/wp\/v2\/categories?post=120895"},{"taxonomy":"post_tag","embeddable":true,"href":"https:\/\/elmetropolitano.com.gt\/es\/wp-json\/wp\/v2\/tags?post=120895"}],"curies":[{"name":"wp","href":"https:\/\/api.w.org\/{rel}","templated":true}]}}