{"id":122139,"date":"2026-02-12T11:19:14","date_gmt":"2026-02-12T17:19:14","guid":{"rendered":"https:\/\/elmetropolitano.com.gt\/es\/?p=122139"},"modified":"2026-02-12T11:19:16","modified_gmt":"2026-02-12T17:19:16","slug":"ejercito-preve-colocar-el-1-de-abril-la-primera-piedra-de-la-carcel-de-maxima-seguridad-en-izabal","status":"publish","type":"post","link":"https:\/\/elmetropolitano.com.gt\/es\/ejercito-preve-colocar-el-1-de-abril-la-primera-piedra-de-la-carcel-de-maxima-seguridad-en-izabal\/","title":{"rendered":"Ej\u00e9rcito prev\u00e9 colocar el 1 de abril la primera piedra de la c\u00e1rcel de m\u00e1xima seguridad en Izabal"},"content":{"rendered":"\n<p>La edificaci\u00f3n de una nueva c\u00e1rcel de m\u00e1xima seguridad en el departamento de Izabal podr\u00eda iniciar a principios de abril, seg\u00fan lo confirm\u00f3 el titular del Ministerio de la Defensa Nacional, Henry Saenz, durante una citaci\u00f3n en el Congreso de la Rep\u00fablica.<\/p>\n\n\n\n<p>El proyecto forma parte de la estrategia integral de seguridad que impulsa el Ejecutivo para debilitar las estructuras criminales que contin\u00faan operando incluso desde los centros penitenciarios del pa\u00eds.<\/p><div class=\"elmet-contenido\" id=\"elmet-1703084630\"><div class=\"elmet-adlabel\">Anuncios<\/div><div style=\"margin-top: 20px;margin-right: 20px;margin-bottom: 20px;margin-left: 20px;\" id=\"elmet-2499051689\"><a href=\"https:\/\/www.facebook.com\/arrincuanantigua\/\" aria-label=\"cintillo-arrin-cual\"><img loading=\"lazy\" decoding=\"async\" src=\"https:\/\/elmetropolitano.com.gt\/es\/wp-content\/uploads\/2021\/11\/cintillo-arrin-cual-1.jpg\" alt=\"\"  srcset=\"https:\/\/elmetropolitano.com.gt\/es\/wp-content\/uploads\/2021\/11\/cintillo-arrin-cual-1.jpg 750w, https:\/\/elmetropolitano.com.gt\/es\/wp-content\/uploads\/2021\/11\/cintillo-arrin-cual-1-300x36.jpg 300w, https:\/\/elmetropolitano.com.gt\/es\/wp-content\/uploads\/2021\/11\/cintillo-arrin-cual-1-600x72.jpg 600w\" sizes=\"(max-width: 750px) 100vw, 750px\" width=\"750\" height=\"90\"   \/><\/a><\/div><\/div>\n\n\n\n<p>Durante su intervenci\u00f3n, el titular de la Defensa asegur\u00f3 que los ingenieros del Ej\u00e9rcito ya tienen listo el dise\u00f1o del centro penitenciario, el cual se trabaja desde hace m\u00e1s de un a\u00f1o y cuenta con la aprobaci\u00f3n de expertos nacionales e internacionales.<\/p>\n\n\n\n<p>Saenz explic\u00f3 que la obra se encuentra en una fase anal\u00edtica y t\u00e9cnica avanzada, lo que permite proyectar el inicio formal de la construcci\u00f3n el pr\u00f3ximo 1 de abril, fecha en la que se prev\u00e9 colocar la primera piedra y a partir de ah\u00ed se contempla que la finalizaci\u00f3n de la construcci\u00f3n sea en un a\u00f1o. El proyecto contar\u00e1 con un financiamiento asignado de 500 millones de quetzales.<\/p>\n\n\n\n<p>El ministro de la Defensa puntualiz\u00f3 ante los diputados:<\/p>\n\n\n\n<p>Ya est\u00e1 en el anal\u00edtico, ya se est\u00e1 trabajado de tal manera que podemos proyectar que el 1 de abril podemos estar colocando la primera piedra para este proyecto. Son 500 millones de quetzales.<\/p>\n\n\n\n<p>La ejecuci\u00f3n del proyecto estar\u00e1 a cargo del Cuerpo de Ingenieros del Ej\u00e9rcito, Entidad que ser\u00e1 responsables de levantar un recinto con altos est\u00e1ndares de seguridad y control estricto, acorde con las necesidades del sistema carcelario nacional.<\/p>\n\n\n\n<p>Capacidad y objetivo del nuevo centro penitenciario<\/p>\n\n\n\n<p>El nuevo centro de m\u00e1xima seguridad tendr\u00e1 capacidad para albergar a cerca de 2 mil privados de libertad. De acuerdo con las autoridades, su principal objetivo ser\u00e1 cortar la l\u00ednea de mando de las estructuras criminales que actualmente contin\u00faan coordinando actividades il\u00edcitas desde el interior de las c\u00e1rceles.<\/p>\n\n\n\n<p>Asimismo. el dise\u00f1o contempla un r\u00e9gimen diferenciado para el cumplimiento de penas, con medidas estrictas de control, vigilancia y aislamiento, enfocadas en evitar la comunicaci\u00f3n il\u00edcita hacia el exterior.<\/p>\n\n\n\n<p>Saenz tambi\u00e9n indic\u00f3 que el dise\u00f1o de la nueva prisi\u00f3n se present\u00f3 a distintas autoridades, incluyendo el Ministerio de Gobernaci\u00f3n (Mingob), como parte de una coordinaci\u00f3n interinstitucional en materia de seguridad.<\/p>\n\n\n\n<p>Texto Lincy Rodr\u00edguez<\/p>\n\n\n\n<p>#C\u00e1rcel #Ej\u00e9rcito #metroredes www.elmetropolitano.com.gt www.metroredes.com<\/p>\n","protected":false},"excerpt":{"rendered":"<p>La edificaci\u00f3n de una nueva c\u00e1rcel de m\u00e1xima seguridad en el departamento de Izabal podr\u00eda iniciar a principios de abril, seg\u00fan lo confirm\u00f3 el titular del Ministerio de la Defensa Nacional, Henry Saenz, durante una citaci\u00f3n en el Congreso de la Rep\u00fablica. El proyecto forma parte de la estrategia integral de seguridad que impulsa el <a class=\"read-more\" href=\"https:\/\/elmetropolitano.com.gt\/es\/ejercito-preve-colocar-el-1-de-abril-la-primera-piedra-de-la-carcel-de-maxima-seguridad-en-izabal\/\">Leer m\u00e1s<\/a><\/p>\n","protected":false},"author":1,"featured_media":122140,"comment_status":"open","ping_status":"closed","sticky":false,"template":"","format":"standard","meta":{"footnotes":""},"categories":[4],"tags":[13],"class_list":["post-122139","post","type-post","status-publish","format-standard","has-post-thumbnail","hentry","category-departamentales","tag-departamentales"],"_links":{"self":[{"href":"https:\/\/elmetropolitano.com.gt\/es\/wp-json\/wp\/v2\/posts\/122139","targetHints":{"allow":["GET"]}}],"collection":[{"href":"https:\/\/elmetropolitano.com.gt\/es\/wp-json\/wp\/v2\/posts"}],"about":[{"href":"https:\/\/elmetropolitano.com.gt\/es\/wp-json\/wp\/v2\/types\/post"}],"author":[{"embeddable":true,"href":"https:\/\/elmetropolitano.com.gt\/es\/wp-json\/wp\/v2\/users\/1"}],"replies":[{"embeddable":true,"href":"https:\/\/elmetropolitano.com.gt\/es\/wp-json\/wp\/v2\/comments?post=122139"}],"version-history":[{"count":1,"href":"https:\/\/elmetropolitano.com.gt\/es\/wp-json\/wp\/v2\/posts\/122139\/revisions"}],"predecessor-version":[{"id":122141,"href":"https:\/\/elmetropolitano.com.gt\/es\/wp-json\/wp\/v2\/posts\/122139\/revisions\/122141"}],"wp:featuredmedia":[{"embeddable":true,"href":"https:\/\/elmetropolitano.com.gt\/es\/wp-json\/wp\/v2\/media\/122140"}],"wp:attachment":[{"href":"https:\/\/elmetropolitano.com.gt\/es\/wp-json\/wp\/v2\/media?parent=122139"}],"wp:term":[{"taxonomy":"category","embeddable":true,"href":"https:\/\/elmetropolitano.com.gt\/es\/wp-json\/wp\/v2\/categories?post=122139"},{"taxonomy":"post_tag","embeddable":true,"href":"https:\/\/elmetropolitano.com.gt\/es\/wp-json\/wp\/v2\/tags?post=122139"}],"curies":[{"name":"wp","href":"https:\/\/api.w.org\/{rel}","templated":true}]}}