{"id":122254,"date":"2026-02-13T22:23:18","date_gmt":"2026-02-14T04:23:18","guid":{"rendered":"https:\/\/elmetropolitano.com.gt\/es\/?p=122254"},"modified":"2026-02-13T22:23:19","modified_gmt":"2026-02-14T04:23:19","slug":"capturado-ex-director-financiero-de-municipalidad-de-santa-catarina-la-tinta-por-peculado","status":"publish","type":"post","link":"https:\/\/elmetropolitano.com.gt\/es\/capturado-ex-director-financiero-de-municipalidad-de-santa-catarina-la-tinta-por-peculado\/","title":{"rendered":"Capturado ex director financiero de municipalidad de Santa Catarina La Tinta por peculado"},"content":{"rendered":"\n<p>Pablo de 48 a\u00f1os, fue detenido por polic\u00edas de la comisar\u00eda 62 en el km 1, de la ruta CA 13, Santa Elena, Flores, Pet\u00e9n, luego de ser identificado en un puesto de control interinstitucional con el Ej\u00e9rcito de Guatemala. Se estableci\u00f3 que es requerido desde el 30 de enero del a\u00f1o pasado por un juzgado de Alta Verapaz por peculado por sustracci\u00f3n, incumplimiento de deberes y lavado de dinero y otros activos.<\/p>\n\n\n\n<p>Presuntamente, el detenido habr\u00eda fungido en el a\u00f1o 2015 como director administrativo de la municipalidad de Santa Catalina La Tinta, Alta Verapaz y durante su funci\u00f3n se habr\u00edan malversado Q.7 millones del Programa Mundial de Alimentos.<\/p><div class=\"elmet-contenido\" id=\"elmet-2223159422\"><div class=\"elmet-adlabel\">Anuncios<\/div><div style=\"margin-top: 20px;margin-right: 20px;margin-bottom: 20px;margin-left: 20px;\" id=\"elmet-851130877\"><a href=\"https:\/\/www.facebook.com\/arrincuanantigua\/\" aria-label=\"cintillo-arrin-cual\"><img loading=\"lazy\" decoding=\"async\" src=\"https:\/\/elmetropolitano.com.gt\/es\/wp-content\/uploads\/2021\/11\/cintillo-arrin-cual-1.jpg\" alt=\"\"  srcset=\"https:\/\/elmetropolitano.com.gt\/es\/wp-content\/uploads\/2021\/11\/cintillo-arrin-cual-1.jpg 750w, https:\/\/elmetropolitano.com.gt\/es\/wp-content\/uploads\/2021\/11\/cintillo-arrin-cual-1-300x36.jpg 300w, https:\/\/elmetropolitano.com.gt\/es\/wp-content\/uploads\/2021\/11\/cintillo-arrin-cual-1-600x72.jpg 600w\" sizes=\"(max-width: 750px) 100vw, 750px\" width=\"750\" height=\"90\"   \/><\/a><\/div><\/div>\n\n\n\n<p><a href=\"https:\/\/www.facebook.com\/hashtag\/estadodesitio?__eep__=6&amp;__cft__[0]=AZYEyf7JsL4ST6d2TEiQThRFmG6LXNf9AONeiiRhuMcUJrh0Fl29za5e2s4gWNO3NkGeVHkYwGz8_PPnJSmNKaRjdoAKkq2L2AH9IhJlCjiSWQXQj7cZoG_wnC5Ro2yTipRCqZd0DSQTViyvnTdU_ESWTWFxtnBxHPh6RkcbVG8b0exIgMGyo4wg3GrBNbhNNpk&amp;__tn__=*NK-R\">#EstadoDeSitio<\/a><a href=\"https:\/\/www.facebook.com\/hashtag\/corrupcion?__eep__=6&amp;__cft__[0]=AZYEyf7JsL4ST6d2TEiQThRFmG6LXNf9AONeiiRhuMcUJrh0Fl29za5e2s4gWNO3NkGeVHkYwGz8_PPnJSmNKaRjdoAKkq2L2AH9IhJlCjiSWQXQj7cZoG_wnC5Ro2yTipRCqZd0DSQTViyvnTdU_ESWTWFxtnBxHPh6RkcbVG8b0exIgMGyo4wg3GrBNbhNNpk&amp;__tn__=*NK-R\">#Corrupcion<\/a> <a href=\"https:\/\/www.facebook.com\/hashtag\/seguridadcontransparencia?__eep__=6&amp;__cft__[0]=AZYEyf7JsL4ST6d2TEiQThRFmG6LXNf9AONeiiRhuMcUJrh0Fl29za5e2s4gWNO3NkGeVHkYwGz8_PPnJSmNKaRjdoAKkq2L2AH9IhJlCjiSWQXQj7cZoG_wnC5Ro2yTipRCqZd0DSQTViyvnTdU_ESWTWFxtnBxHPh6RkcbVG8b0exIgMGyo4wg3GrBNbhNNpk&amp;__tn__=*NK-R\">#SeguridadConTransparencia<\/a> <a href=\"https:\/\/www.facebook.com\/hashtag\/pncguatemala?__eep__=6&amp;__cft__[0]=AZYEyf7JsL4ST6d2TEiQThRFmG6LXNf9AONeiiRhuMcUJrh0Fl29za5e2s4gWNO3NkGeVHkYwGz8_PPnJSmNKaRjdoAKkq2L2AH9IhJlCjiSWQXQj7cZoG_wnC5Ro2yTipRCqZd0DSQTViyvnTdU_ESWTWFxtnBxHPh6RkcbVG8b0exIgMGyo4wg3GrBNbhNNpk&amp;__tn__=*NK-R\">#PNCGuatemala<\/a><\/p>\n\n\n\n<figure class=\"wp-block-gallery has-nested-images columns-default is-cropped wp-block-gallery-1 is-layout-flex wp-block-gallery-is-layout-flex\">\n<figure class=\"wp-block-image size-large\"><img loading=\"lazy\" decoding=\"async\" width=\"1024\" height=\"768\" data-id=\"122257\" src=\"https:\/\/elmetropolitano.com.gt\/es\/wp-content\/uploads\/2026\/02\/633508245_1462000822592663_8184843531788643789_n-1024x768.jpg\" alt=\"\" class=\"wp-image-122257\" srcset=\"https:\/\/elmetropolitano.com.gt\/es\/wp-content\/uploads\/2026\/02\/633508245_1462000822592663_8184843531788643789_n-1024x768.jpg 1024w, https:\/\/elmetropolitano.com.gt\/es\/wp-content\/uploads\/2026\/02\/633508245_1462000822592663_8184843531788643789_n-300x225.jpg 300w, https:\/\/elmetropolitano.com.gt\/es\/wp-content\/uploads\/2026\/02\/633508245_1462000822592663_8184843531788643789_n-768x576.jpg 768w, https:\/\/elmetropolitano.com.gt\/es\/wp-content\/uploads\/2026\/02\/633508245_1462000822592663_8184843531788643789_n-1536x1152.jpg 1536w, https:\/\/elmetropolitano.com.gt\/es\/wp-content\/uploads\/2026\/02\/633508245_1462000822592663_8184843531788643789_n.jpg 1600w\" sizes=\"auto, (max-width: 1024px) 100vw, 1024px\" \/><\/figure>\n\n\n\n<figure class=\"wp-block-image size-large\"><img loading=\"lazy\" decoding=\"async\" width=\"1024\" height=\"768\" data-id=\"122258\" src=\"https:\/\/elmetropolitano.com.gt\/es\/wp-content\/uploads\/2026\/02\/633508245_1462000829259329_8889304690133103977_n-1-1024x768.jpg\" alt=\"\" class=\"wp-image-122258\" srcset=\"https:\/\/elmetropolitano.com.gt\/es\/wp-content\/uploads\/2026\/02\/633508245_1462000829259329_8889304690133103977_n-1-1024x768.jpg 1024w, https:\/\/elmetropolitano.com.gt\/es\/wp-content\/uploads\/2026\/02\/633508245_1462000829259329_8889304690133103977_n-1-300x225.jpg 300w, https:\/\/elmetropolitano.com.gt\/es\/wp-content\/uploads\/2026\/02\/633508245_1462000829259329_8889304690133103977_n-1-768x576.jpg 768w, https:\/\/elmetropolitano.com.gt\/es\/wp-content\/uploads\/2026\/02\/633508245_1462000829259329_8889304690133103977_n-1-1536x1152.jpg 1536w, https:\/\/elmetropolitano.com.gt\/es\/wp-content\/uploads\/2026\/02\/633508245_1462000829259329_8889304690133103977_n-1.jpg 1600w\" sizes=\"auto, (max-width: 1024px) 100vw, 1024px\" \/><\/figure>\n\n\n\n<figure class=\"wp-block-image size-large\"><img loading=\"lazy\" decoding=\"async\" width=\"1024\" height=\"768\" data-id=\"122259\" src=\"https:\/\/elmetropolitano.com.gt\/es\/wp-content\/uploads\/2026\/02\/634904872_1462000842592661_5182732470044127766_n-1024x768.jpg\" alt=\"\" class=\"wp-image-122259\" srcset=\"https:\/\/elmetropolitano.com.gt\/es\/wp-content\/uploads\/2026\/02\/634904872_1462000842592661_5182732470044127766_n-1024x768.jpg 1024w, https:\/\/elmetropolitano.com.gt\/es\/wp-content\/uploads\/2026\/02\/634904872_1462000842592661_5182732470044127766_n-300x225.jpg 300w, https:\/\/elmetropolitano.com.gt\/es\/wp-content\/uploads\/2026\/02\/634904872_1462000842592661_5182732470044127766_n-768x576.jpg 768w, https:\/\/elmetropolitano.com.gt\/es\/wp-content\/uploads\/2026\/02\/634904872_1462000842592661_5182732470044127766_n-1536x1152.jpg 1536w, https:\/\/elmetropolitano.com.gt\/es\/wp-content\/uploads\/2026\/02\/634904872_1462000842592661_5182732470044127766_n.jpg 1600w\" sizes=\"auto, (max-width: 1024px) 100vw, 1024px\" \/><\/figure>\n\n\n\n<figure class=\"wp-block-image size-large\"><img loading=\"lazy\" decoding=\"async\" width=\"1024\" height=\"768\" data-id=\"122256\" src=\"https:\/\/elmetropolitano.com.gt\/es\/wp-content\/uploads\/2026\/02\/636712248_1462000849259327_528551669909377617_n-1024x768.jpg\" alt=\"\" class=\"wp-image-122256\" srcset=\"https:\/\/elmetropolitano.com.gt\/es\/wp-content\/uploads\/2026\/02\/636712248_1462000849259327_528551669909377617_n-1024x768.jpg 1024w, https:\/\/elmetropolitano.com.gt\/es\/wp-content\/uploads\/2026\/02\/636712248_1462000849259327_528551669909377617_n-300x225.jpg 300w, https:\/\/elmetropolitano.com.gt\/es\/wp-content\/uploads\/2026\/02\/636712248_1462000849259327_528551669909377617_n-768x576.jpg 768w, https:\/\/elmetropolitano.com.gt\/es\/wp-content\/uploads\/2026\/02\/636712248_1462000849259327_528551669909377617_n.jpg 1500w\" sizes=\"auto, (max-width: 1024px) 100vw, 1024px\" \/><\/figure>\n<\/figure>\n","protected":false},"excerpt":{"rendered":"<p>Pablo de 48 a\u00f1os, fue detenido por polic\u00edas de la comisar\u00eda 62 en el km 1, de la ruta CA 13, Santa Elena, Flores, Pet\u00e9n, luego de ser identificado en un puesto de control interinstitucional con el Ej\u00e9rcito de Guatemala. Se estableci\u00f3 que es requerido desde el 30 de enero del a\u00f1o pasado por un <a class=\"read-more\" href=\"https:\/\/elmetropolitano.com.gt\/es\/capturado-ex-director-financiero-de-municipalidad-de-santa-catarina-la-tinta-por-peculado\/\">Leer m\u00e1s<\/a><\/p>\n","protected":false},"author":1,"featured_media":122255,"comment_status":"open","ping_status":"closed","sticky":false,"template":"","format":"standard","meta":{"footnotes":""},"categories":[4],"tags":[13],"class_list":["post-122254","post","type-post","status-publish","format-standard","has-post-thumbnail","hentry","category-departamentales","tag-departamentales"],"_links":{"self":[{"href":"https:\/\/elmetropolitano.com.gt\/es\/wp-json\/wp\/v2\/posts\/122254","targetHints":{"allow":["GET"]}}],"collection":[{"href":"https:\/\/elmetropolitano.com.gt\/es\/wp-json\/wp\/v2\/posts"}],"about":[{"href":"https:\/\/elmetropolitano.com.gt\/es\/wp-json\/wp\/v2\/types\/post"}],"author":[{"embeddable":true,"href":"https:\/\/elmetropolitano.com.gt\/es\/wp-json\/wp\/v2\/users\/1"}],"replies":[{"embeddable":true,"href":"https:\/\/elmetropolitano.com.gt\/es\/wp-json\/wp\/v2\/comments?post=122254"}],"version-history":[{"count":1,"href":"https:\/\/elmetropolitano.com.gt\/es\/wp-json\/wp\/v2\/posts\/122254\/revisions"}],"predecessor-version":[{"id":122260,"href":"https:\/\/elmetropolitano.com.gt\/es\/wp-json\/wp\/v2\/posts\/122254\/revisions\/122260"}],"wp:featuredmedia":[{"embeddable":true,"href":"https:\/\/elmetropolitano.com.gt\/es\/wp-json\/wp\/v2\/media\/122255"}],"wp:attachment":[{"href":"https:\/\/elmetropolitano.com.gt\/es\/wp-json\/wp\/v2\/media?parent=122254"}],"wp:term":[{"taxonomy":"category","embeddable":true,"href":"https:\/\/elmetropolitano.com.gt\/es\/wp-json\/wp\/v2\/categories?post=122254"},{"taxonomy":"post_tag","embeddable":true,"href":"https:\/\/elmetropolitano.com.gt\/es\/wp-json\/wp\/v2\/tags?post=122254"}],"curies":[{"name":"wp","href":"https:\/\/api.w.org\/{rel}","templated":true}]}}