{"id":122493,"date":"2026-02-17T09:34:21","date_gmt":"2026-02-17T15:34:21","guid":{"rendered":"https:\/\/elmetropolitano.com.gt\/es\/?p=122493"},"modified":"2026-02-17T09:34:23","modified_gmt":"2026-02-17T15:34:23","slug":"semana-santa-en-guatemala-cumple-tres-anos-de-ser-patrimonio-cultura-inmaterial-de-la-humanidad","status":"publish","type":"post","link":"https:\/\/elmetropolitano.com.gt\/es\/semana-santa-en-guatemala-cumple-tres-anos-de-ser-patrimonio-cultura-inmaterial-de-la-humanidad\/","title":{"rendered":"Semana Santa en Guatemala cumple tres a\u00f1os de ser Patrimonio Cultura Inmaterial de la Humanidad"},"content":{"rendered":"\n<p>Este 2026, la Semana Santa en Guatemala cumple tres a\u00f1os de haber sido declarada Patrimonio Cultural Inmaterial de la Humanidad por la Organizaci\u00f3n de las Naciones Unidas para la Educaci\u00f3n, la Ciencia y la Cultura (Unesco).<\/p>\n\n\n\n<p>La Semana Santa, en palabras del viceministro de Cultura, Luis Carrillo, es la gran fiesta del pueblo de Guatemala. Su celebraci\u00f3n rodea a un fuerte componente religioso, del cual se desprenden beneficios tur\u00edsticos y econ\u00f3micos debido a sus amplios atractivos culturales, por lo que atrae a miles de personas cada a\u00f1o.<\/p><div class=\"elmet-contenido\" id=\"elmet-2207315667\"><div class=\"elmet-adlabel\">Anuncios<\/div><div style=\"margin-top: 20px;margin-right: 20px;margin-bottom: 20px;margin-left: 20px;\" id=\"elmet-1612060365\"><a href=\"https:\/\/www.facebook.com\/arrincuanantigua\/\" aria-label=\"cintillo-arrin-cual\"><img loading=\"lazy\" decoding=\"async\" src=\"https:\/\/elmetropolitano.com.gt\/es\/wp-content\/uploads\/2021\/11\/cintillo-arrin-cual-1.jpg\" alt=\"\"  srcset=\"https:\/\/elmetropolitano.com.gt\/es\/wp-content\/uploads\/2021\/11\/cintillo-arrin-cual-1.jpg 750w, https:\/\/elmetropolitano.com.gt\/es\/wp-content\/uploads\/2021\/11\/cintillo-arrin-cual-1-300x36.jpg 300w, https:\/\/elmetropolitano.com.gt\/es\/wp-content\/uploads\/2021\/11\/cintillo-arrin-cual-1-600x72.jpg 600w\" sizes=\"(max-width: 750px) 100vw, 750px\" width=\"750\" height=\"90\"   \/><\/a><\/div><\/div>\n\n\n\n<p>Cada a\u00f1o, el per\u00edodo cuaresmal y de Semana Santa mueve a la comunidad cat\u00f3lica de todo el pa\u00eds, con un despliegue de costumbres que incluyen la elaboraci\u00f3n de alfombras de aserr\u00edn colorido, frutas, verduras, adornos de barro, incienso y m\u00e1s; as\u00ed como las complejas andas procesionales, con sus adornos, la imaginer\u00eda, los trajes de cucurucho, las devotas cargadoras, representaciones b\u00edblicas mediante atuendos y dramatizaciones, y el per\u00edodo espiritual marcado por restricciones alimenticias que dan paso a recetas que se han vuelto parte de esta temporada.<\/p>\n\n\n\n<p>En noviembre de 2022, un comit\u00e9 especializado de la Unesco vot\u00f3 a favor de la inclusi\u00f3n de esta tradici\u00f3n guatemalteca en el listado, por lo que en febrero de 2023 se oficializ\u00f3 el reconocimiento con un evento en el pa\u00eds. Desde entonces, la Semana Santa de Guatemala se celebra haciendo distinci\u00f3n de ello, como reflejo de su aporte y atractivo para el mundo.<\/p>\n\n\n\n<p>Semana Santa Segura<\/p>\n\n\n\n<p>El Ministerio de Cultura y Deportes (MCD) y el Ministerio de Gobernaci\u00f3n presentaron este lunes el plan Semana Santa Segura, con el fin de garantizar la celebraci\u00f3n segura y ordenada de la Semana Mayor.<\/p>\n\n\n\n<p>Su implementaci\u00f3n comienza este martes 17 de febrero con el primer cortejo procesional de la temporada, con la imagen de Jes\u00fas Nazareno de la Indulgencia, el cual parte desde la iglesia Beatas de Bel\u00e9n. El plan no solo contempla a la Ciudad de Guatemala, sino que tambi\u00e9n mantendr\u00e1 atenci\u00f3n en Antigua Guatemala y Quetzaltenango, dos cabeceras que comparten las concentraciones de la Semana Santa.<\/p>\n\n\n\n<p>Con estas acciones, se espera que la Semana Santa se desarrolle sin eventualidades, permitiendo que la poblaci\u00f3n disfrute con tradici\u00f3n y seguridad.<\/p>\n\n\n\n<p>Bajo esta base, ambos ministerios lideran acciones para promover las tradiciones a la vez que se vela por la seguridad de los participantes, tanto devotos como turistas. Hasta el momento, las autoridades buscan la forma de coordinar las acciones con las municipalidades correspondientes para asegurar la presencia policial y la seguridad en general.<\/p>\n\n\n\n<p>Texto Mariana L\u00f3pez<\/p>\n\n\n\n<p>#SemanaSanta #metroredes <a href=\"http:\/\/www.elmetropolitano.com.gt\">www.elmetropolitano.com.gt<\/a> <a href=\"http:\/\/www.metroredes.com\">www.metroredes.com<\/a> <a href=\"http:\/\/www.elescuintleco.com\">www.elescuintleco.com<\/a><\/p>\n","protected":false},"excerpt":{"rendered":"<p>Este 2026, la Semana Santa en Guatemala cumple tres a\u00f1os de haber sido declarada Patrimonio Cultural Inmaterial de la Humanidad por la Organizaci\u00f3n de las Naciones Unidas para la Educaci\u00f3n, la Ciencia y la Cultura (Unesco). La Semana Santa, en palabras del viceministro de Cultura, Luis Carrillo, es la gran fiesta del pueblo de Guatemala. <a class=\"read-more\" href=\"https:\/\/elmetropolitano.com.gt\/es\/semana-santa-en-guatemala-cumple-tres-anos-de-ser-patrimonio-cultura-inmaterial-de-la-humanidad\/\">Leer m\u00e1s<\/a><\/p>\n","protected":false},"author":1,"featured_media":122494,"comment_status":"open","ping_status":"closed","sticky":false,"template":"","format":"standard","meta":{"footnotes":""},"categories":[29],"tags":[30],"class_list":["post-122493","post","type-post","status-publish","format-standard","has-post-thumbnail","hentry","category-culturales","tag-culturales"],"_links":{"self":[{"href":"https:\/\/elmetropolitano.com.gt\/es\/wp-json\/wp\/v2\/posts\/122493","targetHints":{"allow":["GET"]}}],"collection":[{"href":"https:\/\/elmetropolitano.com.gt\/es\/wp-json\/wp\/v2\/posts"}],"about":[{"href":"https:\/\/elmetropolitano.com.gt\/es\/wp-json\/wp\/v2\/types\/post"}],"author":[{"embeddable":true,"href":"https:\/\/elmetropolitano.com.gt\/es\/wp-json\/wp\/v2\/users\/1"}],"replies":[{"embeddable":true,"href":"https:\/\/elmetropolitano.com.gt\/es\/wp-json\/wp\/v2\/comments?post=122493"}],"version-history":[{"count":1,"href":"https:\/\/elmetropolitano.com.gt\/es\/wp-json\/wp\/v2\/posts\/122493\/revisions"}],"predecessor-version":[{"id":122495,"href":"https:\/\/elmetropolitano.com.gt\/es\/wp-json\/wp\/v2\/posts\/122493\/revisions\/122495"}],"wp:featuredmedia":[{"embeddable":true,"href":"https:\/\/elmetropolitano.com.gt\/es\/wp-json\/wp\/v2\/media\/122494"}],"wp:attachment":[{"href":"https:\/\/elmetropolitano.com.gt\/es\/wp-json\/wp\/v2\/media?parent=122493"}],"wp:term":[{"taxonomy":"category","embeddable":true,"href":"https:\/\/elmetropolitano.com.gt\/es\/wp-json\/wp\/v2\/categories?post=122493"},{"taxonomy":"post_tag","embeddable":true,"href":"https:\/\/elmetropolitano.com.gt\/es\/wp-json\/wp\/v2\/tags?post=122493"}],"curies":[{"name":"wp","href":"https:\/\/api.w.org\/{rel}","templated":true}]}}