{"id":122794,"date":"2026-02-22T19:32:57","date_gmt":"2026-02-23T01:32:57","guid":{"rendered":"https:\/\/elmetropolitano.com.gt\/es\/?p=122794"},"modified":"2026-02-22T19:32:59","modified_gmt":"2026-02-23T01:32:59","slug":"ejercito-refuerza-frontera-con-mexico-luego-de-operativo-que-abatio-a-el-mencho","status":"publish","type":"post","link":"https:\/\/elmetropolitano.com.gt\/es\/ejercito-refuerza-frontera-con-mexico-luego-de-operativo-que-abatio-a-el-mencho\/","title":{"rendered":"Ej\u00e9rcito refuerza frontera con M\u00e9xico luego de operativo que abati\u00f3 a El Mencho"},"content":{"rendered":"\n<p>El Ej\u00e9rcito de Guatemala inform\u00f3 que se increment\u00f3 las operaciones de seguridad en la zona fronteriza entre Guatemala y M\u00e9xico, luego de la difusi\u00f3n de informaci\u00f3n sobre la presunta muerte de Nemesio Oseguera Cervantes, alias El Mencho, se\u00f1alado como l\u00edder del C\u00e1rtel de Jalisco Nueva Generaci\u00f3n.<\/p>\n\n\n\n<p>La medida se ejecuta en el marco de la Operaci\u00f3n Cintur\u00f3n de Fuego, con \u00e9nfasis en monitoreo, control, patrullajes, vigilancia, presencia y seguridad en sectores estrat\u00e9gicos del l\u00edmite internacional.<\/p><div class=\"elmet-contenido\" id=\"elmet-3865504376\"><div class=\"elmet-adlabel\">Anuncios<\/div><div style=\"margin-top: 20px;margin-right: 20px;margin-bottom: 20px;margin-left: 20px;\" id=\"elmet-2715611143\"><a href=\"https:\/\/www.facebook.com\/arrincuanantigua\/\" aria-label=\"cintillo-arrin-cual\"><img loading=\"lazy\" decoding=\"async\" src=\"https:\/\/elmetropolitano.com.gt\/es\/wp-content\/uploads\/2021\/11\/cintillo-arrin-cual-1.jpg\" alt=\"\"  srcset=\"https:\/\/elmetropolitano.com.gt\/es\/wp-content\/uploads\/2021\/11\/cintillo-arrin-cual-1.jpg 750w, https:\/\/elmetropolitano.com.gt\/es\/wp-content\/uploads\/2021\/11\/cintillo-arrin-cual-1-300x36.jpg 300w, https:\/\/elmetropolitano.com.gt\/es\/wp-content\/uploads\/2021\/11\/cintillo-arrin-cual-1-600x72.jpg 600w\" sizes=\"(max-width: 750px) 100vw, 750px\" width=\"750\" height=\"90\"   \/><\/a><\/div><\/div>\n\n\n\n<p>Operaciones militares en puntos estrat\u00e9gicos<\/p>\n\n\n\n<p>De acuerdo con el comunicado oficial, las fuerzas armadas mantienen una presencia permanente en la l\u00ednea divisoria, con operaciones militares continuas y vigilancia estrat\u00e9gica, en cumplimiento de su misi\u00f3n constitucional de resguardar la soberan\u00eda e integridad del territorio nacional.<\/p>\n\n\n\n<p>&nbsp;El reforzamiento responde a evaluaciones de riesgo tras hechos de violencia reportados del lado mexicano y a la necesidad de prevenir cualquier intento de incursi\u00f3n de grupos armados.<\/p>\n\n\n\n<p>El Ej\u00e9rcito subray\u00f3 que siguen activos los canales formales de comunicaci\u00f3n y coordinaci\u00f3n con la Secretar\u00eda de la Defensa Nacional de M\u00e9xico, como parte de los mecanismos bilaterales de cooperaci\u00f3n en seguridad y defensa. Esta coordinaci\u00f3n busca el intercambio oportuno de informaci\u00f3n y la ejecuci\u00f3n de acciones preventivas para mantener la estabilidad en la franja fronteriza.<\/p>\n\n\n\n<p>Alerta preventiva de la PNC<\/p>\n\n\n\n<p>Por su parte, el Ministerio de Gobernaci\u00f3n inform\u00f3 que la Polic\u00eda Nacional Civil mantiene una coordinaci\u00f3n conjunta con el Ej\u00e9rcito y se mantienen en alerta ante eventuales ataques de grupos de narcotraficantes mexicanos.<\/p>\n\n\n\n<p>La cartera resalt\u00f3 que, desde que se conocieron incidentes en M\u00e9xico en el mes de diciembre, se alert\u00f3 a las unidades asignadas en las zonas fronterizas, donde no se ha bajado la guardia y contin\u00faan los patrullajes.<\/p>\n\n\n\n<p>Seguridad fronteriza reforzada y permanente<\/p>\n\n\n\n<p>Las autoridades recalcaron que las acciones de seguridad en la frontera han sido permanentes, y que el anuncio actual corresponde a un reforzamiento preventivo y a un estado de alerta ante escenarios cambiantes. El objetivo es disuadir amenazas, proteger a las comunidades fronterizas y garantizar el control del territorio, mientras se mantiene la coordinaci\u00f3n interinstitucional y binacional.<\/p>\n\n\n\n<p>Con estas medidas, Guatemala busca anticiparse a riesgos transnacionales, fortalecer su capacidad de respuesta y asegurar la tranquilidad en la frontera de Guatemala y M\u00e9xico.<\/p>\n\n\n\n<p>Texto Lincy Rodr\u00edguez<\/p>\n\n\n\n<p>#Cartel #M\u00e9xico #EjercitoGT #Seguridadfrontera #metroredes <a href=\"http:\/\/www.elmetropolitano.com.gt\">www.elmetropolitano.com.gt<\/a> <a href=\"http:\/\/www.metroredes.com\">www.metroredes.com<\/a><\/p>\n","protected":false},"excerpt":{"rendered":"<p>El Ej\u00e9rcito de Guatemala inform\u00f3 que se increment\u00f3 las operaciones de seguridad en la zona fronteriza entre Guatemala y M\u00e9xico, luego de la difusi\u00f3n de informaci\u00f3n sobre la presunta muerte de Nemesio Oseguera Cervantes, alias El Mencho, se\u00f1alado como l\u00edder del C\u00e1rtel de Jalisco Nueva Generaci\u00f3n. La medida se ejecuta en el marco de la <a class=\"read-more\" href=\"https:\/\/elmetropolitano.com.gt\/es\/ejercito-refuerza-frontera-con-mexico-luego-de-operativo-que-abatio-a-el-mencho\/\">Leer m\u00e1s<\/a><\/p>\n","protected":false},"author":1,"featured_media":122795,"comment_status":"open","ping_status":"closed","sticky":false,"template":"","format":"standard","meta":{"footnotes":""},"categories":[2],"tags":[12],"class_list":["post-122794","post","type-post","status-publish","format-standard","has-post-thumbnail","hentry","category-nacionales","tag-nacionales"],"_links":{"self":[{"href":"https:\/\/elmetropolitano.com.gt\/es\/wp-json\/wp\/v2\/posts\/122794","targetHints":{"allow":["GET"]}}],"collection":[{"href":"https:\/\/elmetropolitano.com.gt\/es\/wp-json\/wp\/v2\/posts"}],"about":[{"href":"https:\/\/elmetropolitano.com.gt\/es\/wp-json\/wp\/v2\/types\/post"}],"author":[{"embeddable":true,"href":"https:\/\/elmetropolitano.com.gt\/es\/wp-json\/wp\/v2\/users\/1"}],"replies":[{"embeddable":true,"href":"https:\/\/elmetropolitano.com.gt\/es\/wp-json\/wp\/v2\/comments?post=122794"}],"version-history":[{"count":1,"href":"https:\/\/elmetropolitano.com.gt\/es\/wp-json\/wp\/v2\/posts\/122794\/revisions"}],"predecessor-version":[{"id":122796,"href":"https:\/\/elmetropolitano.com.gt\/es\/wp-json\/wp\/v2\/posts\/122794\/revisions\/122796"}],"wp:featuredmedia":[{"embeddable":true,"href":"https:\/\/elmetropolitano.com.gt\/es\/wp-json\/wp\/v2\/media\/122795"}],"wp:attachment":[{"href":"https:\/\/elmetropolitano.com.gt\/es\/wp-json\/wp\/v2\/media?parent=122794"}],"wp:term":[{"taxonomy":"category","embeddable":true,"href":"https:\/\/elmetropolitano.com.gt\/es\/wp-json\/wp\/v2\/categories?post=122794"},{"taxonomy":"post_tag","embeddable":true,"href":"https:\/\/elmetropolitano.com.gt\/es\/wp-json\/wp\/v2\/tags?post=122794"}],"curies":[{"name":"wp","href":"https:\/\/api.w.org\/{rel}","templated":true}]}}