{"id":122819,"date":"2026-02-23T11:33:33","date_gmt":"2026-02-23T17:33:33","guid":{"rendered":"https:\/\/elmetropolitano.com.gt\/es\/?p=122819"},"modified":"2026-02-23T11:33:36","modified_gmt":"2026-02-23T17:33:36","slug":"guatemala-impulsa-coordinacion-regional-para-fortalecer-la-sanidad-agropecuaria","status":"publish","type":"post","link":"https:\/\/elmetropolitano.com.gt\/es\/guatemala-impulsa-coordinacion-regional-para-fortalecer-la-sanidad-agropecuaria\/","title":{"rendered":"Guatemala impulsa coordinaci\u00f3n regional para fortalecer la sanidad agropecuaria"},"content":{"rendered":"\n<p>El Ministerio de Agricultura, Ganader\u00eda y Alimentaci\u00f3n (MAGA) reforz\u00f3 su compromiso con la sanidad agropecuaria regional durante una sesi\u00f3n de trabajo junto a la Comisi\u00f3n Ejecutiva del Organismo Internacional Regional de Sanidad Agropecuaria (OIRSA), en la que los pa\u00edses miembros avanzaron en la consolidaci\u00f3n de acuerdos t\u00e9cnicos orientados a prevenir riesgos sanitarios y garantizar el comercio seguro de alimentos en la regi\u00f3n.<\/p>\n\n\n\n<p>El encuentro permiti\u00f3 fortalecer la cooperaci\u00f3n entre los Estados participantes, priorizando acciones conjuntas para mejorar la vigilancia epidemiol\u00f3gica y la capacidad de respuesta ante amenazas fitozoosanitarias que afectan la producci\u00f3n agropecuaria y la seguridad alimentaria.<\/p><div class=\"elmet-contenido\" id=\"elmet-1679475293\"><div class=\"elmet-adlabel\">Anuncios<\/div><div style=\"margin-top: 20px;margin-right: 20px;margin-bottom: 20px;margin-left: 20px;\" id=\"elmet-2707920880\"><a href=\"https:\/\/www.facebook.com\/arrincuanantigua\/\" aria-label=\"cintillo-arrin-cual\"><img loading=\"lazy\" decoding=\"async\" src=\"https:\/\/elmetropolitano.com.gt\/es\/wp-content\/uploads\/2021\/11\/cintillo-arrin-cual-1.jpg\" alt=\"\"  srcset=\"https:\/\/elmetropolitano.com.gt\/es\/wp-content\/uploads\/2021\/11\/cintillo-arrin-cual-1.jpg 750w, https:\/\/elmetropolitano.com.gt\/es\/wp-content\/uploads\/2021\/11\/cintillo-arrin-cual-1-300x36.jpg 300w, https:\/\/elmetropolitano.com.gt\/es\/wp-content\/uploads\/2021\/11\/cintillo-arrin-cual-1-600x72.jpg 600w\" sizes=\"(max-width: 750px) 100vw, 750px\" width=\"750\" height=\"90\"   \/><\/a><\/div><\/div>\n\n\n\n<p>Prevenci\u00f3n y respuesta ante amenazas transfronterizas<\/p>\n\n\n\n<p>Durante la sesi\u00f3n, Guatemala promovi\u00f3 la priorizaci\u00f3n de medidas enfocadas en la prevenci\u00f3n y atenci\u00f3n oportuna de riesgos fitozoosanitarios, destacando la necesidad de fortalecer los mecanismos de detecci\u00f3n temprana y monitoreo epidemiol\u00f3gico frente a amenazas transfronterizas, emergencias pecuarias y eventos clim\u00e1ticos extremos.<\/p>\n\n\n\n<p>Estas acciones buscan reducir el impacto de plagas y enfermedades que pueden propagarse entre pa\u00edses, afectando no solo la producci\u00f3n agr\u00edcola y pecuaria, sino tambi\u00e9n el acceso a mercados y la estabilidad econ\u00f3mica del sector agroalimentario regional.<\/p>\n\n\n\n<p>Agenda t\u00e9cnica rumbo a la reuni\u00f3n ministerial<\/p>\n\n\n\n<p>En representaci\u00f3n del Ministerio de Agricultura, Ganader\u00eda y Alimentaci\u00f3n (MAGA) y del Gobierno de Guatemala, la viceministra Mayra Motta subray\u00f3 que este espacio de di\u00e1logo permiti\u00f3 consolidar una agenda t\u00e9cnica com\u00fan, la cual ser\u00e1 elevada a la pr\u00f3xima reuni\u00f3n ministerial regional programada para marzo de 2026.<\/p>\n\n\n\n<p>Seg\u00fan explic\u00f3 la funcionaria, los acuerdos alcanzados sientan las bases para una mayor articulaci\u00f3n institucional entre los pa\u00edses miembros del OIRSA, con el objetivo de fortalecer la resiliencia sanitaria y garantizar sistemas productivos m\u00e1s sostenibles y seguros.<\/p>\n\n\n\n<p>Trabajo conjunto entre pa\u00edses miembros<\/p>\n\n\n\n<p>La delegaci\u00f3n guatemalteca trabaj\u00f3 de manera coordinada con representantes de M\u00e9xico, Belice, Honduras, El Salvador, Nicaragua, Costa Rica, Panam\u00e1 y Rep\u00fablica Dominicana, quienes coincidieron en la importancia de mantener una coordinaci\u00f3n permanente frente a los desaf\u00edos sanitarios que enfrenta la regi\u00f3n.<\/p>\n\n\n\n<p>Los participantes destacaron que la cooperaci\u00f3n t\u00e9cnica y el intercambio de informaci\u00f3n son fundamentales para anticipar riesgos, responder de manera eficiente a emergencias sanitarias y proteger el comercio regional de productos agropecuarios, contribuyendo as\u00ed a la seguridad alimentaria y al desarrollo econ\u00f3mico de los pa\u00edses miembros.<\/p>\n\n\n\n<p>Texto Lincy Rodr\u00edguez<\/p>\n\n\n\n<p>#SanidadAgropecuaria #metroredes www.elmetropolitano.com.gt www.metroredes.com<\/p>\n","protected":false},"excerpt":{"rendered":"<p>El Ministerio de Agricultura, Ganader\u00eda y Alimentaci\u00f3n (MAGA) reforz\u00f3 su compromiso con la sanidad agropecuaria regional durante una sesi\u00f3n de trabajo junto a la Comisi\u00f3n Ejecutiva del Organismo Internacional Regional de Sanidad Agropecuaria (OIRSA), en la que los pa\u00edses miembros avanzaron en la consolidaci\u00f3n de acuerdos t\u00e9cnicos orientados a prevenir riesgos sanitarios y garantizar el <a class=\"read-more\" href=\"https:\/\/elmetropolitano.com.gt\/es\/guatemala-impulsa-coordinacion-regional-para-fortalecer-la-sanidad-agropecuaria\/\">Leer m\u00e1s<\/a><\/p>\n","protected":false},"author":1,"featured_media":122820,"comment_status":"open","ping_status":"closed","sticky":false,"template":"","format":"standard","meta":{"footnotes":""},"categories":[2],"tags":[12],"class_list":["post-122819","post","type-post","status-publish","format-standard","has-post-thumbnail","hentry","category-nacionales","tag-nacionales"],"_links":{"self":[{"href":"https:\/\/elmetropolitano.com.gt\/es\/wp-json\/wp\/v2\/posts\/122819","targetHints":{"allow":["GET"]}}],"collection":[{"href":"https:\/\/elmetropolitano.com.gt\/es\/wp-json\/wp\/v2\/posts"}],"about":[{"href":"https:\/\/elmetropolitano.com.gt\/es\/wp-json\/wp\/v2\/types\/post"}],"author":[{"embeddable":true,"href":"https:\/\/elmetropolitano.com.gt\/es\/wp-json\/wp\/v2\/users\/1"}],"replies":[{"embeddable":true,"href":"https:\/\/elmetropolitano.com.gt\/es\/wp-json\/wp\/v2\/comments?post=122819"}],"version-history":[{"count":1,"href":"https:\/\/elmetropolitano.com.gt\/es\/wp-json\/wp\/v2\/posts\/122819\/revisions"}],"predecessor-version":[{"id":122821,"href":"https:\/\/elmetropolitano.com.gt\/es\/wp-json\/wp\/v2\/posts\/122819\/revisions\/122821"}],"wp:featuredmedia":[{"embeddable":true,"href":"https:\/\/elmetropolitano.com.gt\/es\/wp-json\/wp\/v2\/media\/122820"}],"wp:attachment":[{"href":"https:\/\/elmetropolitano.com.gt\/es\/wp-json\/wp\/v2\/media?parent=122819"}],"wp:term":[{"taxonomy":"category","embeddable":true,"href":"https:\/\/elmetropolitano.com.gt\/es\/wp-json\/wp\/v2\/categories?post=122819"},{"taxonomy":"post_tag","embeddable":true,"href":"https:\/\/elmetropolitano.com.gt\/es\/wp-json\/wp\/v2\/tags?post=122819"}],"curies":[{"name":"wp","href":"https:\/\/api.w.org\/{rel}","templated":true}]}}