{"id":122827,"date":"2026-02-24T09:19:27","date_gmt":"2026-02-24T15:19:27","guid":{"rendered":"https:\/\/elmetropolitano.com.gt\/es\/?p=122827"},"modified":"2026-02-24T09:19:29","modified_gmt":"2026-02-24T15:19:29","slug":"carcel-en-izabal-tendra-vigilancia-24-7-sensores-inteligentes-y-control-total-del-penal","status":"publish","type":"post","link":"https:\/\/elmetropolitano.com.gt\/es\/carcel-en-izabal-tendra-vigilancia-24-7-sensores-inteligentes-y-control-total-del-penal\/","title":{"rendered":"C\u00e1rcel en Izabal tendr\u00e1 vigilancia 24\/7, sensores inteligentes y control total del penal"},"content":{"rendered":"\n<p>Uno de los proyectos estrat\u00e9gicos del gobierno del presidente Bernardo Ar\u00e9valo es la construcci\u00f3n de dos nuevas c\u00e1rceles de m\u00e1xima seguridad, una de las cuales estar\u00e1 ubicada en el departamento de Izabal y cuya edificaci\u00f3n est\u00e1 pr\u00f3xima a iniciar.<\/p>\n\n\n\n<p>La obra estar\u00e1 a cargo del Cuerpo de Ingenieros del Ej\u00e9rcito y busca fortalecer el Sistema Penitenciario (SP), permitiendo la reubicaci\u00f3n de privados de libertad considerados de alta peligrosidad.<\/p><div class=\"elmet-contenido\" id=\"elmet-3504596216\"><div class=\"elmet-adlabel\">Anuncios<\/div><div style=\"margin-top: 20px;margin-right: 20px;margin-bottom: 20px;margin-left: 20px;\" id=\"elmet-789544784\"><a href=\"https:\/\/www.facebook.com\/arrincuanantigua\/\" aria-label=\"cintillo-arrin-cual\"><img loading=\"lazy\" decoding=\"async\" src=\"https:\/\/elmetropolitano.com.gt\/es\/wp-content\/uploads\/2021\/11\/cintillo-arrin-cual-1.jpg\" alt=\"\"  srcset=\"https:\/\/elmetropolitano.com.gt\/es\/wp-content\/uploads\/2021\/11\/cintillo-arrin-cual-1.jpg 750w, https:\/\/elmetropolitano.com.gt\/es\/wp-content\/uploads\/2021\/11\/cintillo-arrin-cual-1-300x36.jpg 300w, https:\/\/elmetropolitano.com.gt\/es\/wp-content\/uploads\/2021\/11\/cintillo-arrin-cual-1-600x72.jpg 600w\" sizes=\"(max-width: 750px) 100vw, 750px\" width=\"750\" height=\"90\"   \/><\/a><\/div><\/div>\n\n\n\n<p>De acuerdo con informaci\u00f3n publicada por el Diario de Centro Am\u00e9rica, este centro carcelario marcar\u00e1 un hito en la infraestructura penitenciaria del pa\u00eds al incorporar est\u00e1ndares internacionales de seguridad que actualmente no existen en Guatemala.<\/p>\n\n\n\n<p>En declaraciones al DCA, el ministro de la Defensa Nacional, Henry Saenz, detall\u00f3 que la c\u00e1rcel de Izabal tendr\u00e1 una extensi\u00f3n aproximada de 100 manzanas y capacidad para albergar a 2 mil 74 privados de libertad.<\/p>\n\n\n\n<p>La inversi\u00f3n estimada ronda los mil millones de quetzales y se prev\u00e9 que la construcci\u00f3n se inicie el 1 de abril pr\u00f3ximo, con un plazo de ejecuci\u00f3n de 12 meses.<\/p>\n\n\n\n<p>Al respecto, el ministro Saenz resalt\u00f3:<\/p>\n\n\n\n<p>El objetivo principal es que el Sistema Penitenciario cuente con un centro de cumplimiento de condena verdaderamente de m\u00e1xima seguridad, con certificaciones internacionales.<\/p>\n\n\n\n<p>La estructura ser\u00e1 de hormig\u00f3n fundido de alta resistencia, con muros de doble altura y reforzados varios metros bajo tierra para impedir fugas mediante t\u00faneles.<\/p>\n\n\n\n<p>Control penitenciario y vigilancia permanente<\/p>\n\n\n\n<p>El complejo se organizar\u00e1 en niveles estrat\u00e9gicos: en el primer nivel, las celdas albergar\u00e1n a los reclusos en parejas, mientras que el segundo ser\u00e1 exclusivo para los guardias penitenciarios. Adem\u00e1s, contar\u00e1 con un cuarto de control con visi\u00f3n de 360 grados y monitoreo permanente.<\/p>\n\n\n\n<p>La seguridad ser\u00e1 reforzada por una burbuja tecnol\u00f3gica que integrar\u00e1 sensores t\u00e9rmicos, de metal, movimiento y sonido, as\u00ed como c\u00e1maras con visi\u00f3n infrarroja. Seg\u00fan el ministro, el dise\u00f1o de estos sistemas permitir\u00e1 una supervisi\u00f3n constante desde el piso hasta el techo del recinto.<\/p>\n\n\n\n<p>Reforma integral del Sistema Penitenciario<\/p>\n\n\n\n<p>El ministro de Gobernaci\u00f3n, Marco Antonio Villeda, destac\u00f3 que el proyecto no se limita a infraestructura, sino que implica una transformaci\u00f3n profunda del SP, incluyendo la formaci\u00f3n de nuevos guardias penitenciarios con mejor preparaci\u00f3n y est\u00edmulos laborales.<\/p>\n\n\n\n<p>En ese sentido, el director del Sistema Penitenciario indic\u00f3 a la Agencia Guatemalteca de Noticias que la nueva guardia se asignar\u00e1 exclusivamente a este centro, evitando v\u00ednculos con otros penales o reclusos, como medida para prevenir actos de corrupci\u00f3n.<\/p>\n\n\n\n<p>Saenz inform\u00f3 que se coordina con agencias del Sistema Penitenciario de Estados Unidos para la capacitaci\u00f3n del personal que administrar\u00e1 la c\u00e1rcel, tanto en Guatemala como en el extranjero. Asimismo, soldados del Ej\u00e9rcito reforzar\u00e1n el per\u00edmetro externo del penal, estableciendo un tercer anillo de seguridad.<\/p>\n\n\n\n<p>El dise\u00f1o del centro cumple con las Reglas Nelson Mandela, garantizando el respeto a los derechos humanos y un trato digno a los privados de libertad.<\/p>\n\n\n\n<p>Las autoridades conf\u00edan en que esta c\u00e1rcel de m\u00e1xima seguridad en Izabal sea el inicio de una transformaci\u00f3n real del sistema penitenciario y contribuya a mejorar las condiciones de seguridad en el pa\u00eds.<\/p>\n\n\n\n<p>Texto Lincy Rodr\u00edguez<\/p>\n\n\n\n<p><a href=\"https:\/\/www.facebook.com\/hashtag\/izabal?__eep__=6&amp;__cft__[0]=AZaepaw4c_b98wjZOvdgRLydZgCE-d73GIQKW0UScp_C9gKYg4KSho-m9JY5noDac3gjW9ubfFUhEq8-XCRtoL3Vjrd5Arx56OWukgsPY8gV7N1UD8J3WEK7lOcSktmff2y-jChEdVqXRGRhssZ9qaxUIiBROTnMWZ5D4SZFQmDvGF1Gyw2pU4nYU9V-_jaocig&amp;__tn__=*NK-R\">#Izabal<\/a><a href=\"https:\/\/www.facebook.com\/hashtag\/metroredes?__eep__=6&amp;__cft__[0]=AZaepaw4c_b98wjZOvdgRLydZgCE-d73GIQKW0UScp_C9gKYg4KSho-m9JY5noDac3gjW9ubfFUhEq8-XCRtoL3Vjrd5Arx56OWukgsPY8gV7N1UD8J3WEK7lOcSktmff2y-jChEdVqXRGRhssZ9qaxUIiBROTnMWZ5D4SZFQmDvGF1Gyw2pU4nYU9V-_jaocig&amp;__tn__=*NK-R\">#metroredes<\/a><\/p>\n","protected":false},"excerpt":{"rendered":"<p>Uno de los proyectos estrat\u00e9gicos del gobierno del presidente Bernardo Ar\u00e9valo es la construcci\u00f3n de dos nuevas c\u00e1rceles de m\u00e1xima seguridad, una de las cuales estar\u00e1 ubicada en el departamento de Izabal y cuya edificaci\u00f3n est\u00e1 pr\u00f3xima a iniciar. La obra estar\u00e1 a cargo del Cuerpo de Ingenieros del Ej\u00e9rcito y busca fortalecer el Sistema <a class=\"read-more\" href=\"https:\/\/elmetropolitano.com.gt\/es\/carcel-en-izabal-tendra-vigilancia-24-7-sensores-inteligentes-y-control-total-del-penal\/\">Leer m\u00e1s<\/a><\/p>\n","protected":false},"author":1,"featured_media":122828,"comment_status":"open","ping_status":"closed","sticky":false,"template":"","format":"standard","meta":{"footnotes":""},"categories":[2],"tags":[12],"class_list":["post-122827","post","type-post","status-publish","format-standard","has-post-thumbnail","hentry","category-nacionales","tag-nacionales"],"_links":{"self":[{"href":"https:\/\/elmetropolitano.com.gt\/es\/wp-json\/wp\/v2\/posts\/122827","targetHints":{"allow":["GET"]}}],"collection":[{"href":"https:\/\/elmetropolitano.com.gt\/es\/wp-json\/wp\/v2\/posts"}],"about":[{"href":"https:\/\/elmetropolitano.com.gt\/es\/wp-json\/wp\/v2\/types\/post"}],"author":[{"embeddable":true,"href":"https:\/\/elmetropolitano.com.gt\/es\/wp-json\/wp\/v2\/users\/1"}],"replies":[{"embeddable":true,"href":"https:\/\/elmetropolitano.com.gt\/es\/wp-json\/wp\/v2\/comments?post=122827"}],"version-history":[{"count":1,"href":"https:\/\/elmetropolitano.com.gt\/es\/wp-json\/wp\/v2\/posts\/122827\/revisions"}],"predecessor-version":[{"id":122829,"href":"https:\/\/elmetropolitano.com.gt\/es\/wp-json\/wp\/v2\/posts\/122827\/revisions\/122829"}],"wp:featuredmedia":[{"embeddable":true,"href":"https:\/\/elmetropolitano.com.gt\/es\/wp-json\/wp\/v2\/media\/122828"}],"wp:attachment":[{"href":"https:\/\/elmetropolitano.com.gt\/es\/wp-json\/wp\/v2\/media?parent=122827"}],"wp:term":[{"taxonomy":"category","embeddable":true,"href":"https:\/\/elmetropolitano.com.gt\/es\/wp-json\/wp\/v2\/categories?post=122827"},{"taxonomy":"post_tag","embeddable":true,"href":"https:\/\/elmetropolitano.com.gt\/es\/wp-json\/wp\/v2\/tags?post=122827"}],"curies":[{"name":"wp","href":"https:\/\/api.w.org\/{rel}","templated":true}]}}