{"id":122831,"date":"2026-02-24T09:27:16","date_gmt":"2026-02-24T15:27:16","guid":{"rendered":"https:\/\/elmetropolitano.com.gt\/es\/?p=122831"},"modified":"2026-02-24T09:27:18","modified_gmt":"2026-02-24T15:27:18","slug":"llegan-las-cabinas-del-aerometro-a-mixco-vengan-a-conocer-las-cabinas-al-parque-central-mixqueno","status":"publish","type":"post","link":"https:\/\/elmetropolitano.com.gt\/es\/llegan-las-cabinas-del-aerometro-a-mixco-vengan-a-conocer-las-cabinas-al-parque-central-mixqueno\/","title":{"rendered":"Llegan las cabinas del Aer\u00f3metro a Mixco \u00abvengan a conocer las cabinas al parque central mixque\u00f1o\u00bb"},"content":{"rendered":"\n<p>Esta es la invitaci\u00f3n y el llamado que hace el alcalde de la Ciudad de Mixco Neto Bran, en sus redes sociales este d\u00eda lunes por la tarde a todos los vecinos.<\/p>\n\n\n\n<p>Las cabinas que transportaran a los pasajeros del Proyecto Aer\u00f3metro, ya est\u00e1n en exhibici\u00f3n en el \u00e1rea del Parque Central de Mixco, a partir de este d\u00eda lunes 23 de febrero, los vecinos misque\u00f1os podr\u00e1n conocer las cabinas y constatar<\/p><div class=\"elmet-contenido\" id=\"elmet-2827898616\"><div class=\"elmet-adlabel\">Anuncios<\/div><div style=\"margin-top: 20px;margin-right: 20px;margin-bottom: 20px;margin-left: 20px;\" id=\"elmet-3164889197\"><a href=\"https:\/\/www.facebook.com\/arrincuanantigua\/\" aria-label=\"cintillo-arrin-cual\"><img loading=\"lazy\" decoding=\"async\" src=\"https:\/\/elmetropolitano.com.gt\/es\/wp-content\/uploads\/2021\/11\/cintillo-arrin-cual-1.jpg\" alt=\"\"  srcset=\"https:\/\/elmetropolitano.com.gt\/es\/wp-content\/uploads\/2021\/11\/cintillo-arrin-cual-1.jpg 750w, https:\/\/elmetropolitano.com.gt\/es\/wp-content\/uploads\/2021\/11\/cintillo-arrin-cual-1-300x36.jpg 300w, https:\/\/elmetropolitano.com.gt\/es\/wp-content\/uploads\/2021\/11\/cintillo-arrin-cual-1-600x72.jpg 600w\" sizes=\"(max-width: 750px) 100vw, 750px\" width=\"750\" height=\"90\"   \/><\/a><\/div><\/div>\n\n\n\n<p>personalmente todas sus caracter\u00edsticas.<\/p>\n\n\n\n<p>Este moderno proyecto de transporte, ofrece ser parte de la soluci\u00f3n al complicado tema del transporte p\u00fablico de La Ciudad de Guatemala y del municipio de Mixco, ya que actualmente el congestionamiento vehicular y la saturaci\u00f3n de las principales v\u00edas que comunican la ciudad capital con La Tierra de Campeones, se ha vuelto una odisea de todos los d\u00edas para los vecinos.<\/p>\n\n\n\n<p>El Aer\u00f3metro, es un ambicioso proyecto, impulsado principalmente por el alcalde de La Ciudad de Guatemala, Ricardo Qui\u00f1onez y respaldado por el alcalde misque\u00f1o Neto Bran, siendo los dos jefes ediles, los m\u00e1s involucrados en el futuro desarrollo de este plan de transporte p\u00fablico que unir\u00e1 y servir\u00e1 a los vecinos capitalinos y misque\u00f1os.<\/p>\n\n\n\n<p>Es por esta raz\u00f3n que la comuna chicharronera, ha llevado e instalado una cabina en exhibici\u00f3n en el \u00e1rea del parque central de La Ciudad de Mixco, para que toda la comunidad pueda verificar y comprobar como son y qu\u00e9 caracter\u00edsticas tienen las unidades de lo que ser\u00e1 en alg\u00fan momento el servicio del Aer\u00f3metro.<\/p>\n\n\n\n<p>Texto Oscar Estuardo Villalobos Roca<\/p>\n\n\n\n<p><a href=\"https:\/\/www.facebook.com\/hashtag\/aerometro?__eep__=6&amp;__cft__[0]=AZZIIUKFlA_yVd2FYEuEDouJKQkIlB5MvULxoUAygl4Ztp01gqeYhmJyPYTQriiaT7O83Ngrsens-U9F6wtdTnbdMJeP1Cw8GitYyb3b7WPGsU8rViXYyifQlWmQyqwpy67mKxuETOoeS_hfHvVF2VUy9BJgvm6aDaflWITnrrtPhvgTGLtOTe-uEiUd-YYey38&amp;__tn__=*NK-R\">#AeroMetro<\/a><a href=\"https:\/\/www.facebook.com\/hashtag\/mixco?__eep__=6&amp;__cft__[0]=AZZIIUKFlA_yVd2FYEuEDouJKQkIlB5MvULxoUAygl4Ztp01gqeYhmJyPYTQriiaT7O83Ngrsens-U9F6wtdTnbdMJeP1Cw8GitYyb3b7WPGsU8rViXYyifQlWmQyqwpy67mKxuETOoeS_hfHvVF2VUy9BJgvm6aDaflWITnrrtPhvgTGLtOTe-uEiUd-YYey38&amp;__tn__=*NK-R\">#Mixco<\/a><a href=\"https:\/\/www.facebook.com\/hashtag\/metroredes?__eep__=6&amp;__cft__[0]=AZZIIUKFlA_yVd2FYEuEDouJKQkIlB5MvULxoUAygl4Ztp01gqeYhmJyPYTQriiaT7O83Ngrsens-U9F6wtdTnbdMJeP1Cw8GitYyb3b7WPGsU8rViXYyifQlWmQyqwpy67mKxuETOoeS_hfHvVF2VUy9BJgvm6aDaflWITnrrtPhvgTGLtOTe-uEiUd-YYey38&amp;__tn__=*NK-R\">#Metroredes<\/a> <a href=\"https:\/\/l.facebook.com\/l.php?u=http%3A%2F%2FWww.elmetropolitano.com.gt%2F%3Ffbclid%3DIwZXh0bgNhZW0CMTAAYnJpZBEyVGhIWjAwQ1FRMDN2WVVaYXNydGMGYXBwX2lkEDIyMjAzOTE3ODgyMDA4OTIAAR7ZxoszHINJ-m3LNvDnEZada3I7_EUbcKMW1hiJ-V7U2wAzBC5tO4pPtnQ1ug_aem_BvQ56phng60_8k7IeDqrnA&amp;h=AT50qIorIuUpObqUrnytngWkkKfy0YTJ4QJdDDgfwn0jhVEjVzoR79Zzyh8QQeG6Tg5aGXyDXyqsCn6h7XZCAbksjGXk9jZb3qTas7fd1nNuHZQ91l1GOPm7KQSUofyaXw4Qmd0oFhBjF0qe-qN6D2kZLF3F0AAm&amp;__tn__=-UK-R&amp;c[0]=AT7HFXUOSZjVzVWpyKueQNBgJrgYq02su44vkoMcddWhmcnIt5mSvtgnGklQZKTAh8YOidOiOECdhYJCWFe2MKhwWhedWy4Dd27ixVsFimsYFktp-fShAAgqkvn0PiYUItEmSsd2J4juVrG64sCq3kmQCa07jhAGBK8BibdXszAazOb3bLkW4rZons9okZNGvGQQuuiHCfAjGntoYz9eHPO0Xw\" target=\"_blank\" rel=\"noreferrer noopener\">Www.elmetropolitano.com.gt<\/a><\/p>\n\n\n\n<figure class=\"wp-block-gallery has-nested-images columns-default is-cropped wp-block-gallery-1 is-layout-flex wp-block-gallery-is-layout-flex\">\n<figure class=\"wp-block-image size-large\"><img loading=\"lazy\" decoding=\"async\" width=\"1024\" height=\"768\" data-id=\"122834\" src=\"https:\/\/elmetropolitano.com.gt\/es\/wp-content\/uploads\/2026\/02\/639125036_1471130591679686_4787959138810905085_n-1024x768.jpg\" alt=\"\" class=\"wp-image-122834\" srcset=\"https:\/\/elmetropolitano.com.gt\/es\/wp-content\/uploads\/2026\/02\/639125036_1471130591679686_4787959138810905085_n-1024x768.jpg 1024w, https:\/\/elmetropolitano.com.gt\/es\/wp-content\/uploads\/2026\/02\/639125036_1471130591679686_4787959138810905085_n-300x225.jpg 300w, https:\/\/elmetropolitano.com.gt\/es\/wp-content\/uploads\/2026\/02\/639125036_1471130591679686_4787959138810905085_n-768x576.jpg 768w, https:\/\/elmetropolitano.com.gt\/es\/wp-content\/uploads\/2026\/02\/639125036_1471130591679686_4787959138810905085_n.jpg 1280w\" sizes=\"auto, (max-width: 1024px) 100vw, 1024px\" \/><\/figure>\n\n\n\n<figure class=\"wp-block-image size-large\"><img loading=\"lazy\" decoding=\"async\" width=\"1024\" height=\"768\" data-id=\"122835\" src=\"https:\/\/elmetropolitano.com.gt\/es\/wp-content\/uploads\/2026\/02\/640499924_1471130555013023_6569560636601960337_n-1-1024x768.jpg\" alt=\"\" class=\"wp-image-122835\" srcset=\"https:\/\/elmetropolitano.com.gt\/es\/wp-content\/uploads\/2026\/02\/640499924_1471130555013023_6569560636601960337_n-1-1024x768.jpg 1024w, https:\/\/elmetropolitano.com.gt\/es\/wp-content\/uploads\/2026\/02\/640499924_1471130555013023_6569560636601960337_n-1-300x225.jpg 300w, https:\/\/elmetropolitano.com.gt\/es\/wp-content\/uploads\/2026\/02\/640499924_1471130555013023_6569560636601960337_n-1-768x576.jpg 768w, https:\/\/elmetropolitano.com.gt\/es\/wp-content\/uploads\/2026\/02\/640499924_1471130555013023_6569560636601960337_n-1.jpg 1280w\" sizes=\"auto, (max-width: 1024px) 100vw, 1024px\" \/><\/figure>\n\n\n\n<figure class=\"wp-block-image size-large\"><img loading=\"lazy\" decoding=\"async\" width=\"1024\" height=\"768\" data-id=\"122833\" src=\"https:\/\/elmetropolitano.com.gt\/es\/wp-content\/uploads\/2026\/02\/641121946_1471130618346350_3604122990823676598_n-1024x768.jpg\" alt=\"\" class=\"wp-image-122833\" srcset=\"https:\/\/elmetropolitano.com.gt\/es\/wp-content\/uploads\/2026\/02\/641121946_1471130618346350_3604122990823676598_n-1024x768.jpg 1024w, https:\/\/elmetropolitano.com.gt\/es\/wp-content\/uploads\/2026\/02\/641121946_1471130618346350_3604122990823676598_n-300x225.jpg 300w, https:\/\/elmetropolitano.com.gt\/es\/wp-content\/uploads\/2026\/02\/641121946_1471130618346350_3604122990823676598_n-768x576.jpg 768w, https:\/\/elmetropolitano.com.gt\/es\/wp-content\/uploads\/2026\/02\/641121946_1471130618346350_3604122990823676598_n.jpg 1280w\" sizes=\"auto, (max-width: 1024px) 100vw, 1024px\" \/><\/figure>\n\n\n\n<figure class=\"wp-block-image size-large\"><img loading=\"lazy\" decoding=\"async\" width=\"1024\" height=\"768\" data-id=\"122837\" src=\"https:\/\/elmetropolitano.com.gt\/es\/wp-content\/uploads\/2026\/02\/641223516_1471130685013010_8584715047908860801_n-1024x768.jpg\" alt=\"\" class=\"wp-image-122837\" srcset=\"https:\/\/elmetropolitano.com.gt\/es\/wp-content\/uploads\/2026\/02\/641223516_1471130685013010_8584715047908860801_n-1024x768.jpg 1024w, https:\/\/elmetropolitano.com.gt\/es\/wp-content\/uploads\/2026\/02\/641223516_1471130685013010_8584715047908860801_n-300x225.jpg 300w, https:\/\/elmetropolitano.com.gt\/es\/wp-content\/uploads\/2026\/02\/641223516_1471130685013010_8584715047908860801_n-768x576.jpg 768w, https:\/\/elmetropolitano.com.gt\/es\/wp-content\/uploads\/2026\/02\/641223516_1471130685013010_8584715047908860801_n.jpg 1280w\" sizes=\"auto, (max-width: 1024px) 100vw, 1024px\" \/><\/figure>\n\n\n\n<figure class=\"wp-block-image size-large\"><img loading=\"lazy\" decoding=\"async\" width=\"1024\" height=\"768\" data-id=\"122838\" src=\"https:\/\/elmetropolitano.com.gt\/es\/wp-content\/uploads\/2026\/02\/641528529_1471130678346344_5227955282483700955_n-1024x768.jpg\" alt=\"\" class=\"wp-image-122838\" srcset=\"https:\/\/elmetropolitano.com.gt\/es\/wp-content\/uploads\/2026\/02\/641528529_1471130678346344_5227955282483700955_n-1024x768.jpg 1024w, https:\/\/elmetropolitano.com.gt\/es\/wp-content\/uploads\/2026\/02\/641528529_1471130678346344_5227955282483700955_n-300x225.jpg 300w, https:\/\/elmetropolitano.com.gt\/es\/wp-content\/uploads\/2026\/02\/641528529_1471130678346344_5227955282483700955_n-768x576.jpg 768w, https:\/\/elmetropolitano.com.gt\/es\/wp-content\/uploads\/2026\/02\/641528529_1471130678346344_5227955282483700955_n.jpg 1280w\" sizes=\"auto, (max-width: 1024px) 100vw, 1024px\" \/><\/figure>\n\n\n\n<figure class=\"wp-block-image size-large\"><img loading=\"lazy\" decoding=\"async\" width=\"1024\" height=\"768\" data-id=\"122836\" src=\"https:\/\/elmetropolitano.com.gt\/es\/wp-content\/uploads\/2026\/02\/641624832_1471130585013020_6282990764888439824_n-1024x768.jpg\" alt=\"\" class=\"wp-image-122836\" srcset=\"https:\/\/elmetropolitano.com.gt\/es\/wp-content\/uploads\/2026\/02\/641624832_1471130585013020_6282990764888439824_n-1024x768.jpg 1024w, https:\/\/elmetropolitano.com.gt\/es\/wp-content\/uploads\/2026\/02\/641624832_1471130585013020_6282990764888439824_n-300x225.jpg 300w, https:\/\/elmetropolitano.com.gt\/es\/wp-content\/uploads\/2026\/02\/641624832_1471130585013020_6282990764888439824_n-768x576.jpg 768w, https:\/\/elmetropolitano.com.gt\/es\/wp-content\/uploads\/2026\/02\/641624832_1471130585013020_6282990764888439824_n.jpg 1280w\" sizes=\"auto, (max-width: 1024px) 100vw, 1024px\" \/><\/figure>\n<\/figure>\n","protected":false},"excerpt":{"rendered":"<p>Esta es la invitaci\u00f3n y el llamado que hace el alcalde de la Ciudad de Mixco Neto Bran, en sus redes sociales este d\u00eda lunes por la tarde a todos los vecinos. Las cabinas que transportaran a los pasajeros del Proyecto Aer\u00f3metro, ya est\u00e1n en exhibici\u00f3n en el \u00e1rea del Parque Central de Mixco, a <a class=\"read-more\" href=\"https:\/\/elmetropolitano.com.gt\/es\/llegan-las-cabinas-del-aerometro-a-mixco-vengan-a-conocer-las-cabinas-al-parque-central-mixqueno\/\">Leer m\u00e1s<\/a><\/p>\n","protected":false},"author":1,"featured_media":122832,"comment_status":"open","ping_status":"closed","sticky":false,"template":"","format":"standard","meta":{"footnotes":""},"categories":[2],"tags":[12],"class_list":["post-122831","post","type-post","status-publish","format-standard","has-post-thumbnail","hentry","category-nacionales","tag-nacionales"],"_links":{"self":[{"href":"https:\/\/elmetropolitano.com.gt\/es\/wp-json\/wp\/v2\/posts\/122831","targetHints":{"allow":["GET"]}}],"collection":[{"href":"https:\/\/elmetropolitano.com.gt\/es\/wp-json\/wp\/v2\/posts"}],"about":[{"href":"https:\/\/elmetropolitano.com.gt\/es\/wp-json\/wp\/v2\/types\/post"}],"author":[{"embeddable":true,"href":"https:\/\/elmetropolitano.com.gt\/es\/wp-json\/wp\/v2\/users\/1"}],"replies":[{"embeddable":true,"href":"https:\/\/elmetropolitano.com.gt\/es\/wp-json\/wp\/v2\/comments?post=122831"}],"version-history":[{"count":1,"href":"https:\/\/elmetropolitano.com.gt\/es\/wp-json\/wp\/v2\/posts\/122831\/revisions"}],"predecessor-version":[{"id":122839,"href":"https:\/\/elmetropolitano.com.gt\/es\/wp-json\/wp\/v2\/posts\/122831\/revisions\/122839"}],"wp:featuredmedia":[{"embeddable":true,"href":"https:\/\/elmetropolitano.com.gt\/es\/wp-json\/wp\/v2\/media\/122832"}],"wp:attachment":[{"href":"https:\/\/elmetropolitano.com.gt\/es\/wp-json\/wp\/v2\/media?parent=122831"}],"wp:term":[{"taxonomy":"category","embeddable":true,"href":"https:\/\/elmetropolitano.com.gt\/es\/wp-json\/wp\/v2\/categories?post=122831"},{"taxonomy":"post_tag","embeddable":true,"href":"https:\/\/elmetropolitano.com.gt\/es\/wp-json\/wp\/v2\/tags?post=122831"}],"curies":[{"name":"wp","href":"https:\/\/api.w.org\/{rel}","templated":true}]}}