{"id":122840,"date":"2026-02-24T09:30:30","date_gmt":"2026-02-24T15:30:30","guid":{"rendered":"https:\/\/elmetropolitano.com.gt\/es\/?p=122840"},"modified":"2026-02-24T09:30:32","modified_gmt":"2026-02-24T15:30:32","slug":"mides-aclara-que-diligencia-del-mp-sobre-comedores-sociales-se-debe-a-denuncia-institucional","status":"publish","type":"post","link":"https:\/\/elmetropolitano.com.gt\/es\/mides-aclara-que-diligencia-del-mp-sobre-comedores-sociales-se-debe-a-denuncia-institucional\/","title":{"rendered":"Mides aclara que diligencia del MP sobre Comedores Sociales se debe a denuncia institucional"},"content":{"rendered":"\n<p>El Ministerio de Desarrollo Social Mides por medio de un comunicado oficial inform\u00f3 que la diligencia realizada este d\u00eda por el Ministerio P\u00fablico (MP) en sus instalaciones responde a una denuncia presentada por la propia instituci\u00f3n, tras un hallazgo detectado en una auditor\u00eda practicada por la Contralor\u00eda General de Cuentas CGC<\/p>\n\n\n\n<p>Seg\u00fan detall\u00f3 el Mides, el caso se origina en el marco de la Auditor\u00eda Financiera y de Cumplimiento correspondiente al per\u00edodo comprendido del 1 de enero al 31 de diciembre de 2024, cuyos resultados se notificaron oficialmente el 26 de mayo de 2025.<\/p><div class=\"elmet-contenido\" id=\"elmet-792388147\"><div class=\"elmet-adlabel\">Anuncios<\/div><div style=\"margin-top: 20px;margin-right: 20px;margin-bottom: 20px;margin-left: 20px;\" id=\"elmet-1142113637\"><a href=\"https:\/\/www.facebook.com\/arrincuanantigua\/\" aria-label=\"cintillo-arrin-cual\"><img loading=\"lazy\" decoding=\"async\" src=\"https:\/\/elmetropolitano.com.gt\/es\/wp-content\/uploads\/2021\/11\/cintillo-arrin-cual-1.jpg\" alt=\"\"  srcset=\"https:\/\/elmetropolitano.com.gt\/es\/wp-content\/uploads\/2021\/11\/cintillo-arrin-cual-1.jpg 750w, https:\/\/elmetropolitano.com.gt\/es\/wp-content\/uploads\/2021\/11\/cintillo-arrin-cual-1-300x36.jpg 300w, https:\/\/elmetropolitano.com.gt\/es\/wp-content\/uploads\/2021\/11\/cintillo-arrin-cual-1-600x72.jpg 600w\" sizes=\"(max-width: 750px) 100vw, 750px\" width=\"750\" height=\"90\"   \/><\/a><\/div><\/div>\n\n\n\n<p>Auditor\u00eda detect\u00f3 posibles irregularidades en padr\u00f3n de beneficiarios<\/p>\n\n\n\n<p>Durante el proceso de fiscalizaci\u00f3n, la CGC identific\u00f3 indicios relacionados con la posible inclusi\u00f3n de 742 personas fallecidas dentro del padr\u00f3n de usuarios activos del Programa Comedores Sociales. Esto levant\u00f3 alertas sobre un eventual uso indebido de datos, lo que motiv\u00f3 la activaci\u00f3n inmediata de los mecanismos institucionales de control.<\/p>\n\n\n\n<p>Derivado de esta situaci\u00f3n, el 13 de junio de 2025, la Subdirecci\u00f3n del Programa Comedores Sociales present\u00f3 formalmente la denuncia ante el Ministerio P\u00fablico MP, solicitando que se realicen las investigaciones correspondientes para establecer si existi\u00f3 alg\u00fan beneficio personal indebido y para individualizar a los responsables, de existir responsabilidades penales o administrativas.<\/p>\n\n\n\n<p>Mides colabora con la investigaci\u00f3n y garantiza transparencia<\/p>\n\n\n\n<p>La cartera de Desarrollo Social que dirige Abelardo Pinto asegur\u00f3 que es la principal interesada en que los hechos se esclarezcan plenamente. Desde que se tuvo conocimiento de las observaciones formuladas por la CGC, se puso toda la informaci\u00f3n pertinente a disposici\u00f3n de las autoridades competentes.<\/p>\n\n\n\n<p>La diligencia efectuada por el MP forma parte del proceso investigativo en curso y tiene como objetivo recabar informaci\u00f3n que permita determinar el origen de las posibles irregularidades. El Mides indic\u00f3 que brind\u00f3 acceso oportuno a la documentaci\u00f3n requerida, reiterando su compromiso con la transparencia, la legalidad y la rendici\u00f3n de cuentas.<\/p>\n\n\n\n<p>Comedores Sociales contin\u00faa operando con normalidad<\/p>\n\n\n\n<p>El Mides aclar\u00f3 que, pese a la investigaci\u00f3n en desarrollo, el Programa Comedores Sociales contin\u00faa funcionando con total normalidad. Para el a\u00f1o 2026, se proyecta servir m\u00e1s de 10 millones de raciones de alimentos a trav\u00e9s de 170 comedores distribuidos a nivel nacional.<\/p>\n\n\n\n<p>Este programa est\u00e1 orientado a fortalecer la seguridad alimentaria de ni\u00f1as, ni\u00f1os, j\u00f3venes, personas adultas y personas mayores en situaci\u00f3n de vulnerabilidad, uno de los ejes centrales de la pol\u00edtica de protecci\u00f3n social del Estado.<\/p>\n\n\n\n<p>Finalmente, el Mides reiter\u00f3 que no tolerar\u00e1 ning\u00fan uso indebido de recursos p\u00fablicos ni de la informaci\u00f3n de las personas beneficiarias, subrayando que la protecci\u00f3n social debe ejercerse con responsabilidad, integridad y estricto apego a la ley.<\/p>\n\n\n\n<p><a href=\"https:\/\/www.facebook.com\/hashtag\/mides?__eep__=6&amp;__cft__[0]=AZbE6mcd2uUWdw8BzEokxTiRWNDOcnQYL053yZvpzcSIMZ_zFgNLCMomBC18mlPo8BOXdJdWex8JrkCa4uWt5Z2va1wjiJqJ60PVMQh4ZvTK8xCdFBRl3YR_tm9fD1pfLdUIEyKlPBLPd1VhhJE0Z70nbeVGH73HLZ7LdRG_heUQKDAT4gi-EQv1d5cuFkHT7uQ&amp;__tn__=*NK-R\">#Mides<\/a><a href=\"https:\/\/www.facebook.com\/hashtag\/comedoressociales?__eep__=6&amp;__cft__[0]=AZbE6mcd2uUWdw8BzEokxTiRWNDOcnQYL053yZvpzcSIMZ_zFgNLCMomBC18mlPo8BOXdJdWex8JrkCa4uWt5Z2va1wjiJqJ60PVMQh4ZvTK8xCdFBRl3YR_tm9fD1pfLdUIEyKlPBLPd1VhhJE0Z70nbeVGH73HLZ7LdRG_heUQKDAT4gi-EQv1d5cuFkHT7uQ&amp;__tn__=*NK-R\">#ComedoresSociales<\/a><a href=\"https:\/\/www.facebook.com\/hashtag\/mpfuerteyfirme?__eep__=6&amp;__cft__[0]=AZbE6mcd2uUWdw8BzEokxTiRWNDOcnQYL053yZvpzcSIMZ_zFgNLCMomBC18mlPo8BOXdJdWex8JrkCa4uWt5Z2va1wjiJqJ60PVMQh4ZvTK8xCdFBRl3YR_tm9fD1pfLdUIEyKlPBLPd1VhhJE0Z70nbeVGH73HLZ7LdRG_heUQKDAT4gi-EQv1d5cuFkHT7uQ&amp;__tn__=*NK-R\">#MPfuerteYfirme<\/a><\/p>\n\n\n\n<figure class=\"wp-block-gallery has-nested-images columns-default is-cropped wp-block-gallery-1 is-layout-flex wp-block-gallery-is-layout-flex\">\n<figure class=\"wp-block-image size-large\"><img loading=\"lazy\" decoding=\"async\" width=\"1021\" height=\"626\" data-id=\"122842\" src=\"https:\/\/elmetropolitano.com.gt\/es\/wp-content\/uploads\/2026\/02\/641316212_1471136985012380_7499237839667985415_n-1.jpg\" alt=\"\" class=\"wp-image-122842\" srcset=\"https:\/\/elmetropolitano.com.gt\/es\/wp-content\/uploads\/2026\/02\/641316212_1471136985012380_7499237839667985415_n-1.jpg 1021w, https:\/\/elmetropolitano.com.gt\/es\/wp-content\/uploads\/2026\/02\/641316212_1471136985012380_7499237839667985415_n-1-300x184.jpg 300w, https:\/\/elmetropolitano.com.gt\/es\/wp-content\/uploads\/2026\/02\/641316212_1471136985012380_7499237839667985415_n-1-768x471.jpg 768w\" sizes=\"auto, (max-width: 1021px) 100vw, 1021px\" \/><\/figure>\n\n\n\n<figure class=\"wp-block-image size-large\"><img loading=\"lazy\" decoding=\"async\" width=\"791\" height=\"1024\" data-id=\"122843\" src=\"https:\/\/elmetropolitano.com.gt\/es\/wp-content\/uploads\/2026\/02\/642184543_1471136981679047_2969322271313060404_n-791x1024.jpg\" alt=\"\" class=\"wp-image-122843\" srcset=\"https:\/\/elmetropolitano.com.gt\/es\/wp-content\/uploads\/2026\/02\/642184543_1471136981679047_2969322271313060404_n-791x1024.jpg 791w, https:\/\/elmetropolitano.com.gt\/es\/wp-content\/uploads\/2026\/02\/642184543_1471136981679047_2969322271313060404_n-232x300.jpg 232w, https:\/\/elmetropolitano.com.gt\/es\/wp-content\/uploads\/2026\/02\/642184543_1471136981679047_2969322271313060404_n-768x994.jpg 768w, https:\/\/elmetropolitano.com.gt\/es\/wp-content\/uploads\/2026\/02\/642184543_1471136981679047_2969322271313060404_n-1187x1536.jpg 1187w, https:\/\/elmetropolitano.com.gt\/es\/wp-content\/uploads\/2026\/02\/642184543_1471136981679047_2969322271313060404_n.jpg 1275w\" sizes=\"auto, (max-width: 791px) 100vw, 791px\" \/><\/figure>\n<\/figure>\n","protected":false},"excerpt":{"rendered":"<p>El Ministerio de Desarrollo Social Mides por medio de un comunicado oficial inform\u00f3 que la diligencia realizada este d\u00eda por el Ministerio P\u00fablico (MP) en sus instalaciones responde a una denuncia presentada por la propia instituci\u00f3n, tras un hallazgo detectado en una auditor\u00eda practicada por la Contralor\u00eda General de Cuentas CGC Seg\u00fan detall\u00f3 el Mides, <a class=\"read-more\" href=\"https:\/\/elmetropolitano.com.gt\/es\/mides-aclara-que-diligencia-del-mp-sobre-comedores-sociales-se-debe-a-denuncia-institucional\/\">Leer m\u00e1s<\/a><\/p>\n","protected":false},"author":1,"featured_media":122841,"comment_status":"open","ping_status":"closed","sticky":false,"template":"","format":"standard","meta":{"footnotes":""},"categories":[2],"tags":[12],"class_list":["post-122840","post","type-post","status-publish","format-standard","has-post-thumbnail","hentry","category-nacionales","tag-nacionales"],"_links":{"self":[{"href":"https:\/\/elmetropolitano.com.gt\/es\/wp-json\/wp\/v2\/posts\/122840","targetHints":{"allow":["GET"]}}],"collection":[{"href":"https:\/\/elmetropolitano.com.gt\/es\/wp-json\/wp\/v2\/posts"}],"about":[{"href":"https:\/\/elmetropolitano.com.gt\/es\/wp-json\/wp\/v2\/types\/post"}],"author":[{"embeddable":true,"href":"https:\/\/elmetropolitano.com.gt\/es\/wp-json\/wp\/v2\/users\/1"}],"replies":[{"embeddable":true,"href":"https:\/\/elmetropolitano.com.gt\/es\/wp-json\/wp\/v2\/comments?post=122840"}],"version-history":[{"count":1,"href":"https:\/\/elmetropolitano.com.gt\/es\/wp-json\/wp\/v2\/posts\/122840\/revisions"}],"predecessor-version":[{"id":122844,"href":"https:\/\/elmetropolitano.com.gt\/es\/wp-json\/wp\/v2\/posts\/122840\/revisions\/122844"}],"wp:featuredmedia":[{"embeddable":true,"href":"https:\/\/elmetropolitano.com.gt\/es\/wp-json\/wp\/v2\/media\/122841"}],"wp:attachment":[{"href":"https:\/\/elmetropolitano.com.gt\/es\/wp-json\/wp\/v2\/media?parent=122840"}],"wp:term":[{"taxonomy":"category","embeddable":true,"href":"https:\/\/elmetropolitano.com.gt\/es\/wp-json\/wp\/v2\/categories?post=122840"},{"taxonomy":"post_tag","embeddable":true,"href":"https:\/\/elmetropolitano.com.gt\/es\/wp-json\/wp\/v2\/tags?post=122840"}],"curies":[{"name":"wp","href":"https:\/\/api.w.org\/{rel}","templated":true}]}}