{"id":122846,"date":"2026-02-24T09:35:54","date_gmt":"2026-02-24T15:35:54","guid":{"rendered":"https:\/\/elmetropolitano.com.gt\/es\/?p=122846"},"modified":"2026-02-24T09:35:56","modified_gmt":"2026-02-24T15:35:56","slug":"ocho-abogados-quedan-fuera-para-ser-electos-magistrado-titular-o-suplente-de-la-cc-por-el-congreso","status":"publish","type":"post","link":"https:\/\/elmetropolitano.com.gt\/es\/ocho-abogados-quedan-fuera-para-ser-electos-magistrado-titular-o-suplente-de-la-cc-por-el-congreso\/","title":{"rendered":"Ocho abogados quedan fuera para ser electos Magistrado titular o suplente de la CC por el Congreso"},"content":{"rendered":"\n<p>En seguimiento al trabajo de la Comisi\u00f3n Mixta integrada por los diputados de Junta Directiva y la Junta de Jefes de Bloques, se determin\u00f3 que 47 de 55 aspirantes cumplieron con los requisitos constitucionales y los establecidos en el Acuerdo Legislativo 4-2026, para participar en el proceso de designaci\u00f3n de un magistrado titular y un magistrado suplente de la Corte de Constitucionalidad por parte del Congreso de la Rep\u00fablica.<\/p>\n\n\n\n<p>Cabe resaltar que la revisi\u00f3n de estos expedientes fue distribuida en grupos de tres diputados y luego de la revisi\u00f3n de la papeler\u00eda cada terna emiti\u00f3 un informe que fue aprobado por los integrantes de esta instancia.<\/p><div class=\"elmet-contenido\" id=\"elmet-3443624344\"><div class=\"elmet-adlabel\">Anuncios<\/div><div style=\"margin-top: 20px;margin-right: 20px;margin-bottom: 20px;margin-left: 20px;\" id=\"elmet-1904301458\"><a href=\"https:\/\/www.facebook.com\/arrincuanantigua\/\" aria-label=\"cintillo-arrin-cual\"><img loading=\"lazy\" decoding=\"async\" src=\"https:\/\/elmetropolitano.com.gt\/es\/wp-content\/uploads\/2021\/11\/cintillo-arrin-cual-1.jpg\" alt=\"\"  srcset=\"https:\/\/elmetropolitano.com.gt\/es\/wp-content\/uploads\/2021\/11\/cintillo-arrin-cual-1.jpg 750w, https:\/\/elmetropolitano.com.gt\/es\/wp-content\/uploads\/2021\/11\/cintillo-arrin-cual-1-300x36.jpg 300w, https:\/\/elmetropolitano.com.gt\/es\/wp-content\/uploads\/2021\/11\/cintillo-arrin-cual-1-600x72.jpg 600w\" sizes=\"(max-width: 750px) 100vw, 750px\" width=\"750\" height=\"90\"   \/><\/a><\/div><\/div>\n\n\n\n<p>Luego de este ejercicio, el listado final ser\u00e1 remitido al Pleno del Congreso para que se realice la elecci\u00f3n final de los dos profesionales del derecho que asumir\u00e1n los cargos en el m\u00e1ximo \u00f3rgano en materia constitucional del pa\u00eds.<\/p>\n\n\n\n<p>Van a entrevistes<\/p>\n\n\n\n<p>Como parte de la transparencia de este proceso, a partir de este mi\u00e9rcoles por la tarde, la Comisi\u00f3n Mixta realizar\u00e1 una serie de entrevistas a todos los aspirantes con un espacio no menos de cinco minutos para conocer a los candidatos y otros cinco minutos para que los integrantes de la Comisi\u00f3n puedan realizar preguntas.<\/p>\n\n\n\n<p>Los profesionales que no contin\u00faan<\/p>\n\n\n\n<p>en el proceso son:<\/p>\n\n\n\n<p>-Mario Luis Arango Custodio<\/p>\n\n\n\n<p>-Juan Carlos Garc\u00eda Aguirre<\/p>\n\n\n\n<p>-Braulio Jenner Rodr\u00edguez Alfaro<\/p>\n\n\n\n<p>-Mois\u00e9s Emilio de Le\u00f3n D\u00edaz<\/p>\n\n\n\n<p>-Federico Guillermo Rosal Morales<\/p>\n\n\n\n<p>-Rossellyni Eunice Amado Zamora<\/p>\n\n\n\n<p>-V\u00edctor Manuel Castillo May\u00e9n<\/p>\n\n\n\n<p>-Miguel \u00c1ngel Hern\u00e1ndez Sagastume<\/p>\n\n\n\n<p><a href=\"https:\/\/www.facebook.com\/hashtag\/congresogt?__eep__=6&amp;__cft__[0]=AZbKGS7YmEME9-YcuYfxC0swLJUEvEYV0eYlBTrSCEPr3VZnuq4yyq2xTcIJhTuYPhRI_3ktKhz2nhghDewTaaqng6fzenIElUPMeeCabzijdvdx79CTtn8dWyGjOMRGck4wd327pLrbfnUacAcztZcbo-05-0Iam0QAW17HPUexQAol6sBQqkA-bV9TIDEcdMg&amp;__tn__=*NK-R\">#CongresoGT<\/a><a href=\"https:\/\/www.facebook.com\/hashtag\/cortecostitucionalidadgt?__eep__=6&amp;__cft__[0]=AZbKGS7YmEME9-YcuYfxC0swLJUEvEYV0eYlBTrSCEPr3VZnuq4yyq2xTcIJhTuYPhRI_3ktKhz2nhghDewTaaqng6fzenIElUPMeeCabzijdvdx79CTtn8dWyGjOMRGck4wd327pLrbfnUacAcztZcbo-05-0Iam0QAW17HPUexQAol6sBQqkA-bV9TIDEcdMg&amp;__tn__=*NK-R\">#CorteCostitucionalidadGT<\/a><\/p>\n\n\n\n<figure class=\"wp-block-gallery has-nested-images columns-default is-cropped wp-block-gallery-1 is-layout-flex wp-block-gallery-is-layout-flex\">\n<figure class=\"wp-block-image size-large\"><img loading=\"lazy\" decoding=\"async\" width=\"1024\" height=\"682\" data-id=\"122849\" src=\"https:\/\/elmetropolitano.com.gt\/es\/wp-content\/uploads\/2026\/02\/640047247_1471220288337383_8273953285535157904_n-1024x682.jpg\" alt=\"\" class=\"wp-image-122849\" srcset=\"https:\/\/elmetropolitano.com.gt\/es\/wp-content\/uploads\/2026\/02\/640047247_1471220288337383_8273953285535157904_n-1024x682.jpg 1024w, https:\/\/elmetropolitano.com.gt\/es\/wp-content\/uploads\/2026\/02\/640047247_1471220288337383_8273953285535157904_n-300x200.jpg 300w, https:\/\/elmetropolitano.com.gt\/es\/wp-content\/uploads\/2026\/02\/640047247_1471220288337383_8273953285535157904_n-768x512.jpg 768w, https:\/\/elmetropolitano.com.gt\/es\/wp-content\/uploads\/2026\/02\/640047247_1471220288337383_8273953285535157904_n.jpg 1280w\" sizes=\"auto, (max-width: 1024px) 100vw, 1024px\" \/><\/figure>\n\n\n\n<figure class=\"wp-block-image size-large\"><img loading=\"lazy\" decoding=\"async\" width=\"1024\" height=\"682\" data-id=\"122850\" src=\"https:\/\/elmetropolitano.com.gt\/es\/wp-content\/uploads\/2026\/02\/641108799_1471220355004043_4991862656908678391_n-1024x682.jpg\" alt=\"\" class=\"wp-image-122850\" srcset=\"https:\/\/elmetropolitano.com.gt\/es\/wp-content\/uploads\/2026\/02\/641108799_1471220355004043_4991862656908678391_n-1024x682.jpg 1024w, https:\/\/elmetropolitano.com.gt\/es\/wp-content\/uploads\/2026\/02\/641108799_1471220355004043_4991862656908678391_n-300x200.jpg 300w, https:\/\/elmetropolitano.com.gt\/es\/wp-content\/uploads\/2026\/02\/641108799_1471220355004043_4991862656908678391_n-768x512.jpg 768w, https:\/\/elmetropolitano.com.gt\/es\/wp-content\/uploads\/2026\/02\/641108799_1471220355004043_4991862656908678391_n.jpg 1280w\" sizes=\"auto, (max-width: 1024px) 100vw, 1024px\" \/><\/figure>\n\n\n\n<figure class=\"wp-block-image size-large\"><img loading=\"lazy\" decoding=\"async\" width=\"1024\" height=\"682\" data-id=\"122848\" src=\"https:\/\/elmetropolitano.com.gt\/es\/wp-content\/uploads\/2026\/02\/641431276_1471220388337373_5337113746887155089_n-1024x682.jpg\" alt=\"\" class=\"wp-image-122848\" srcset=\"https:\/\/elmetropolitano.com.gt\/es\/wp-content\/uploads\/2026\/02\/641431276_1471220388337373_5337113746887155089_n-1024x682.jpg 1024w, https:\/\/elmetropolitano.com.gt\/es\/wp-content\/uploads\/2026\/02\/641431276_1471220388337373_5337113746887155089_n-300x200.jpg 300w, https:\/\/elmetropolitano.com.gt\/es\/wp-content\/uploads\/2026\/02\/641431276_1471220388337373_5337113746887155089_n-768x512.jpg 768w, https:\/\/elmetropolitano.com.gt\/es\/wp-content\/uploads\/2026\/02\/641431276_1471220388337373_5337113746887155089_n.jpg 1280w\" sizes=\"auto, (max-width: 1024px) 100vw, 1024px\" \/><\/figure>\n\n\n\n<figure class=\"wp-block-image size-large\"><img loading=\"lazy\" decoding=\"async\" width=\"1024\" height=\"683\" data-id=\"122852\" src=\"https:\/\/elmetropolitano.com.gt\/es\/wp-content\/uploads\/2026\/02\/641494505_1471220328337379_1273979520405593587_n-1-1024x683.jpg\" alt=\"\" class=\"wp-image-122852\" srcset=\"https:\/\/elmetropolitano.com.gt\/es\/wp-content\/uploads\/2026\/02\/641494505_1471220328337379_1273979520405593587_n-1-1024x683.jpg 1024w, https:\/\/elmetropolitano.com.gt\/es\/wp-content\/uploads\/2026\/02\/641494505_1471220328337379_1273979520405593587_n-1-300x200.jpg 300w, https:\/\/elmetropolitano.com.gt\/es\/wp-content\/uploads\/2026\/02\/641494505_1471220328337379_1273979520405593587_n-1-768x512.jpg 768w, https:\/\/elmetropolitano.com.gt\/es\/wp-content\/uploads\/2026\/02\/641494505_1471220328337379_1273979520405593587_n-1.jpg 1280w\" sizes=\"auto, (max-width: 1024px) 100vw, 1024px\" \/><\/figure>\n\n\n\n<figure class=\"wp-block-image size-large\"><img loading=\"lazy\" decoding=\"async\" width=\"1024\" height=\"683\" data-id=\"122851\" src=\"https:\/\/elmetropolitano.com.gt\/es\/wp-content\/uploads\/2026\/02\/641515891_1471220335004045_3322388818929598753_n-1024x683.jpg\" alt=\"\" class=\"wp-image-122851\" srcset=\"https:\/\/elmetropolitano.com.gt\/es\/wp-content\/uploads\/2026\/02\/641515891_1471220335004045_3322388818929598753_n-1024x683.jpg 1024w, https:\/\/elmetropolitano.com.gt\/es\/wp-content\/uploads\/2026\/02\/641515891_1471220335004045_3322388818929598753_n-300x200.jpg 300w, https:\/\/elmetropolitano.com.gt\/es\/wp-content\/uploads\/2026\/02\/641515891_1471220335004045_3322388818929598753_n-768x512.jpg 768w, https:\/\/elmetropolitano.com.gt\/es\/wp-content\/uploads\/2026\/02\/641515891_1471220335004045_3322388818929598753_n.jpg 1280w\" sizes=\"auto, (max-width: 1024px) 100vw, 1024px\" \/><\/figure>\n\n\n\n<figure class=\"wp-block-image size-large\"><img loading=\"lazy\" decoding=\"async\" width=\"669\" height=\"1024\" data-id=\"122853\" src=\"https:\/\/elmetropolitano.com.gt\/es\/wp-content\/uploads\/2026\/02\/642208959_1471220285004050_4446912202931456820_n-669x1024.jpg\" alt=\"\" class=\"wp-image-122853\" srcset=\"https:\/\/elmetropolitano.com.gt\/es\/wp-content\/uploads\/2026\/02\/642208959_1471220285004050_4446912202931456820_n-669x1024.jpg 669w, https:\/\/elmetropolitano.com.gt\/es\/wp-content\/uploads\/2026\/02\/642208959_1471220285004050_4446912202931456820_n-196x300.jpg 196w, https:\/\/elmetropolitano.com.gt\/es\/wp-content\/uploads\/2026\/02\/642208959_1471220285004050_4446912202931456820_n-768x1175.jpg 768w, https:\/\/elmetropolitano.com.gt\/es\/wp-content\/uploads\/2026\/02\/642208959_1471220285004050_4446912202931456820_n-1004x1536.jpg 1004w, https:\/\/elmetropolitano.com.gt\/es\/wp-content\/uploads\/2026\/02\/642208959_1471220285004050_4446912202931456820_n-85x130.jpg 85w, https:\/\/elmetropolitano.com.gt\/es\/wp-content\/uploads\/2026\/02\/642208959_1471220285004050_4446912202931456820_n.jpg 1045w\" sizes=\"auto, (max-width: 669px) 100vw, 669px\" \/><\/figure>\n\n\n\n<figure class=\"wp-block-image size-large\"><img loading=\"lazy\" decoding=\"async\" width=\"634\" height=\"1024\" data-id=\"122854\" src=\"https:\/\/elmetropolitano.com.gt\/es\/wp-content\/uploads\/2026\/02\/642364307_1471220368337375_7963813110595539474_n-634x1024.jpg\" alt=\"\" class=\"wp-image-122854\" srcset=\"https:\/\/elmetropolitano.com.gt\/es\/wp-content\/uploads\/2026\/02\/642364307_1471220368337375_7963813110595539474_n-634x1024.jpg 634w, https:\/\/elmetropolitano.com.gt\/es\/wp-content\/uploads\/2026\/02\/642364307_1471220368337375_7963813110595539474_n-186x300.jpg 186w, https:\/\/elmetropolitano.com.gt\/es\/wp-content\/uploads\/2026\/02\/642364307_1471220368337375_7963813110595539474_n-768x1241.jpg 768w, https:\/\/elmetropolitano.com.gt\/es\/wp-content\/uploads\/2026\/02\/642364307_1471220368337375_7963813110595539474_n-950x1536.jpg 950w, https:\/\/elmetropolitano.com.gt\/es\/wp-content\/uploads\/2026\/02\/642364307_1471220368337375_7963813110595539474_n.jpg 990w\" sizes=\"auto, (max-width: 634px) 100vw, 634px\" \/><\/figure>\n<\/figure>\n","protected":false},"excerpt":{"rendered":"<p>En seguimiento al trabajo de la Comisi\u00f3n Mixta integrada por los diputados de Junta Directiva y la Junta de Jefes de Bloques, se determin\u00f3 que 47 de 55 aspirantes cumplieron con los requisitos constitucionales y los establecidos en el Acuerdo Legislativo 4-2026, para participar en el proceso de designaci\u00f3n de un magistrado titular y un <a class=\"read-more\" href=\"https:\/\/elmetropolitano.com.gt\/es\/ocho-abogados-quedan-fuera-para-ser-electos-magistrado-titular-o-suplente-de-la-cc-por-el-congreso\/\">Leer m\u00e1s<\/a><\/p>\n","protected":false},"author":1,"featured_media":122847,"comment_status":"open","ping_status":"closed","sticky":false,"template":"","format":"standard","meta":{"footnotes":""},"categories":[2],"tags":[12],"class_list":["post-122846","post","type-post","status-publish","format-standard","has-post-thumbnail","hentry","category-nacionales","tag-nacionales"],"_links":{"self":[{"href":"https:\/\/elmetropolitano.com.gt\/es\/wp-json\/wp\/v2\/posts\/122846","targetHints":{"allow":["GET"]}}],"collection":[{"href":"https:\/\/elmetropolitano.com.gt\/es\/wp-json\/wp\/v2\/posts"}],"about":[{"href":"https:\/\/elmetropolitano.com.gt\/es\/wp-json\/wp\/v2\/types\/post"}],"author":[{"embeddable":true,"href":"https:\/\/elmetropolitano.com.gt\/es\/wp-json\/wp\/v2\/users\/1"}],"replies":[{"embeddable":true,"href":"https:\/\/elmetropolitano.com.gt\/es\/wp-json\/wp\/v2\/comments?post=122846"}],"version-history":[{"count":1,"href":"https:\/\/elmetropolitano.com.gt\/es\/wp-json\/wp\/v2\/posts\/122846\/revisions"}],"predecessor-version":[{"id":122855,"href":"https:\/\/elmetropolitano.com.gt\/es\/wp-json\/wp\/v2\/posts\/122846\/revisions\/122855"}],"wp:featuredmedia":[{"embeddable":true,"href":"https:\/\/elmetropolitano.com.gt\/es\/wp-json\/wp\/v2\/media\/122847"}],"wp:attachment":[{"href":"https:\/\/elmetropolitano.com.gt\/es\/wp-json\/wp\/v2\/media?parent=122846"}],"wp:term":[{"taxonomy":"category","embeddable":true,"href":"https:\/\/elmetropolitano.com.gt\/es\/wp-json\/wp\/v2\/categories?post=122846"},{"taxonomy":"post_tag","embeddable":true,"href":"https:\/\/elmetropolitano.com.gt\/es\/wp-json\/wp\/v2\/tags?post=122846"}],"curies":[{"name":"wp","href":"https:\/\/api.w.org\/{rel}","templated":true}]}}