{"id":122873,"date":"2026-02-24T09:51:30","date_gmt":"2026-02-24T15:51:30","guid":{"rendered":"https:\/\/elmetropolitano.com.gt\/es\/?p=122873"},"modified":"2026-02-24T09:51:32","modified_gmt":"2026-02-24T15:51:32","slug":"delegacion-del-fmi-visita-guatemala-para-evaluar-la-situacion-macroeconomica-y-fiscal-del-pais","status":"publish","type":"post","link":"https:\/\/elmetropolitano.com.gt\/es\/delegacion-del-fmi-visita-guatemala-para-evaluar-la-situacion-macroeconomica-y-fiscal-del-pais\/","title":{"rendered":"Delegaci\u00f3n del FMI visita Guatemala para evaluar la situaci\u00f3n macroecon\u00f3mica y fiscal del pa\u00eds"},"content":{"rendered":"\n<p>Una delegaci\u00f3n del Fondo Monetario Internacional (FMI) lleva a cabo una visita a Guatemala del 23 al 27 de febrero para evaluar la situaci\u00f3n macroecon\u00f3mica y fiscal del pa\u00eds, como parte de la evaluaci\u00f3n anual que el organismo desarrolla a los pa\u00edses miembros, en el marco del art\u00edculo IV de su Convenio Constitutivo.<\/p>\n\n\n\n<p>\u201cEntre los avances destacados tras la \u00faltima visita del FMI, el ministro de Finanzas, Jonathan Menkos Zeissig, se\u00f1al\u00f3 que la Administraci\u00f3n Tributaria cuenta con un plan estrat\u00e9gico moderno para aumentar la productividad de los impuestos actuales y fortalecer la recaudaci\u00f3n\u201d expreso el Ministerio de Finanzas P\u00fablicas Minfin<\/p><div class=\"elmet-contenido\" id=\"elmet-2828840663\"><div class=\"elmet-adlabel\">Anuncios<\/div><div style=\"margin-top: 20px;margin-right: 20px;margin-bottom: 20px;margin-left: 20px;\" id=\"elmet-3752606482\"><a href=\"https:\/\/www.facebook.com\/arrincuanantigua\/\" aria-label=\"cintillo-arrin-cual\"><img loading=\"lazy\" decoding=\"async\" src=\"https:\/\/elmetropolitano.com.gt\/es\/wp-content\/uploads\/2021\/11\/cintillo-arrin-cual-1.jpg\" alt=\"\"  srcset=\"https:\/\/elmetropolitano.com.gt\/es\/wp-content\/uploads\/2021\/11\/cintillo-arrin-cual-1.jpg 750w, https:\/\/elmetropolitano.com.gt\/es\/wp-content\/uploads\/2021\/11\/cintillo-arrin-cual-1-300x36.jpg 300w, https:\/\/elmetropolitano.com.gt\/es\/wp-content\/uploads\/2021\/11\/cintillo-arrin-cual-1-600x72.jpg 600w\" sizes=\"(max-width: 750px) 100vw, 750px\" width=\"750\" height=\"90\"   \/><\/a><\/div><\/div>\n\n\n\n<p>Asimismo, afirm\u00f3 que la gesti\u00f3n del gasto y la inversi\u00f3n p\u00fablica se enfoca en una ejecuci\u00f3n m\u00e1s \u00e1gil y eficiente, apoyada en herramientas modernas, entre ellas la iniciativa de Ley de Contrataciones del Estado presentada al Congreso para su an\u00e1lisis y discusi\u00f3n.<\/p>\n\n\n\n<p>Calidad de inversi\u00f3n<\/p>\n\n\n\n<p>Adem\u00e1s, Menkos destac\u00f3 avances en transparencia, en la evaluaci\u00f3n de la calidad de la inversi\u00f3n y en el fortalecimiento de los mecanismos de rendici\u00f3n de cuentas.<\/p>\n\n\n\n<p>Tambi\u00e9n resalt\u00f3 que se redujo de manera significativa la presa en la devoluci\u00f3n de impuestos, que ascend\u00eda a unos 2 mil 200 millones de quetzales, y que solo el a\u00f1o pasado se devolvieron m\u00e1s de mil 600 millones de quetzales.<\/p>\n\n\n\n<p>Indic\u00f3 que con este prop\u00f3sito se present\u00f3 al Congreso una iniciativa, elaborada junto al Banco de Guatemala y la Administraci\u00f3n Tributaria, para agilizar y dar certeza a los plazos de devoluci\u00f3n a no exportadores, reafirmando el compromiso con los derechos de los contribuyentes.<\/p>\n\n\n\n<p>Los datos revisados en la Junta Monetaria muestran la expansi\u00f3n de la actividad econ\u00f3mica, el empleo formal y el aumento en la recaudaci\u00f3n, afirm\u00f3.<\/p>\n\n\n\n<p>Adem\u00e1s, se registra una mejora en la carga tributaria y se mantiene el enfoque en ejecutar de la mejor manera posible el plan de gobierno ofrecido a la sociedad.<\/p>\n\n\n\n<p>Importantes avances<\/p>\n\n\n\n<p>Por su parte, Alex Culiuc, jefe de la misi\u00f3n del Fondo Monetario Internacional (FMI), indic\u00f3 que la administraci\u00f3n ha logrado importantes avances legislativos y que esperan con inter\u00e9s conocer m\u00e1s detalles de la puesta en marcha de la Direcci\u00f3n de Proyectos Viales Prioritarios (DIPP), de la Superintendencia de Competencia.<\/p>\n\n\n\n<p>As\u00ed como los avances en otras iniciativas legislativas mencionadas por el ministro, entre ellas la Ley de Compras y Contrataciones.<\/p>\n\n\n\n<p>La visita del FMI inici\u00f3 en el Banco de Guatemala y en el transcurso de la semana, la delegaci\u00f3n se reunir\u00e1 con diferentes direcciones del Ministerio de Finanzas como parte de la evaluaci\u00f3n.<\/p>\n\n\n\n<p>Este primer encuentro tuvo como objetivo analizar la evoluci\u00f3n de la econom\u00eda guatemalteca, el entorno econ\u00f3mico global y las perspectivas para el presente a\u00f1o, en el marco del acompa\u00f1amiento t\u00e9cnico que el organismo internacional brinda<\/p>\n\n\n\n<p>Texto: Brenda Larios<\/p>\n\n\n\n<p><a href=\"https:\/\/www.facebook.com\/hashtag\/elfinancierogt?__eep__=6&amp;__cft__[0]=AZbcDN4EtZxUPdwvF1kWrO8hTlLzYcPVtrol2wBDkeajSyyTYXY7p-NrVFvbBOgF4YVOrYV9PfbL0q0XjBOtHGSHNTxM4CMfHC9DDgTl9wgj_zwVs3xH0dXJhfJijYI4jCsgA-QF6JlQ2R_bchIrk6C2GBelAQga3Rq8UnwPO4Od6a-NOXFOGs0wcGPtTkz_v8s&amp;__tn__=*NK-R\">#elfinancierogt<\/a><a href=\"https:\/\/www.facebook.com\/hashtag\/fmi?__eep__=6&amp;__cft__[0]=AZbcDN4EtZxUPdwvF1kWrO8hTlLzYcPVtrol2wBDkeajSyyTYXY7p-NrVFvbBOgF4YVOrYV9PfbL0q0XjBOtHGSHNTxM4CMfHC9DDgTl9wgj_zwVs3xH0dXJhfJijYI4jCsgA-QF6JlQ2R_bchIrk6C2GBelAQga3Rq8UnwPO4Od6a-NOXFOGs0wcGPtTkz_v8s&amp;__tn__=*NK-R\">#FMI<\/a><\/p>\n\n\n\n<figure class=\"wp-block-gallery has-nested-images columns-default is-cropped wp-block-gallery-1 is-layout-flex wp-block-gallery-is-layout-flex\">\n<figure class=\"wp-block-image size-large\"><img loading=\"lazy\" decoding=\"async\" width=\"1024\" height=\"682\" data-id=\"122875\" src=\"https:\/\/elmetropolitano.com.gt\/es\/wp-content\/uploads\/2026\/02\/639087268_1471356648323747_7850439415243229068_n-1024x682.jpg\" alt=\"\" class=\"wp-image-122875\" srcset=\"https:\/\/elmetropolitano.com.gt\/es\/wp-content\/uploads\/2026\/02\/639087268_1471356648323747_7850439415243229068_n-1024x682.jpg 1024w, https:\/\/elmetropolitano.com.gt\/es\/wp-content\/uploads\/2026\/02\/639087268_1471356648323747_7850439415243229068_n-300x200.jpg 300w, https:\/\/elmetropolitano.com.gt\/es\/wp-content\/uploads\/2026\/02\/639087268_1471356648323747_7850439415243229068_n-768x512.jpg 768w, https:\/\/elmetropolitano.com.gt\/es\/wp-content\/uploads\/2026\/02\/639087268_1471356648323747_7850439415243229068_n.jpg 1280w\" sizes=\"auto, (max-width: 1024px) 100vw, 1024px\" \/><\/figure>\n\n\n\n<figure class=\"wp-block-image size-large\"><img loading=\"lazy\" decoding=\"async\" width=\"1024\" height=\"681\" data-id=\"122877\" src=\"https:\/\/elmetropolitano.com.gt\/es\/wp-content\/uploads\/2026\/02\/640551218_1471356654990413_7253173592974261390_n-1024x681.jpg\" alt=\"\" class=\"wp-image-122877\" srcset=\"https:\/\/elmetropolitano.com.gt\/es\/wp-content\/uploads\/2026\/02\/640551218_1471356654990413_7253173592974261390_n-1024x681.jpg 1024w, https:\/\/elmetropolitano.com.gt\/es\/wp-content\/uploads\/2026\/02\/640551218_1471356654990413_7253173592974261390_n-300x200.jpg 300w, https:\/\/elmetropolitano.com.gt\/es\/wp-content\/uploads\/2026\/02\/640551218_1471356654990413_7253173592974261390_n-768x511.jpg 768w, https:\/\/elmetropolitano.com.gt\/es\/wp-content\/uploads\/2026\/02\/640551218_1471356654990413_7253173592974261390_n-1536x1021.jpg 1536w, https:\/\/elmetropolitano.com.gt\/es\/wp-content\/uploads\/2026\/02\/640551218_1471356654990413_7253173592974261390_n.jpg 1600w\" sizes=\"auto, (max-width: 1024px) 100vw, 1024px\" \/><\/figure>\n\n\n\n<figure class=\"wp-block-image size-large\"><img loading=\"lazy\" decoding=\"async\" width=\"1024\" height=\"682\" data-id=\"122878\" src=\"https:\/\/elmetropolitano.com.gt\/es\/wp-content\/uploads\/2026\/02\/640585286_1471356634990415_5132739401160019112_n-1024x682.jpg\" alt=\"\" class=\"wp-image-122878\" srcset=\"https:\/\/elmetropolitano.com.gt\/es\/wp-content\/uploads\/2026\/02\/640585286_1471356634990415_5132739401160019112_n-1024x682.jpg 1024w, https:\/\/elmetropolitano.com.gt\/es\/wp-content\/uploads\/2026\/02\/640585286_1471356634990415_5132739401160019112_n-300x200.jpg 300w, https:\/\/elmetropolitano.com.gt\/es\/wp-content\/uploads\/2026\/02\/640585286_1471356634990415_5132739401160019112_n-768x512.jpg 768w, https:\/\/elmetropolitano.com.gt\/es\/wp-content\/uploads\/2026\/02\/640585286_1471356634990415_5132739401160019112_n-1536x1023.jpg 1536w, https:\/\/elmetropolitano.com.gt\/es\/wp-content\/uploads\/2026\/02\/640585286_1471356634990415_5132739401160019112_n.jpg 2048w\" sizes=\"auto, (max-width: 1024px) 100vw, 1024px\" \/><\/figure>\n\n\n\n<figure class=\"wp-block-image size-large\"><img loading=\"lazy\" decoding=\"async\" width=\"1024\" height=\"682\" data-id=\"122876\" src=\"https:\/\/elmetropolitano.com.gt\/es\/wp-content\/uploads\/2026\/02\/641431236_1471356614990417_1656992822101735551_n-1-1024x682.jpg\" alt=\"\" class=\"wp-image-122876\" srcset=\"https:\/\/elmetropolitano.com.gt\/es\/wp-content\/uploads\/2026\/02\/641431236_1471356614990417_1656992822101735551_n-1-1024x682.jpg 1024w, https:\/\/elmetropolitano.com.gt\/es\/wp-content\/uploads\/2026\/02\/641431236_1471356614990417_1656992822101735551_n-1-300x200.jpg 300w, https:\/\/elmetropolitano.com.gt\/es\/wp-content\/uploads\/2026\/02\/641431236_1471356614990417_1656992822101735551_n-1-768x512.jpg 768w, https:\/\/elmetropolitano.com.gt\/es\/wp-content\/uploads\/2026\/02\/641431236_1471356614990417_1656992822101735551_n-1.jpg 1280w\" sizes=\"auto, (max-width: 1024px) 100vw, 1024px\" \/><\/figure>\n\n\n\n<figure class=\"wp-block-image size-large\"><img loading=\"lazy\" decoding=\"async\" width=\"1024\" height=\"682\" data-id=\"122879\" src=\"https:\/\/elmetropolitano.com.gt\/es\/wp-content\/uploads\/2026\/02\/641647151_1471356621657083_8997808411045500617_n-1024x682.jpg\" alt=\"\" class=\"wp-image-122879\" srcset=\"https:\/\/elmetropolitano.com.gt\/es\/wp-content\/uploads\/2026\/02\/641647151_1471356621657083_8997808411045500617_n-1024x682.jpg 1024w, https:\/\/elmetropolitano.com.gt\/es\/wp-content\/uploads\/2026\/02\/641647151_1471356621657083_8997808411045500617_n-300x200.jpg 300w, https:\/\/elmetropolitano.com.gt\/es\/wp-content\/uploads\/2026\/02\/641647151_1471356621657083_8997808411045500617_n-768x512.jpg 768w, https:\/\/elmetropolitano.com.gt\/es\/wp-content\/uploads\/2026\/02\/641647151_1471356621657083_8997808411045500617_n-1536x1023.jpg 1536w, https:\/\/elmetropolitano.com.gt\/es\/wp-content\/uploads\/2026\/02\/641647151_1471356621657083_8997808411045500617_n.jpg 2048w\" sizes=\"auto, (max-width: 1024px) 100vw, 1024px\" \/><\/figure>\n<\/figure>\n","protected":false},"excerpt":{"rendered":"<p>Una delegaci\u00f3n del Fondo Monetario Internacional (FMI) lleva a cabo una visita a Guatemala del 23 al 27 de febrero para evaluar la situaci\u00f3n macroecon\u00f3mica y fiscal del pa\u00eds, como parte de la evaluaci\u00f3n anual que el organismo desarrolla a los pa\u00edses miembros, en el marco del art\u00edculo IV de su Convenio Constitutivo. \u201cEntre los <a class=\"read-more\" href=\"https:\/\/elmetropolitano.com.gt\/es\/delegacion-del-fmi-visita-guatemala-para-evaluar-la-situacion-macroeconomica-y-fiscal-del-pais\/\">Leer m\u00e1s<\/a><\/p>\n","protected":false},"author":1,"featured_media":122874,"comment_status":"open","ping_status":"closed","sticky":false,"template":"","format":"standard","meta":{"footnotes":""},"categories":[2],"tags":[12],"class_list":["post-122873","post","type-post","status-publish","format-standard","has-post-thumbnail","hentry","category-nacionales","tag-nacionales"],"_links":{"self":[{"href":"https:\/\/elmetropolitano.com.gt\/es\/wp-json\/wp\/v2\/posts\/122873","targetHints":{"allow":["GET"]}}],"collection":[{"href":"https:\/\/elmetropolitano.com.gt\/es\/wp-json\/wp\/v2\/posts"}],"about":[{"href":"https:\/\/elmetropolitano.com.gt\/es\/wp-json\/wp\/v2\/types\/post"}],"author":[{"embeddable":true,"href":"https:\/\/elmetropolitano.com.gt\/es\/wp-json\/wp\/v2\/users\/1"}],"replies":[{"embeddable":true,"href":"https:\/\/elmetropolitano.com.gt\/es\/wp-json\/wp\/v2\/comments?post=122873"}],"version-history":[{"count":1,"href":"https:\/\/elmetropolitano.com.gt\/es\/wp-json\/wp\/v2\/posts\/122873\/revisions"}],"predecessor-version":[{"id":122880,"href":"https:\/\/elmetropolitano.com.gt\/es\/wp-json\/wp\/v2\/posts\/122873\/revisions\/122880"}],"wp:featuredmedia":[{"embeddable":true,"href":"https:\/\/elmetropolitano.com.gt\/es\/wp-json\/wp\/v2\/media\/122874"}],"wp:attachment":[{"href":"https:\/\/elmetropolitano.com.gt\/es\/wp-json\/wp\/v2\/media?parent=122873"}],"wp:term":[{"taxonomy":"category","embeddable":true,"href":"https:\/\/elmetropolitano.com.gt\/es\/wp-json\/wp\/v2\/categories?post=122873"},{"taxonomy":"post_tag","embeddable":true,"href":"https:\/\/elmetropolitano.com.gt\/es\/wp-json\/wp\/v2\/tags?post=122873"}],"curies":[{"name":"wp","href":"https:\/\/api.w.org\/{rel}","templated":true}]}}