{"id":122920,"date":"2026-02-24T15:49:26","date_gmt":"2026-02-24T21:49:26","guid":{"rendered":"https:\/\/elmetropolitano.com.gt\/es\/?p=122920"},"modified":"2026-02-24T15:49:28","modified_gmt":"2026-02-24T21:49:28","slug":"decimosegundo-frente-frio-promueve-el-descenso-de-temperaturas-y-las-lluvias-dispersas","status":"publish","type":"post","link":"https:\/\/elmetropolitano.com.gt\/es\/decimosegundo-frente-frio-promueve-el-descenso-de-temperaturas-y-las-lluvias-dispersas\/","title":{"rendered":"Decimosegundo frente fr\u00edo promueve el descenso de temperaturas y las lluvias dispersas"},"content":{"rendered":"\n<p>El Instituto Nacional de Sismolog\u00eda, Vulcanolog\u00eda, Meteorolog\u00eda e Hidrolog\u00eda (Insivumeh) inform\u00f3 sobre las condiciones clim\u00e1ticas para la semana del 23 al 27 de febrero, las cuales ser\u00e1n variables en gran parte del territorio nacional, caracterizadas por niebla matutina, lluvias dispersas y un incremento gradual de la temperatura.<\/p>\n\n\n\n<p>Estas se deben a la entrada del frente fr\u00edo n\u00famero 12 de la temporada, que entr\u00f3 al pa\u00eds el pasado lunes.<\/p><div class=\"elmet-contenido\" id=\"elmet-648852223\"><div class=\"elmet-adlabel\">Anuncios<\/div><div style=\"margin-top: 20px;margin-right: 20px;margin-bottom: 20px;margin-left: 20px;\" id=\"elmet-2288607225\"><a href=\"https:\/\/www.facebook.com\/arrincuanantigua\/\" aria-label=\"cintillo-arrin-cual\"><img loading=\"lazy\" decoding=\"async\" src=\"https:\/\/elmetropolitano.com.gt\/es\/wp-content\/uploads\/2021\/11\/cintillo-arrin-cual-1.jpg\" alt=\"\"  srcset=\"https:\/\/elmetropolitano.com.gt\/es\/wp-content\/uploads\/2021\/11\/cintillo-arrin-cual-1.jpg 750w, https:\/\/elmetropolitano.com.gt\/es\/wp-content\/uploads\/2021\/11\/cintillo-arrin-cual-1-300x36.jpg 300w, https:\/\/elmetropolitano.com.gt\/es\/wp-content\/uploads\/2021\/11\/cintillo-arrin-cual-1-600x72.jpg 600w\" sizes=\"(max-width: 750px) 100vw, 750px\" width=\"750\" height=\"90\"   \/><\/a><\/div><\/div>\n\n\n\n<p>De esa cuenta, el pron\u00f3stico semanal del ente cient\u00edfico se\u00f1ala que la entrada de humedad proveniente del Caribe influir\u00e1 en las regiones del norte al centro del pa\u00eds, mientras que en el sur y el oriente predominar\u00e1 el ambiente c\u00e1lido, especialmente hacia el fin de la semana.<\/p>\n\n\n\n<p>Condiciones clim\u00e1ticas por regiones<\/p>\n\n\n\n<p>En la meseta central, incluida la ciudad capital, se prev\u00e9n \u00e1reas con niebla durante las primeras horas de la ma\u00f1ana, cielo parcialmente nublado y per\u00edodos soleados durante el d\u00eda.<\/p>\n\n\n\n<p>Por las noches y madrugadas persistir\u00e1 el ambiente fr\u00edo en los altiplanos central y occidental, acompa\u00f1ado de vientos del norte y nordeste moderados a fuertes.<\/p>\n\n\n\n<p>En la regi\u00f3n del Pac\u00edfico predominar\u00e1 la poca nubosidad y el ambiente c\u00e1lido con presencia de humo. Sin embargo, durante las tardes podr\u00eda registrarse el desarrollo de nubosidad con lluvias de corta duraci\u00f3n en la bocacosta y suroccidente. Las temperaturas m\u00e1ximas oscilar\u00e1n entre 34 y 36 grados cent\u00edgrados.<\/p>\n\n\n\n<p>En tanto que en Pet\u00e9n, Alta Verapaz, el Caribe y Franja Transversal del Norte se esperan neblinas matutinas, nubosidad variable y lluvias en horas de la tarde y noche.<\/p>\n\n\n\n<p>Asimismo, en esas zonas las temperaturas se mantendr\u00e1n entre los 23 y 29 grados, exceptuando a Pet\u00e9n, que se pronostica con temperaturas de 28 a 30 grados cent\u00edgrados, todos con tendencia al aumento a partir del jueves.<\/p>\n\n\n\n<p>En la regi\u00f3n del Motagua y valles del oriente se pronostica cielo parcialmente nublado, posibilidad de lloviznas dispersas a principios de semana y temperaturas m\u00e1ximas de entre 31 y 33 grados cent\u00edgrados con ascenso gradual en los pr\u00f3ximos d\u00edas.<\/p>\n\n\n\n<p>Texto Mariana L\u00f3pez<\/p>\n\n\n\n<p>#Clima #Frio #metroredes <a href=\"http:\/\/www.elmetropolitano.com.gt\">www.elmetropolitano.com.gt<\/a> <a href=\"http:\/\/www.metroredes.com\">www.metroredes.com<\/a><\/p>\n","protected":false},"excerpt":{"rendered":"<p>El Instituto Nacional de Sismolog\u00eda, Vulcanolog\u00eda, Meteorolog\u00eda e Hidrolog\u00eda (Insivumeh) inform\u00f3 sobre las condiciones clim\u00e1ticas para la semana del 23 al 27 de febrero, las cuales ser\u00e1n variables en gran parte del territorio nacional, caracterizadas por niebla matutina, lluvias dispersas y un incremento gradual de la temperatura. Estas se deben a la entrada del frente <a class=\"read-more\" href=\"https:\/\/elmetropolitano.com.gt\/es\/decimosegundo-frente-frio-promueve-el-descenso-de-temperaturas-y-las-lluvias-dispersas\/\">Leer m\u00e1s<\/a><\/p>\n","protected":false},"author":1,"featured_media":122921,"comment_status":"open","ping_status":"closed","sticky":false,"template":"","format":"standard","meta":{"footnotes":""},"categories":[2],"tags":[12],"class_list":["post-122920","post","type-post","status-publish","format-standard","has-post-thumbnail","hentry","category-nacionales","tag-nacionales"],"_links":{"self":[{"href":"https:\/\/elmetropolitano.com.gt\/es\/wp-json\/wp\/v2\/posts\/122920","targetHints":{"allow":["GET"]}}],"collection":[{"href":"https:\/\/elmetropolitano.com.gt\/es\/wp-json\/wp\/v2\/posts"}],"about":[{"href":"https:\/\/elmetropolitano.com.gt\/es\/wp-json\/wp\/v2\/types\/post"}],"author":[{"embeddable":true,"href":"https:\/\/elmetropolitano.com.gt\/es\/wp-json\/wp\/v2\/users\/1"}],"replies":[{"embeddable":true,"href":"https:\/\/elmetropolitano.com.gt\/es\/wp-json\/wp\/v2\/comments?post=122920"}],"version-history":[{"count":1,"href":"https:\/\/elmetropolitano.com.gt\/es\/wp-json\/wp\/v2\/posts\/122920\/revisions"}],"predecessor-version":[{"id":122922,"href":"https:\/\/elmetropolitano.com.gt\/es\/wp-json\/wp\/v2\/posts\/122920\/revisions\/122922"}],"wp:featuredmedia":[{"embeddable":true,"href":"https:\/\/elmetropolitano.com.gt\/es\/wp-json\/wp\/v2\/media\/122921"}],"wp:attachment":[{"href":"https:\/\/elmetropolitano.com.gt\/es\/wp-json\/wp\/v2\/media?parent=122920"}],"wp:term":[{"taxonomy":"category","embeddable":true,"href":"https:\/\/elmetropolitano.com.gt\/es\/wp-json\/wp\/v2\/categories?post=122920"},{"taxonomy":"post_tag","embeddable":true,"href":"https:\/\/elmetropolitano.com.gt\/es\/wp-json\/wp\/v2\/tags?post=122920"}],"curies":[{"name":"wp","href":"https:\/\/api.w.org\/{rel}","templated":true}]}}