{"id":122927,"date":"2026-02-25T12:49:37","date_gmt":"2026-02-25T18:49:37","guid":{"rendered":"https:\/\/elmetropolitano.com.gt\/es\/?p=122927"},"modified":"2026-02-25T12:49:39","modified_gmt":"2026-02-25T18:49:39","slug":"presidente-arevalo-llama-al-congreso-a-elegir-magistrados-del-tse-cerrando-las-puertas-al-crimen-organizado-y-con-brujula-etica","status":"publish","type":"post","link":"https:\/\/elmetropolitano.com.gt\/es\/presidente-arevalo-llama-al-congreso-a-elegir-magistrados-del-tse-cerrando-las-puertas-al-crimen-organizado-y-con-brujula-etica\/","title":{"rendered":"Presidente Ar\u00e9valo llama al Congreso a elegir magistrados del TSE cerrando las puertas al crimen organizado y con br\u00fajula \u00e9tica"},"content":{"rendered":"\n<p>El presidente Bernardo Ar\u00e9valo hizo un llamado al Congreso de la Rep\u00fablica a cerrar las puertas al crimen organizado al momento de elegir a los 10 magistrados titulares y suplentes del Tribunal Supremo Electoral TSE<\/p>\n\n\n\n<p>Adem\u00e1s, lament\u00f3 que algunos miembros de la Comisi\u00f3n de Postulaci\u00f3n la abriera \u201clas puertas a estructuras pol\u00edtico-criminales al m\u00e1ximo ente electoral que tendr\u00e1 a su cargo las pr\u00f3ximas elecciones, y por lo tanto, le abre las puertas al crimen organizado en la pol\u00edtica, en la justicia y en el futuro de Guatemala\u201d.<\/p><div class=\"elmet-contenido\" id=\"elmet-1789896423\"><div class=\"elmet-adlabel\">Anuncios<\/div><div style=\"margin-top: 20px;margin-right: 20px;margin-bottom: 20px;margin-left: 20px;\" id=\"elmet-1630365311\"><a href=\"https:\/\/www.facebook.com\/arrincuanantigua\/\" aria-label=\"cintillo-arrin-cual\"><img loading=\"lazy\" decoding=\"async\" src=\"https:\/\/elmetropolitano.com.gt\/es\/wp-content\/uploads\/2021\/11\/cintillo-arrin-cual-1.jpg\" alt=\"\"  srcset=\"https:\/\/elmetropolitano.com.gt\/es\/wp-content\/uploads\/2021\/11\/cintillo-arrin-cual-1.jpg 750w, https:\/\/elmetropolitano.com.gt\/es\/wp-content\/uploads\/2021\/11\/cintillo-arrin-cual-1-300x36.jpg 300w, https:\/\/elmetropolitano.com.gt\/es\/wp-content\/uploads\/2021\/11\/cintillo-arrin-cual-1-600x72.jpg 600w\" sizes=\"(max-width: 750px) 100vw, 750px\" width=\"750\" height=\"90\"   \/><\/a><\/div><\/div>\n\n\n\n<p>El mandatario record\u00f3 que el pueblo de Guatemala ya ha rechazado esto, por lo que asegur\u00f3 que le corresponde al Congreso \u201cla importante tarea de cerrar esas puertas al crimen organizado y elegir con br\u00fajula \u00e9tica. Responder dignamente al pueblo de Guatemala\u201d.<\/p>\n\n\n\n<p>Elecci\u00f3n de Fiscal General y Jefe del MP<\/p>\n\n\n\n<p>En la conferencia el Presidente Ar\u00e9valo Cuestion\u00f3 que el sistema de calificaci\u00f3n aprobado por la Comisi\u00f3n de Postulaci\u00f3n para integrar la n\u00f3mina de candidatos a dirigir el Ministerio P\u00fablico (MP), al considerar que privilegia el tiempo de permanencia por encima de la calidad profesional, la \u00e9tica y la integridad de los aspirantes.<\/p>\n\n\n\n<p>En su intervenci\u00f3n, el mandatario advirti\u00f3 que algunos integrantes de la comisi\u00f3n buscan, con artima\u00f1as, desechar perfiles honestos y comprometidos mediante la manipulaci\u00f3n del sistema de evaluaci\u00f3n.<\/p>\n\n\n\n<p>As\u00ed lo manifest\u00f3 el mandatario:<\/p>\n\n\n\n<p>\u201cLo que estamos viendo es un intento de manipular un sistema de calificaci\u00f3n para hacerlo a la medida de los de siempre\u201d afirm\u00f3 Ar\u00e9valo, al subrayar que el mecanismo confunde experiencia con permanencia y termina favoreciendo a quienes, por d\u00e9cadas, han protegido redes de corrupci\u00f3n.<\/p>\n\n\n\n<p>El Presidente insisti\u00f3 en que la evaluaci\u00f3n deber\u00eda priorizar la idoneidad, la honorabilidad, el desempe\u00f1o acreditado y la honradez, por encima de requisitos meramente formales de expediente.<\/p>\n\n\n\n<p>C\u00f3mo funciona la tabla de gradaci\u00f3n del MP<\/p>\n\n\n\n<p>De acuerdo con la tabla aprobada por la Comisi\u00f3n de Postulaci\u00f3n del Ministerio P\u00fablico, un aspirante debe contar con al menos 10 a\u00f1os de experiencia profesional para ser considerado. Sin embargo, la asignaci\u00f3n de puntos inicia hasta el a\u00f1o 11, otorgando dos puntos por cada a\u00f1o adicional de ejercicio.<\/p>\n\n\n\n<p>Esto implica que un postulante solo podr\u00eda alcanzar los 50 puntos m\u00e1ximos si acredita 35 a\u00f1os de ejercicio profesional, una condici\u00f3n que, en la pr\u00e1ctica, limita severamente el acceso de profesionales m\u00e1s j\u00f3venes a alcanzar las calificaciones m\u00e1s altas.<\/p>\n\n\n\n<p>El dise\u00f1o actual deja fuera la evaluaci\u00f3n de los primeros 10 a\u00f1os de experiencia y concentra la ponderaci\u00f3n en la antig\u00fcedad, lo que favorece a perfiles mayores de 60 a\u00f1os.<\/p>\n\n\n\n<p>Llamado a la transparencia<\/p>\n\n\n\n<p>y vigilancia ciudadana<\/p>\n\n\n\n<p>El mandatario hizo un llamado directo a la comisi\u00f3n para actuar con integridad \u00e9tica y responsabilidad hist\u00f3rica.<\/p>\n\n\n\n<p>El advertir que sus decisiones ser\u00e1n determinantes para el futuro de la justicia, el Presidente recalc\u00f3 que \u201cLos ojos del pueblo de Guatemala est\u00e1n puestos sobre los integrantes de esta comisi\u00f3n\u201d<\/p>\n\n\n\n<p><a href=\"https:\/\/www.facebook.com\/hashtag\/justicia?__eep__=6&amp;__cft__[0]=AZYbdNYLBr4wjSSA2udQqoogohSorFItAdtw-xNo4kPQErU1zSzDS19HnB9xEdLH7gSOqGCIUEXC_PyeBZEDVoVoyObgz5bQdsZqzCSbcBHh089cpXfF8imCzdJEIqqL-l0LfpEICTcbHyl6ASW8cI1XwU7iAh7glw_9F3JdNUfioZwSZ_heeYINAWwYbDs918o&amp;__tn__=*NK-R\">#Justicia<\/a><a href=\"https:\/\/www.facebook.com\/hashtag\/mpfuerteyfirme?__eep__=6&amp;__cft__[0]=AZYbdNYLBr4wjSSA2udQqoogohSorFItAdtw-xNo4kPQErU1zSzDS19HnB9xEdLH7gSOqGCIUEXC_PyeBZEDVoVoyObgz5bQdsZqzCSbcBHh089cpXfF8imCzdJEIqqL-l0LfpEICTcbHyl6ASW8cI1XwU7iAh7glw_9F3JdNUfioZwSZ_heeYINAWwYbDs918o&amp;__tn__=*NK-R\">#MPfuerteYFirme<\/a><a href=\"https:\/\/www.facebook.com\/hashtag\/metroredes?__eep__=6&amp;__cft__[0]=AZYbdNYLBr4wjSSA2udQqoogohSorFItAdtw-xNo4kPQErU1zSzDS19HnB9xEdLH7gSOqGCIUEXC_PyeBZEDVoVoyObgz5bQdsZqzCSbcBHh089cpXfF8imCzdJEIqqL-l0LfpEICTcbHyl6ASW8cI1XwU7iAh7glw_9F3JdNUfioZwSZ_heeYINAWwYbDs918o&amp;__tn__=*NK-R\">#Metroredes<\/a><a href=\"https:\/\/www.facebook.com\/hashtag\/eleccionmp?__eep__=6&amp;__cft__[0]=AZYbdNYLBr4wjSSA2udQqoogohSorFItAdtw-xNo4kPQErU1zSzDS19HnB9xEdLH7gSOqGCIUEXC_PyeBZEDVoVoyObgz5bQdsZqzCSbcBHh089cpXfF8imCzdJEIqqL-l0LfpEICTcbHyl6ASW8cI1XwU7iAh7glw_9F3JdNUfioZwSZ_heeYINAWwYbDs918o&amp;__tn__=*NK-R\">#EleccionMP<\/a><a href=\"https:\/\/www.facebook.com\/hashtag\/tseguatemala?__eep__=6&amp;__cft__[0]=AZYbdNYLBr4wjSSA2udQqoogohSorFItAdtw-xNo4kPQErU1zSzDS19HnB9xEdLH7gSOqGCIUEXC_PyeBZEDVoVoyObgz5bQdsZqzCSbcBHh089cpXfF8imCzdJEIqqL-l0LfpEICTcbHyl6ASW8cI1XwU7iAh7glw_9F3JdNUfioZwSZ_heeYINAWwYbDs918o&amp;__tn__=*NK-R\">#TSEGuatemala<\/a> <a href=\"http:\/\/www.elmetropolitano.com.gt\/?fbclid=IwZXh0bgNhZW0CMTAAYnJpZBEyZUEwN0FzNERlNUNMZVljTnNydGMGYXBwX2lkEDIyMjAzOTE3ODgyMDA4OTIAAR7C9QY8kDRGgBgGEKjlB61jT_0Ipzg4cjNpPZJfftWfZt-68T_BZX_z9OEc1g_aem_WcIzUjJ9KekVRsrCvxmFbg\" target=\"_blank\" rel=\"noreferrer noopener\">www.elmetropolitano.com.gt<\/a><\/p>\n\n\n\n<p><a href=\"https:\/\/l.facebook.com\/l.php?u=http%3A%2F%2Fwww.metroredes.com%2F%3Ffbclid%3DIwZXh0bgNhZW0CMTAAYnJpZBEyZUEwN0FzNERlNUNMZVljTnNydGMGYXBwX2lkEDIyMjAzOTE3ODgyMDA4OTIAAR7rmNLflriyFtm0qk_UQBxAi7WFknI3HPnMY9FZIbe3LcG1-tkH-wpjlgZiMw_aem_oX299YVJ1_Hx4uiICIAzvQ&amp;h=AT78Nl53bHctBqlBYLRoWaOH7Peh8_YgIvykQDw6GWLVEwUwa5Xv4wZxNJQx_KQ4ze-UhXf_yhD4jinzveeQh0-RITXv9099ilNQTgj-IhFgJKQ_F-LnuNKc8cBtWhup9rA40jtuJ3YrZcpJkBGwmrDQhpRt8Dqw&amp;__tn__=-UK-R&amp;c[0]=AT7b7SHI4eTSS8emdwIL9a4hZATtVl9i3JSvrq9rRJiBRt2DJN5_rhpwQjUxm3pR8RrxunDF0bkAxMLX9wc_s-l39ERu-je4_A-xfd8wV1kU7OQiby1Uo7lSOHbDy-FbMNuOD_ZfIfm9WY4hQG8r_D8xeYM-bNIBROoFcWlRAbJ1pmWiXAp3lXpSikw1UC8hwUoDrnBj8yMZYa5Y_HgLTvmshA\" target=\"_blank\" rel=\"noreferrer noopener\">www.metroredes.com<\/a> <a href=\"http:\/\/www.elescuintleco.com.gt\/?fbclid=IwZXh0bgNhZW0CMTAAYnJpZBEyZUEwN0FzNERlNUNMZVljTnNydGMGYXBwX2lkEDIyMjAzOTE3ODgyMDA4OTIAAR7rmNLflriyFtm0qk_UQBxAi7WFknI3HPnMY9FZIbe3LcG1-tkH-wpjlgZiMw_aem_oX299YVJ1_Hx4uiICIAzvQ\" target=\"_blank\" rel=\"noreferrer noopener\">www.elescuintleco.com.gt<\/a><\/p>\n\n\n\n<p><\/p>\n","protected":false},"excerpt":{"rendered":"<p>El presidente Bernardo Ar\u00e9valo hizo un llamado al Congreso de la Rep\u00fablica a cerrar las puertas al crimen organizado al momento de elegir a los 10 magistrados titulares y suplentes del Tribunal Supremo Electoral TSE Adem\u00e1s, lament\u00f3 que algunos miembros de la Comisi\u00f3n de Postulaci\u00f3n la abriera \u201clas puertas a estructuras pol\u00edtico-criminales al m\u00e1ximo ente <a class=\"read-more\" href=\"https:\/\/elmetropolitano.com.gt\/es\/presidente-arevalo-llama-al-congreso-a-elegir-magistrados-del-tse-cerrando-las-puertas-al-crimen-organizado-y-con-brujula-etica\/\">Leer m\u00e1s<\/a><\/p>\n","protected":false},"author":1,"featured_media":122928,"comment_status":"open","ping_status":"closed","sticky":false,"template":"","format":"standard","meta":{"footnotes":""},"categories":[2],"tags":[12],"class_list":["post-122927","post","type-post","status-publish","format-standard","has-post-thumbnail","hentry","category-nacionales","tag-nacionales"],"_links":{"self":[{"href":"https:\/\/elmetropolitano.com.gt\/es\/wp-json\/wp\/v2\/posts\/122927","targetHints":{"allow":["GET"]}}],"collection":[{"href":"https:\/\/elmetropolitano.com.gt\/es\/wp-json\/wp\/v2\/posts"}],"about":[{"href":"https:\/\/elmetropolitano.com.gt\/es\/wp-json\/wp\/v2\/types\/post"}],"author":[{"embeddable":true,"href":"https:\/\/elmetropolitano.com.gt\/es\/wp-json\/wp\/v2\/users\/1"}],"replies":[{"embeddable":true,"href":"https:\/\/elmetropolitano.com.gt\/es\/wp-json\/wp\/v2\/comments?post=122927"}],"version-history":[{"count":1,"href":"https:\/\/elmetropolitano.com.gt\/es\/wp-json\/wp\/v2\/posts\/122927\/revisions"}],"predecessor-version":[{"id":122929,"href":"https:\/\/elmetropolitano.com.gt\/es\/wp-json\/wp\/v2\/posts\/122927\/revisions\/122929"}],"wp:featuredmedia":[{"embeddable":true,"href":"https:\/\/elmetropolitano.com.gt\/es\/wp-json\/wp\/v2\/media\/122928"}],"wp:attachment":[{"href":"https:\/\/elmetropolitano.com.gt\/es\/wp-json\/wp\/v2\/media?parent=122927"}],"wp:term":[{"taxonomy":"category","embeddable":true,"href":"https:\/\/elmetropolitano.com.gt\/es\/wp-json\/wp\/v2\/categories?post=122927"},{"taxonomy":"post_tag","embeddable":true,"href":"https:\/\/elmetropolitano.com.gt\/es\/wp-json\/wp\/v2\/tags?post=122927"}],"curies":[{"name":"wp","href":"https:\/\/api.w.org\/{rel}","templated":true}]}}