{"id":122931,"date":"2026-02-26T09:14:12","date_gmt":"2026-02-26T15:14:12","guid":{"rendered":"https:\/\/elmetropolitano.com.gt\/es\/?p=122931"},"modified":"2026-02-26T09:14:13","modified_gmt":"2026-02-26T15:14:13","slug":"proyecto-de-anillo-regional-c-50-avanza-en-su-primera-fase-en-escuintla","status":"publish","type":"post","link":"https:\/\/elmetropolitano.com.gt\/es\/proyecto-de-anillo-regional-c-50-avanza-en-su-primera-fase-en-escuintla\/","title":{"rendered":"Proyecto de Anillo Regional C-50 avanza en su primera fase en Escuintla"},"content":{"rendered":"\n<p>La construcci\u00f3n del Anillo Regional C-50, a cargo del Ministerio de Comunicaciones, Infraestructura y Vivienda (CIV), contin\u00faa avanzando. Seg\u00fan detall\u00f3 la ministra Norma Zea, se logr\u00f3 la activaci\u00f3n de cuatro de cinco tramos que integran la fase ubicada en Escuintla.<\/p>\n\n\n\n<p>En total, el Anillo Regional C-50 constar\u00e1 de 182 kil\u00f3metros, consolid\u00e1ndose como un proyecto ambicioso que busca mejorar la conectividad y viabilidad estrat\u00e9gica de un tramo bastante extenso que atraviesa el pa\u00eds, integrando corredores viales clave para la log\u00edstica interna.<\/p><div class=\"elmet-contenido\" id=\"elmet-777393583\"><div class=\"elmet-adlabel\">Anuncios<\/div><div style=\"margin-top: 20px;margin-right: 20px;margin-bottom: 20px;margin-left: 20px;\" id=\"elmet-622797637\"><a href=\"https:\/\/www.facebook.com\/arrincuanantigua\/\" aria-label=\"cintillo-arrin-cual\"><img loading=\"lazy\" decoding=\"async\" src=\"https:\/\/elmetropolitano.com.gt\/es\/wp-content\/uploads\/2021\/11\/cintillo-arrin-cual-1.jpg\" alt=\"\"  srcset=\"https:\/\/elmetropolitano.com.gt\/es\/wp-content\/uploads\/2021\/11\/cintillo-arrin-cual-1.jpg 750w, https:\/\/elmetropolitano.com.gt\/es\/wp-content\/uploads\/2021\/11\/cintillo-arrin-cual-1-300x36.jpg 300w, https:\/\/elmetropolitano.com.gt\/es\/wp-content\/uploads\/2021\/11\/cintillo-arrin-cual-1-600x72.jpg 600w\" sizes=\"(max-width: 750px) 100vw, 750px\" width=\"750\" height=\"90\"   \/><\/a><\/div><\/div>\n\n\n\n<p>Cooperaci\u00f3n con Estados Unidos<\/p>\n\n\n\n<p>Asimismo, durante La Ronda la funcionaria mencion\u00f3 que para la construcci\u00f3n del arco noroccidente, que abarca desde el kil\u00f3metro 56 de la ruta al Atl\u00e1ntico, en Sanarate, El Progreso, hasta el kil\u00f3metro 40 de la ruta a occidente, en Santo Domingo Xenacoj, Sacatep\u00e9quez, se trabajar\u00e1 con Estados Unidos para ampliar esta ruta a cuatro carriles.<\/p>\n\n\n\n<p>El convenio de cooperaci\u00f3n que se firm\u00f3 el pasado 15 de enero a trav\u00e9s de una carta de oferta y aceptaci\u00f3n acuerda la ejecuci\u00f3n de seis proyectos de infraestructura estrat\u00e9gica, incluyendo al arco noroccidente, en los que Guatemala asume la financiaci\u00f3n de estos, mientras que Estados Unidos ejecuta los proyectos.<\/p>\n\n\n\n<p>Este es el proyecto estrella del Anillo Regional C-50, ya que es un libramiento que permitir\u00e1 evitar el paso por la Ciudad de Guatemala, lo que contribuye a disminuir la congesti\u00f3n del tr\u00e1nsito vehicular en la capital y los municipios aleda\u00f1os.<\/p>\n\n\n\n<p>El Anillo Regional C-50 busca transformar la movilidad en el pa\u00eds a trav\u00e9s de la construcci\u00f3n y ampliaci\u00f3n de rutas estrat\u00e9gicas que permitir\u00e1n liberar el tr\u00e1nsito y crear nuevas v\u00edas, ampliando as\u00ed la red vial nacional.<\/p>\n\n\n\n<p>Ampliaci\u00f3n de ruta estrat\u00e9gica<\/p>\n\n\n\n<p>De igual manera, Zea resalt\u00f3 que el pasado lunes Segeplan aprob\u00f3 el proyecto para proceder con la parte administrativa para la ampliaci\u00f3n a cuatro carriles desde El Rancho, departamento de El Progreso hasta Puerto Barrios, lo que constituye un avance significativo para continuar con el proyecto.<\/p>\n\n\n\n<p>Con esta aprobaci\u00f3n, la ministra indic\u00f3 que en los pr\u00f3ximos meses se har\u00e1n los tr\u00e1mites administrativos, esperando que la construcci\u00f3n se inicie a finales de mayo o en junio, avanzando con la primera fase, que va desde El Rancho hacia Teculut\u00e1n, Zacapa, un tramo de 30 kil\u00f3metros.<\/p>\n\n\n\n<p>No obstante, la segunda fase, de Teculut\u00e1n a Mayuelas, se prev\u00e9 que los estudios se inicien entre julio y agosto<\/p>\n\n\n\n<p><a href=\"https:\/\/www.facebook.com\/hashtag\/rutaalpacifico?__eep__=6&amp;__cft__[0]=AZbw0JqyFQd0lgXhWd41Zthof09BZdnQ15SV2Dp4hAfg6Ioz-YTxMII5aYjnWaWsnsGUP7Ex3nuFV_cTRu5WYqR6fE5P4ntrKUFsS4lygZzcFAegvKhYq57Jk817TZ1PE2ewTYN8vysJuOM_Uq1Ashg8DNidSOzr7zszcE3JdfJDoEmXjKx0tgTEltj6qWP4hjU&amp;__tn__=*NK-R\">#RutaAlPacifico<\/a><a href=\"https:\/\/www.facebook.com\/hashtag\/escuintla?__eep__=6&amp;__cft__[0]=AZbw0JqyFQd0lgXhWd41Zthof09BZdnQ15SV2Dp4hAfg6Ioz-YTxMII5aYjnWaWsnsGUP7Ex3nuFV_cTRu5WYqR6fE5P4ntrKUFsS4lygZzcFAegvKhYq57Jk817TZ1PE2ewTYN8vysJuOM_Uq1Ashg8DNidSOzr7zszcE3JdfJDoEmXjKx0tgTEltj6qWP4hjU&amp;__tn__=*NK-R\">#Escuintla<\/a><a href=\"https:\/\/www.facebook.com\/hashtag\/civ?__eep__=6&amp;__cft__[0]=AZbw0JqyFQd0lgXhWd41Zthof09BZdnQ15SV2Dp4hAfg6Ioz-YTxMII5aYjnWaWsnsGUP7Ex3nuFV_cTRu5WYqR6fE5P4ntrKUFsS4lygZzcFAegvKhYq57Jk817TZ1PE2ewTYN8vysJuOM_Uq1Ashg8DNidSOzr7zszcE3JdfJDoEmXjKx0tgTEltj6qWP4hjU&amp;__tn__=*NK-R\">#Civ<\/a><a href=\"https:\/\/www.facebook.com\/hashtag\/anilloregionalc50?__eep__=6&amp;__cft__[0]=AZbw0JqyFQd0lgXhWd41Zthof09BZdnQ15SV2Dp4hAfg6Ioz-YTxMII5aYjnWaWsnsGUP7Ex3nuFV_cTRu5WYqR6fE5P4ntrKUFsS4lygZzcFAegvKhYq57Jk817TZ1PE2ewTYN8vysJuOM_Uq1Ashg8DNidSOzr7zszcE3JdfJDoEmXjKx0tgTEltj6qWP4hjU&amp;__tn__=*NK-R\">#AnilloRegionalC50<\/a><a href=\"https:\/\/www.facebook.com\/hashtag\/infraestructuravial?__eep__=6&amp;__cft__[0]=AZbw0JqyFQd0lgXhWd41Zthof09BZdnQ15SV2Dp4hAfg6Ioz-YTxMII5aYjnWaWsnsGUP7Ex3nuFV_cTRu5WYqR6fE5P4ntrKUFsS4lygZzcFAegvKhYq57Jk817TZ1PE2ewTYN8vysJuOM_Uq1Ashg8DNidSOzr7zszcE3JdfJDoEmXjKx0tgTEltj6qWP4hjU&amp;__tn__=*NK-R\">#InfraestructuraVial<\/a><\/p>\n\n\n\n<figure class=\"wp-block-gallery has-nested-images columns-default is-cropped wp-block-gallery-1 is-layout-flex wp-block-gallery-is-layout-flex\">\n<figure class=\"wp-block-image size-large\"><img loading=\"lazy\" decoding=\"async\" width=\"1024\" height=\"560\" data-id=\"122933\" src=\"https:\/\/elmetropolitano.com.gt\/es\/wp-content\/uploads\/2026\/02\/641550354_1472940231498722_5548464943029498993_n-1024x560.jpg\" alt=\"\" class=\"wp-image-122933\" srcset=\"https:\/\/elmetropolitano.com.gt\/es\/wp-content\/uploads\/2026\/02\/641550354_1472940231498722_5548464943029498993_n-1024x560.jpg 1024w, https:\/\/elmetropolitano.com.gt\/es\/wp-content\/uploads\/2026\/02\/641550354_1472940231498722_5548464943029498993_n-300x164.jpg 300w, https:\/\/elmetropolitano.com.gt\/es\/wp-content\/uploads\/2026\/02\/641550354_1472940231498722_5548464943029498993_n-768x420.jpg 768w, https:\/\/elmetropolitano.com.gt\/es\/wp-content\/uploads\/2026\/02\/641550354_1472940231498722_5548464943029498993_n.jpg 1126w\" sizes=\"auto, (max-width: 1024px) 100vw, 1024px\" \/><\/figure>\n\n\n\n<figure class=\"wp-block-image size-large\"><img loading=\"lazy\" decoding=\"async\" width=\"900\" height=\"600\" data-id=\"122934\" src=\"https:\/\/elmetropolitano.com.gt\/es\/wp-content\/uploads\/2026\/02\/643346104_1472937828165629_1385688989481899540_n.jpg\" alt=\"\" class=\"wp-image-122934\" srcset=\"https:\/\/elmetropolitano.com.gt\/es\/wp-content\/uploads\/2026\/02\/643346104_1472937828165629_1385688989481899540_n.jpg 900w, https:\/\/elmetropolitano.com.gt\/es\/wp-content\/uploads\/2026\/02\/643346104_1472937828165629_1385688989481899540_n-300x200.jpg 300w, https:\/\/elmetropolitano.com.gt\/es\/wp-content\/uploads\/2026\/02\/643346104_1472937828165629_1385688989481899540_n-768x512.jpg 768w\" sizes=\"auto, (max-width: 900px) 100vw, 900px\" \/><\/figure>\n\n\n\n<figure class=\"wp-block-image size-large\"><img loading=\"lazy\" decoding=\"async\" width=\"1024\" height=\"512\" data-id=\"122935\" src=\"https:\/\/elmetropolitano.com.gt\/es\/wp-content\/uploads\/2026\/02\/643352275_1472940228165389_8656083194982553150_n-1-1024x512.jpg\" alt=\"\" class=\"wp-image-122935\" srcset=\"https:\/\/elmetropolitano.com.gt\/es\/wp-content\/uploads\/2026\/02\/643352275_1472940228165389_8656083194982553150_n-1-1024x512.jpg 1024w, https:\/\/elmetropolitano.com.gt\/es\/wp-content\/uploads\/2026\/02\/643352275_1472940228165389_8656083194982553150_n-1-300x150.jpg 300w, https:\/\/elmetropolitano.com.gt\/es\/wp-content\/uploads\/2026\/02\/643352275_1472940228165389_8656083194982553150_n-1-768x384.jpg 768w, https:\/\/elmetropolitano.com.gt\/es\/wp-content\/uploads\/2026\/02\/643352275_1472940228165389_8656083194982553150_n-1.jpg 1140w\" sizes=\"auto, (max-width: 1024px) 100vw, 1024px\" \/><\/figure>\n<\/figure>\n","protected":false},"excerpt":{"rendered":"<p>La construcci\u00f3n del Anillo Regional C-50, a cargo del Ministerio de Comunicaciones, Infraestructura y Vivienda (CIV), contin\u00faa avanzando. Seg\u00fan detall\u00f3 la ministra Norma Zea, se logr\u00f3 la activaci\u00f3n de cuatro de cinco tramos que integran la fase ubicada en Escuintla. En total, el Anillo Regional C-50 constar\u00e1 de 182 kil\u00f3metros, consolid\u00e1ndose como un proyecto ambicioso <a class=\"read-more\" href=\"https:\/\/elmetropolitano.com.gt\/es\/proyecto-de-anillo-regional-c-50-avanza-en-su-primera-fase-en-escuintla\/\">Leer m\u00e1s<\/a><\/p>\n","protected":false},"author":1,"featured_media":122932,"comment_status":"open","ping_status":"closed","sticky":false,"template":"","format":"standard","meta":{"footnotes":""},"categories":[2],"tags":[12],"class_list":["post-122931","post","type-post","status-publish","format-standard","has-post-thumbnail","hentry","category-nacionales","tag-nacionales"],"_links":{"self":[{"href":"https:\/\/elmetropolitano.com.gt\/es\/wp-json\/wp\/v2\/posts\/122931","targetHints":{"allow":["GET"]}}],"collection":[{"href":"https:\/\/elmetropolitano.com.gt\/es\/wp-json\/wp\/v2\/posts"}],"about":[{"href":"https:\/\/elmetropolitano.com.gt\/es\/wp-json\/wp\/v2\/types\/post"}],"author":[{"embeddable":true,"href":"https:\/\/elmetropolitano.com.gt\/es\/wp-json\/wp\/v2\/users\/1"}],"replies":[{"embeddable":true,"href":"https:\/\/elmetropolitano.com.gt\/es\/wp-json\/wp\/v2\/comments?post=122931"}],"version-history":[{"count":1,"href":"https:\/\/elmetropolitano.com.gt\/es\/wp-json\/wp\/v2\/posts\/122931\/revisions"}],"predecessor-version":[{"id":122936,"href":"https:\/\/elmetropolitano.com.gt\/es\/wp-json\/wp\/v2\/posts\/122931\/revisions\/122936"}],"wp:featuredmedia":[{"embeddable":true,"href":"https:\/\/elmetropolitano.com.gt\/es\/wp-json\/wp\/v2\/media\/122932"}],"wp:attachment":[{"href":"https:\/\/elmetropolitano.com.gt\/es\/wp-json\/wp\/v2\/media?parent=122931"}],"wp:term":[{"taxonomy":"category","embeddable":true,"href":"https:\/\/elmetropolitano.com.gt\/es\/wp-json\/wp\/v2\/categories?post=122931"},{"taxonomy":"post_tag","embeddable":true,"href":"https:\/\/elmetropolitano.com.gt\/es\/wp-json\/wp\/v2\/tags?post=122931"}],"curies":[{"name":"wp","href":"https:\/\/api.w.org\/{rel}","templated":true}]}}