{"id":122950,"date":"2026-02-26T09:31:52","date_gmt":"2026-02-26T15:31:52","guid":{"rendered":"https:\/\/elmetropolitano.com.gt\/es\/?p=122950"},"modified":"2026-02-26T09:31:54","modified_gmt":"2026-02-26T15:31:54","slug":"diputada-vivian-preciado-gestiona-mejoras-en-infraestructura-deportiva-para-san-marcos","status":"publish","type":"post","link":"https:\/\/elmetropolitano.com.gt\/es\/diputada-vivian-preciado-gestiona-mejoras-en-infraestructura-deportiva-para-san-marcos\/","title":{"rendered":"Diputada Vivian Preciado gestiona mejoras en infraestructura deportiva para San Marcos"},"content":{"rendered":"\n<p>La diputada Vivian Preciado del Partido Victoria, representante de San Marcos, se reuni\u00f3 con el viceministro del Deporte y la Recreaci\u00f3n del Ministerio de Cultura y Deportes Guatemala, Francisco Aguilar, para dar seguimiento a la mejora de infraestructura deportiva en los 30 municipios del distrito.<\/p>\n\n\n\n<p>Espec\u00edficamente se mencion\u00f3 la renovaci\u00f3n de las canchas polideportivas en el municipio de La Blanca, donde se busca techar, pintar e iluminar tres instalaciones contiguas, con la posibilidad de transformarlas en un complejo deportivo integral.<\/p><div class=\"elmet-contenido\" id=\"elmet-1462218606\"><div class=\"elmet-adlabel\">Anuncios<\/div><div style=\"margin-top: 20px;margin-right: 20px;margin-bottom: 20px;margin-left: 20px;\" id=\"elmet-238763420\"><a href=\"https:\/\/www.facebook.com\/arrincuanantigua\/\" aria-label=\"cintillo-arrin-cual\"><img loading=\"lazy\" decoding=\"async\" src=\"https:\/\/elmetropolitano.com.gt\/es\/wp-content\/uploads\/2021\/11\/cintillo-arrin-cual-1.jpg\" alt=\"\"  srcset=\"https:\/\/elmetropolitano.com.gt\/es\/wp-content\/uploads\/2021\/11\/cintillo-arrin-cual-1.jpg 750w, https:\/\/elmetropolitano.com.gt\/es\/wp-content\/uploads\/2021\/11\/cintillo-arrin-cual-1-300x36.jpg 300w, https:\/\/elmetropolitano.com.gt\/es\/wp-content\/uploads\/2021\/11\/cintillo-arrin-cual-1-600x72.jpg 600w\" sizes=\"(max-width: 750px) 100vw, 750px\" width=\"750\" height=\"90\"   \/><\/a><\/div><\/div>\n\n\n\n<p>El viceministro Aguilar destac\u00f3 que estos proyectos a nivel nacional incluyen alumbrado p\u00fablico como una estrategia para prevenir la violencia y fomentar el desarrollo local.<\/p>\n\n\n\n<p>Adem\u00e1s, en la reuni\u00f3n se abord\u00f3 el abastecimiento de implementos deportivos.<\/p>\n\n\n\n<p>El viceministro inform\u00f3 que se tiene programada la entrega de camisetas para el mes de abril, seguida de la distribuci\u00f3n de pelotas, redes y canastas en junio. Asimismo, se plante\u00f3 como una nueva gesti\u00f3n la iluminaci\u00f3n del campo de futbol local.<\/p>\n\n\n\n<p><a href=\"https:\/\/www.facebook.com\/hashtag\/ministeriocultura?__eep__=6&amp;__cft__[0]=AZZ0yUfTuB2prmHsUcC-5tbyZxcGAg3lR0_x-NZupI1OOFaLXm1iELq3sYO7I_E8z89-cgbEJi3Gq87-V_Ed5-mO6PXa14afZCQXWUi_G1VqD1WSgwO_dsfiQd-3BgfXgkvsKbo8L5fgejs94VzBudMwgYhpsZFkXSAT96OwlgwML40AQevxBD4KZKl4Zaf0NfM&amp;__tn__=*NK-R\">#MinisterioCultura<\/a><a href=\"https:\/\/www.facebook.com\/hashtag\/sanmarcoe?__eep__=6&amp;__cft__[0]=AZZ0yUfTuB2prmHsUcC-5tbyZxcGAg3lR0_x-NZupI1OOFaLXm1iELq3sYO7I_E8z89-cgbEJi3Gq87-V_Ed5-mO6PXa14afZCQXWUi_G1VqD1WSgwO_dsfiQd-3BgfXgkvsKbo8L5fgejs94VzBudMwgYhpsZFkXSAT96OwlgwML40AQevxBD4KZKl4Zaf0NfM&amp;__tn__=*NK-R\">#SanMarcoe<\/a><a href=\"https:\/\/www.facebook.com\/hashtag\/ministeriodecultura?__eep__=6&amp;__cft__[0]=AZZ0yUfTuB2prmHsUcC-5tbyZxcGAg3lR0_x-NZupI1OOFaLXm1iELq3sYO7I_E8z89-cgbEJi3Gq87-V_Ed5-mO6PXa14afZCQXWUi_G1VqD1WSgwO_dsfiQd-3BgfXgkvsKbo8L5fgejs94VzBudMwgYhpsZFkXSAT96OwlgwML40AQevxBD4KZKl4Zaf0NfM&amp;__tn__=*NK-R\">#MinisterioDeCultura<\/a><a href=\"https:\/\/www.facebook.com\/hashtag\/metroredes?__eep__=6&amp;__cft__[0]=AZZ0yUfTuB2prmHsUcC-5tbyZxcGAg3lR0_x-NZupI1OOFaLXm1iELq3sYO7I_E8z89-cgbEJi3Gq87-V_Ed5-mO6PXa14afZCQXWUi_G1VqD1WSgwO_dsfiQd-3BgfXgkvsKbo8L5fgejs94VzBudMwgYhpsZFkXSAT96OwlgwML40AQevxBD4KZKl4Zaf0NfM&amp;__tn__=*NK-R\">#Metroredes<\/a><a href=\"https:\/\/www.facebook.com\/hashtag\/partidovictoria?__eep__=6&amp;__cft__[0]=AZZ0yUfTuB2prmHsUcC-5tbyZxcGAg3lR0_x-NZupI1OOFaLXm1iELq3sYO7I_E8z89-cgbEJi3Gq87-V_Ed5-mO6PXa14afZCQXWUi_G1VqD1WSgwO_dsfiQd-3BgfXgkvsKbo8L5fgejs94VzBudMwgYhpsZFkXSAT96OwlgwML40AQevxBD4KZKl4Zaf0NfM&amp;__tn__=*NK-R\">#PartidoVictoria<\/a><\/p>\n\n\n\n<figure class=\"wp-block-gallery has-nested-images columns-default is-cropped wp-block-gallery-1 is-layout-flex wp-block-gallery-is-layout-flex\">\n<figure class=\"wp-block-image size-large\"><img loading=\"lazy\" decoding=\"async\" width=\"1024\" height=\"682\" data-id=\"122953\" src=\"https:\/\/elmetropolitano.com.gt\/es\/wp-content\/uploads\/2026\/02\/641428787_1473015548157857_970455056472630046_n-1-1024x682.jpg\" alt=\"\" class=\"wp-image-122953\" srcset=\"https:\/\/elmetropolitano.com.gt\/es\/wp-content\/uploads\/2026\/02\/641428787_1473015548157857_970455056472630046_n-1-1024x682.jpg 1024w, https:\/\/elmetropolitano.com.gt\/es\/wp-content\/uploads\/2026\/02\/641428787_1473015548157857_970455056472630046_n-1-300x200.jpg 300w, https:\/\/elmetropolitano.com.gt\/es\/wp-content\/uploads\/2026\/02\/641428787_1473015548157857_970455056472630046_n-1-768x512.jpg 768w, https:\/\/elmetropolitano.com.gt\/es\/wp-content\/uploads\/2026\/02\/641428787_1473015548157857_970455056472630046_n-1.jpg 1280w\" sizes=\"auto, (max-width: 1024px) 100vw, 1024px\" \/><\/figure>\n\n\n\n<figure class=\"wp-block-image size-large\"><img loading=\"lazy\" decoding=\"async\" width=\"1024\" height=\"682\" data-id=\"122955\" src=\"https:\/\/elmetropolitano.com.gt\/es\/wp-content\/uploads\/2026\/02\/641432462_1473015518157860_5259575366952241239_n-1-1024x682.jpg\" alt=\"\" class=\"wp-image-122955\" srcset=\"https:\/\/elmetropolitano.com.gt\/es\/wp-content\/uploads\/2026\/02\/641432462_1473015518157860_5259575366952241239_n-1-1024x682.jpg 1024w, https:\/\/elmetropolitano.com.gt\/es\/wp-content\/uploads\/2026\/02\/641432462_1473015518157860_5259575366952241239_n-1-300x200.jpg 300w, https:\/\/elmetropolitano.com.gt\/es\/wp-content\/uploads\/2026\/02\/641432462_1473015518157860_5259575366952241239_n-1-768x512.jpg 768w, https:\/\/elmetropolitano.com.gt\/es\/wp-content\/uploads\/2026\/02\/641432462_1473015518157860_5259575366952241239_n-1.jpg 1280w\" sizes=\"auto, (max-width: 1024px) 100vw, 1024px\" \/><\/figure>\n\n\n\n<figure class=\"wp-block-image size-large\"><img loading=\"lazy\" decoding=\"async\" width=\"1024\" height=\"682\" data-id=\"122954\" src=\"https:\/\/elmetropolitano.com.gt\/es\/wp-content\/uploads\/2026\/02\/641631892_1473015511491194_4333519520395321079_n-1024x682.jpg\" alt=\"\" class=\"wp-image-122954\" srcset=\"https:\/\/elmetropolitano.com.gt\/es\/wp-content\/uploads\/2026\/02\/641631892_1473015511491194_4333519520395321079_n-1024x682.jpg 1024w, https:\/\/elmetropolitano.com.gt\/es\/wp-content\/uploads\/2026\/02\/641631892_1473015511491194_4333519520395321079_n-300x200.jpg 300w, https:\/\/elmetropolitano.com.gt\/es\/wp-content\/uploads\/2026\/02\/641631892_1473015511491194_4333519520395321079_n-768x512.jpg 768w, https:\/\/elmetropolitano.com.gt\/es\/wp-content\/uploads\/2026\/02\/641631892_1473015511491194_4333519520395321079_n.jpg 1280w\" sizes=\"auto, (max-width: 1024px) 100vw, 1024px\" \/><\/figure>\n\n\n\n<figure class=\"wp-block-image size-large\"><img loading=\"lazy\" decoding=\"async\" width=\"1024\" height=\"682\" data-id=\"122956\" src=\"https:\/\/elmetropolitano.com.gt\/es\/wp-content\/uploads\/2026\/02\/642514427_1473015558157856_5540978913080589735_n-1024x682.jpg\" alt=\"\" class=\"wp-image-122956\" srcset=\"https:\/\/elmetropolitano.com.gt\/es\/wp-content\/uploads\/2026\/02\/642514427_1473015558157856_5540978913080589735_n-1024x682.jpg 1024w, https:\/\/elmetropolitano.com.gt\/es\/wp-content\/uploads\/2026\/02\/642514427_1473015558157856_5540978913080589735_n-300x200.jpg 300w, https:\/\/elmetropolitano.com.gt\/es\/wp-content\/uploads\/2026\/02\/642514427_1473015558157856_5540978913080589735_n-768x512.jpg 768w, https:\/\/elmetropolitano.com.gt\/es\/wp-content\/uploads\/2026\/02\/642514427_1473015558157856_5540978913080589735_n.jpg 1280w\" sizes=\"auto, (max-width: 1024px) 100vw, 1024px\" \/><\/figure>\n<\/figure>\n","protected":false},"excerpt":{"rendered":"<p>La diputada Vivian Preciado del Partido Victoria, representante de San Marcos, se reuni\u00f3 con el viceministro del Deporte y la Recreaci\u00f3n del Ministerio de Cultura y Deportes Guatemala, Francisco Aguilar, para dar seguimiento a la mejora de infraestructura deportiva en los 30 municipios del distrito. Espec\u00edficamente se mencion\u00f3 la renovaci\u00f3n de las canchas polideportivas en <a class=\"read-more\" href=\"https:\/\/elmetropolitano.com.gt\/es\/diputada-vivian-preciado-gestiona-mejoras-en-infraestructura-deportiva-para-san-marcos\/\">Leer m\u00e1s<\/a><\/p>\n","protected":false},"author":1,"featured_media":122951,"comment_status":"open","ping_status":"closed","sticky":false,"template":"","format":"standard","meta":{"footnotes":""},"categories":[2],"tags":[12],"class_list":["post-122950","post","type-post","status-publish","format-standard","has-post-thumbnail","hentry","category-nacionales","tag-nacionales"],"_links":{"self":[{"href":"https:\/\/elmetropolitano.com.gt\/es\/wp-json\/wp\/v2\/posts\/122950","targetHints":{"allow":["GET"]}}],"collection":[{"href":"https:\/\/elmetropolitano.com.gt\/es\/wp-json\/wp\/v2\/posts"}],"about":[{"href":"https:\/\/elmetropolitano.com.gt\/es\/wp-json\/wp\/v2\/types\/post"}],"author":[{"embeddable":true,"href":"https:\/\/elmetropolitano.com.gt\/es\/wp-json\/wp\/v2\/users\/1"}],"replies":[{"embeddable":true,"href":"https:\/\/elmetropolitano.com.gt\/es\/wp-json\/wp\/v2\/comments?post=122950"}],"version-history":[{"count":1,"href":"https:\/\/elmetropolitano.com.gt\/es\/wp-json\/wp\/v2\/posts\/122950\/revisions"}],"predecessor-version":[{"id":122957,"href":"https:\/\/elmetropolitano.com.gt\/es\/wp-json\/wp\/v2\/posts\/122950\/revisions\/122957"}],"wp:featuredmedia":[{"embeddable":true,"href":"https:\/\/elmetropolitano.com.gt\/es\/wp-json\/wp\/v2\/media\/122951"}],"wp:attachment":[{"href":"https:\/\/elmetropolitano.com.gt\/es\/wp-json\/wp\/v2\/media?parent=122950"}],"wp:term":[{"taxonomy":"category","embeddable":true,"href":"https:\/\/elmetropolitano.com.gt\/es\/wp-json\/wp\/v2\/categories?post=122950"},{"taxonomy":"post_tag","embeddable":true,"href":"https:\/\/elmetropolitano.com.gt\/es\/wp-json\/wp\/v2\/tags?post=122950"}],"curies":[{"name":"wp","href":"https:\/\/api.w.org\/{rel}","templated":true}]}}