{"id":123050,"date":"2026-02-27T12:04:31","date_gmt":"2026-02-27T18:04:31","guid":{"rendered":"https:\/\/elmetropolitano.com.gt\/es\/?p=123050"},"modified":"2026-02-27T12:04:33","modified_gmt":"2026-02-27T18:04:33","slug":"dgac-firma-carta-de-entendimiento-con-el-sector-privado-para-fortalecer-el-sistema-aeronautico","status":"publish","type":"post","link":"https:\/\/elmetropolitano.com.gt\/es\/dgac-firma-carta-de-entendimiento-con-el-sector-privado-para-fortalecer-el-sistema-aeronautico\/","title":{"rendered":"DGAC firma carta de entendimiento con el sector privado para fortalecer el sistema aeron\u00e1utico"},"content":{"rendered":"\n<p>Con el objetivo de fortalecer la productividad, reducir costos log\u00edsticos, atraer inversiones y promover el comercio, el turismo y el acceso a servicios b\u00e1sicos, actores clave del sector p\u00fablico y privado firmaron una carta de entendimiento para impulsar el desarrollo del sistema aeron\u00e1utico del pa\u00eds.<\/p>\n\n\n\n<p>La carta de entendimiento establece lineamientos para el trabajo conjunto entre la Direcci\u00f3n General de Aeron\u00e1utica Civil (DGAC), la Fundaci\u00f3n para el Desarrollo de Guatemala (Fundesa), Combex-IM, la C\u00e1mara de Industria de Guatemala y la C\u00e1mara Guatemalteca de la Industria de la Construcci\u00f3n. Esto con \u00e9nfasis en la modernizaci\u00f3n de la infraestructura y los servicios aeroportuarios, tanto en aeropuertos internacionales como en aer\u00f3dromos nacionales del pa\u00eds.<\/p><div class=\"elmet-contenido\" id=\"elmet-654060803\"><div class=\"elmet-adlabel\">Anuncios<\/div><div style=\"margin-top: 20px;margin-right: 20px;margin-bottom: 20px;margin-left: 20px;\" id=\"elmet-1178947140\"><a href=\"https:\/\/www.facebook.com\/arrincuanantigua\/\" aria-label=\"cintillo-arrin-cual\"><img loading=\"lazy\" decoding=\"async\" src=\"https:\/\/elmetropolitano.com.gt\/es\/wp-content\/uploads\/2021\/11\/cintillo-arrin-cual-1.jpg\" alt=\"\"  srcset=\"https:\/\/elmetropolitano.com.gt\/es\/wp-content\/uploads\/2021\/11\/cintillo-arrin-cual-1.jpg 750w, https:\/\/elmetropolitano.com.gt\/es\/wp-content\/uploads\/2021\/11\/cintillo-arrin-cual-1-300x36.jpg 300w, https:\/\/elmetropolitano.com.gt\/es\/wp-content\/uploads\/2021\/11\/cintillo-arrin-cual-1-600x72.jpg 600w\" sizes=\"(max-width: 750px) 100vw, 750px\" width=\"750\" height=\"90\"   \/><\/a><\/div><\/div>\n\n\n\n<p>Entre sus objetivos principales destacan:<\/p>\n\n\n\n<p>Mejora de la experiencia del pasajero<\/p>\n\n\n\n<p>Fortalecimiento de la eficiencia operativa<\/p>\n\n\n\n<p>Adopci\u00f3n de buenas pr\u00e1cticas internacionales<\/p>\n\n\n\n<p>Impulso a la innovaci\u00f3n tecnol\u00f3gica<\/p>\n\n\n\n<p>Todos elementos clave para elevar la competitividad del sistema aeron\u00e1utico guatemalteco.<\/p>\n\n\n\n<p>De esta forma, la carta compromete a las instituciones firmantes a consolidar una mesa interinstitucional que coordine esfuerzos, recursos y estrategias, garantizando una visi\u00f3n integral para el fortalecimiento del sector a\u00e9reo.<\/p>\n\n\n\n<p>Impacto en el desarrollo econ\u00f3mico y social<\/p>\n\n\n\n<p>Una infraestructura aeron\u00e1utica moderna y eficiente representa un factor determinante para reducir los costos de transporte y log\u00edstica, facilitar el comercio internacional y la conexi\u00f3n de Guatemala con los mercados regionales y globales.<\/p>\n\n\n\n<p>Adem\u00e1s, el fortalecimiento del sistema a\u00e9reo contribuye directamente al desarrollo del turismo y a la atracci\u00f3n de inversiones.<\/p>\n\n\n\n<p>Las partes firmantes manifestaron su inter\u00e9s de aportar desde sus respectivas competencias, consolidando un modelo de cooperaci\u00f3n que refuerza el liderazgo t\u00e9cnico de la autoridad aeron\u00e1utica nacional.<\/p>\n\n\n\n<p>Con esta alianza, Guatemala avanza hacia un sistema aeron\u00e1utico m\u00e1s moderno, seguro y competitivo, alineado con los est\u00e1ndares internacionales y orientado al desarrollo sostenible del pa\u00eds.<\/p>\n\n\n\n<p>Texto Mariana L\u00f3pez<\/p>\n\n\n\n<p>#DGAC #Iniciativaprivada #metroredes <a href=\"http:\/\/www.elmetropolitano.com.gt\">www.elmetropolitano.com.gt<\/a> <a href=\"http:\/\/www.metroredes.com\">www.metroredes.com<\/a> <a href=\"http:\/\/www.elescuintleco.com\">www.elescuintleco.com<\/a><\/p>\n","protected":false},"excerpt":{"rendered":"<p>Con el objetivo de fortalecer la productividad, reducir costos log\u00edsticos, atraer inversiones y promover el comercio, el turismo y el acceso a servicios b\u00e1sicos, actores clave del sector p\u00fablico y privado firmaron una carta de entendimiento para impulsar el desarrollo del sistema aeron\u00e1utico del pa\u00eds. La carta de entendimiento establece lineamientos para el trabajo conjunto <a class=\"read-more\" href=\"https:\/\/elmetropolitano.com.gt\/es\/dgac-firma-carta-de-entendimiento-con-el-sector-privado-para-fortalecer-el-sistema-aeronautico\/\">Leer m\u00e1s<\/a><\/p>\n","protected":false},"author":1,"featured_media":123051,"comment_status":"open","ping_status":"closed","sticky":false,"template":"","format":"standard","meta":{"footnotes":""},"categories":[2],"tags":[12],"class_list":["post-123050","post","type-post","status-publish","format-standard","has-post-thumbnail","hentry","category-nacionales","tag-nacionales"],"_links":{"self":[{"href":"https:\/\/elmetropolitano.com.gt\/es\/wp-json\/wp\/v2\/posts\/123050","targetHints":{"allow":["GET"]}}],"collection":[{"href":"https:\/\/elmetropolitano.com.gt\/es\/wp-json\/wp\/v2\/posts"}],"about":[{"href":"https:\/\/elmetropolitano.com.gt\/es\/wp-json\/wp\/v2\/types\/post"}],"author":[{"embeddable":true,"href":"https:\/\/elmetropolitano.com.gt\/es\/wp-json\/wp\/v2\/users\/1"}],"replies":[{"embeddable":true,"href":"https:\/\/elmetropolitano.com.gt\/es\/wp-json\/wp\/v2\/comments?post=123050"}],"version-history":[{"count":1,"href":"https:\/\/elmetropolitano.com.gt\/es\/wp-json\/wp\/v2\/posts\/123050\/revisions"}],"predecessor-version":[{"id":123052,"href":"https:\/\/elmetropolitano.com.gt\/es\/wp-json\/wp\/v2\/posts\/123050\/revisions\/123052"}],"wp:featuredmedia":[{"embeddable":true,"href":"https:\/\/elmetropolitano.com.gt\/es\/wp-json\/wp\/v2\/media\/123051"}],"wp:attachment":[{"href":"https:\/\/elmetropolitano.com.gt\/es\/wp-json\/wp\/v2\/media?parent=123050"}],"wp:term":[{"taxonomy":"category","embeddable":true,"href":"https:\/\/elmetropolitano.com.gt\/es\/wp-json\/wp\/v2\/categories?post=123050"},{"taxonomy":"post_tag","embeddable":true,"href":"https:\/\/elmetropolitano.com.gt\/es\/wp-json\/wp\/v2\/tags?post=123050"}],"curies":[{"name":"wp","href":"https:\/\/api.w.org\/{rel}","templated":true}]}}