{"id":123134,"date":"2026-03-01T16:53:25","date_gmt":"2026-03-01T22:53:25","guid":{"rendered":"https:\/\/elmetropolitano.com.gt\/es\/?p=123134"},"modified":"2026-03-01T16:53:27","modified_gmt":"2026-03-01T22:53:27","slug":"eeuu-informa-de-sus-bajas-militares-durante-la-operacion-en-iran","status":"publish","type":"post","link":"https:\/\/elmetropolitano.com.gt\/es\/eeuu-informa-de-sus-bajas-militares-durante-la-operacion-en-iran\/","title":{"rendered":"EEUU informa de sus bajas militares durante la operaci\u00f3n en Ir\u00e1n"},"content":{"rendered":"\n<p>\u201cTres militares estadounidenses fallecieron en combate y cinco resultaron gravemente heridos en el marco de la Operaci\u00f3n Furia \u00c9pica\u00bb, se\u00f1al\u00f3 el Mando Central de EEUU en su cuenta en X.<\/p>\n\n\n\n<p>Varios efectivos m\u00e1s sufrieron heridas leves por metralla y contusiones, a\u00f1adi\u00f3 el ente, sin detallar la cifra exacta.<\/p><div class=\"elmet-contenido\" id=\"elmet-2510897039\"><div class=\"elmet-adlabel\">Anuncios<\/div><div style=\"margin-top: 20px;margin-right: 20px;margin-bottom: 20px;margin-left: 20px;\" id=\"elmet-3488226027\"><a href=\"https:\/\/www.facebook.com\/arrincuanantigua\/\" aria-label=\"cintillo-arrin-cual\"><img loading=\"lazy\" decoding=\"async\" src=\"https:\/\/elmetropolitano.com.gt\/es\/wp-content\/uploads\/2021\/11\/cintillo-arrin-cual-1.jpg\" alt=\"\"  srcset=\"https:\/\/elmetropolitano.com.gt\/es\/wp-content\/uploads\/2021\/11\/cintillo-arrin-cual-1.jpg 750w, https:\/\/elmetropolitano.com.gt\/es\/wp-content\/uploads\/2021\/11\/cintillo-arrin-cual-1-300x36.jpg 300w, https:\/\/elmetropolitano.com.gt\/es\/wp-content\/uploads\/2021\/11\/cintillo-arrin-cual-1-600x72.jpg 600w\" sizes=\"(max-width: 750px) 100vw, 750px\" width=\"750\" height=\"90\"   \/><\/a><\/div><\/div>\n\n\n\n<p>\u201cLas principales operaciones de combate contin\u00faan y nuestros esfuerzos de respuesta siguen en marcha\u00bb, agreg\u00f3<\/p>\n\n\n\n<p><a href=\"https:\/\/www.facebook.com\/hashtag\/guerrairan?__eep__=6&amp;__cft__[0]=AZZ0jwUlWK9qTFCUHRjq0-0391Yr6GZyPIDipNmmgjvVIFkghxUS7zJjKDjVHvZ_7AWUSdOkdGA3xF-6WasErgDy76nFxdjAU16rOEVDg2viKWzuvw-_AqKP7Hjytq95CP7a449NRN0ZKr7TLBvJYVJt_Q5ZXcuVOFtYFAJRkw6kzZz-0jLVe9O58gMi37_S3Mk&amp;__tn__=*NK-R\">#GuerraIran<\/a><a href=\"https:\/\/www.facebook.com\/hashtag\/golfopersico?__eep__=6&amp;__cft__[0]=AZZ0jwUlWK9qTFCUHRjq0-0391Yr6GZyPIDipNmmgjvVIFkghxUS7zJjKDjVHvZ_7AWUSdOkdGA3xF-6WasErgDy76nFxdjAU16rOEVDg2viKWzuvw-_AqKP7Hjytq95CP7a449NRN0ZKr7TLBvJYVJt_Q5ZXcuVOFtYFAJRkw6kzZz-0jLVe9O58gMi37_S3Mk&amp;__tn__=*NK-R\">#golfopersico<\/a><a href=\"https:\/\/www.facebook.com\/hashtag\/petroleo?__eep__=6&amp;__cft__[0]=AZZ0jwUlWK9qTFCUHRjq0-0391Yr6GZyPIDipNmmgjvVIFkghxUS7zJjKDjVHvZ_7AWUSdOkdGA3xF-6WasErgDy76nFxdjAU16rOEVDg2viKWzuvw-_AqKP7Hjytq95CP7a449NRN0ZKr7TLBvJYVJt_Q5ZXcuVOFtYFAJRkw6kzZz-0jLVe9O58gMi37_S3Mk&amp;__tn__=*NK-R\">#petroleo<\/a><a href=\"https:\/\/www.facebook.com\/hashtag\/metroredes?__eep__=6&amp;__cft__[0]=AZZ0jwUlWK9qTFCUHRjq0-0391Yr6GZyPIDipNmmgjvVIFkghxUS7zJjKDjVHvZ_7AWUSdOkdGA3xF-6WasErgDy76nFxdjAU16rOEVDg2viKWzuvw-_AqKP7Hjytq95CP7a449NRN0ZKr7TLBvJYVJt_Q5ZXcuVOFtYFAJRkw6kzZz-0jLVe9O58gMi37_S3Mk&amp;__tn__=*NK-R\">#metroredes<\/a><\/p>\n","protected":false},"excerpt":{"rendered":"<p>\u201cTres militares estadounidenses fallecieron en combate y cinco resultaron gravemente heridos en el marco de la Operaci\u00f3n Furia \u00c9pica\u00bb, se\u00f1al\u00f3 el Mando Central de EEUU en su cuenta en X. Varios efectivos m\u00e1s sufrieron heridas leves por metralla y contusiones, a\u00f1adi\u00f3 el ente, sin detallar la cifra exacta. \u201cLas principales operaciones de combate contin\u00faan y <a class=\"read-more\" href=\"https:\/\/elmetropolitano.com.gt\/es\/eeuu-informa-de-sus-bajas-militares-durante-la-operacion-en-iran\/\">Leer m\u00e1s<\/a><\/p>\n","protected":false},"author":1,"featured_media":123135,"comment_status":"open","ping_status":"closed","sticky":false,"template":"","format":"standard","meta":{"footnotes":""},"categories":[14],"tags":[15],"class_list":["post-123134","post","type-post","status-publish","format-standard","has-post-thumbnail","hentry","category-internacionales","tag-internacionales"],"_links":{"self":[{"href":"https:\/\/elmetropolitano.com.gt\/es\/wp-json\/wp\/v2\/posts\/123134","targetHints":{"allow":["GET"]}}],"collection":[{"href":"https:\/\/elmetropolitano.com.gt\/es\/wp-json\/wp\/v2\/posts"}],"about":[{"href":"https:\/\/elmetropolitano.com.gt\/es\/wp-json\/wp\/v2\/types\/post"}],"author":[{"embeddable":true,"href":"https:\/\/elmetropolitano.com.gt\/es\/wp-json\/wp\/v2\/users\/1"}],"replies":[{"embeddable":true,"href":"https:\/\/elmetropolitano.com.gt\/es\/wp-json\/wp\/v2\/comments?post=123134"}],"version-history":[{"count":1,"href":"https:\/\/elmetropolitano.com.gt\/es\/wp-json\/wp\/v2\/posts\/123134\/revisions"}],"predecessor-version":[{"id":123136,"href":"https:\/\/elmetropolitano.com.gt\/es\/wp-json\/wp\/v2\/posts\/123134\/revisions\/123136"}],"wp:featuredmedia":[{"embeddable":true,"href":"https:\/\/elmetropolitano.com.gt\/es\/wp-json\/wp\/v2\/media\/123135"}],"wp:attachment":[{"href":"https:\/\/elmetropolitano.com.gt\/es\/wp-json\/wp\/v2\/media?parent=123134"}],"wp:term":[{"taxonomy":"category","embeddable":true,"href":"https:\/\/elmetropolitano.com.gt\/es\/wp-json\/wp\/v2\/categories?post=123134"},{"taxonomy":"post_tag","embeddable":true,"href":"https:\/\/elmetropolitano.com.gt\/es\/wp-json\/wp\/v2\/tags?post=123134"}],"curies":[{"name":"wp","href":"https:\/\/api.w.org\/{rel}","templated":true}]}}