{"id":123148,"date":"2026-03-02T11:14:11","date_gmt":"2026-03-02T17:14:11","guid":{"rendered":"https:\/\/elmetropolitano.com.gt\/es\/?p=123148"},"modified":"2026-03-02T11:14:13","modified_gmt":"2026-03-02T17:14:13","slug":"mineco-visita-a-productores-de-berries-que-no-se-beneficiaron-con-el-arancel-cero","status":"publish","type":"post","link":"https:\/\/elmetropolitano.com.gt\/es\/mineco-visita-a-productores-de-berries-que-no-se-beneficiaron-con-el-arancel-cero\/","title":{"rendered":"Mineco visita a productores de \u201cberries\u201d que no se beneficiaron con el arancel cero"},"content":{"rendered":"\n<p>Como parte del acompa\u00f1amiento al sector productivo que no fue incluido en el acuerdo de arancel cero con Estados Unidos, el Ministerio de Econom\u00eda de Guatemala (Mineco) hizo una visita t\u00e9cnica a una empresa nacional dedicada a la exportaci\u00f3n de bayas y minivegetales de calidad pr\u00e9mium.<\/p>\n\n\n\n<p>La actividad fue encabezada por la viceministra de Inversi\u00f3n y Competencia, Valeria Prado, quien recorri\u00f3 las instalaciones para conocer de primera mano el proceso productivo y los desaf\u00edos que enfrenta esta industria.<\/p><div class=\"elmet-contenido\" id=\"elmet-2999705447\"><div class=\"elmet-adlabel\">Anuncios<\/div><div style=\"margin-top: 20px;margin-right: 20px;margin-bottom: 20px;margin-left: 20px;\" id=\"elmet-301867337\"><a href=\"https:\/\/www.facebook.com\/arrincuanantigua\/\" aria-label=\"cintillo-arrin-cual\"><img loading=\"lazy\" decoding=\"async\" src=\"https:\/\/elmetropolitano.com.gt\/es\/wp-content\/uploads\/2021\/11\/cintillo-arrin-cual-1.jpg\" alt=\"\"  srcset=\"https:\/\/elmetropolitano.com.gt\/es\/wp-content\/uploads\/2021\/11\/cintillo-arrin-cual-1.jpg 750w, https:\/\/elmetropolitano.com.gt\/es\/wp-content\/uploads\/2021\/11\/cintillo-arrin-cual-1-300x36.jpg 300w, https:\/\/elmetropolitano.com.gt\/es\/wp-content\/uploads\/2021\/11\/cintillo-arrin-cual-1-600x72.jpg 600w\" sizes=\"(max-width: 750px) 100vw, 750px\" width=\"750\" height=\"90\"   \/><\/a><\/div><\/div>\n\n\n\n<p>Durante la jornada se observaron las distintas etapas de la cadena de valor, desde la selecci\u00f3n y cuidado de las plantas, la cosecha y el empaque, hasta la log\u00edstica de exportaci\u00f3n hacia mercados internacionales como Estados Unidos, Europa y el Reino Unido.<\/p>\n\n\n\n<p>Durante el recorrido, la viceministra sostuvo un di\u00e1logo con productores de mora del municipio de San Jos\u00e9 Poaquil, Chimaltenango, quienes resaltaron el impacto econ\u00f3mico de esta actividad en sus comunidades.<\/p>\n\n\n\n<p>Seg\u00fan explicaron, la producci\u00f3n y exportaci\u00f3n de estos cultivos ha generado empleo local, dinamizando las econom\u00edas comunitarias y propiciado el surgimiento de peque\u00f1os emprendimientos, como tiendas de barrio.<\/p>\n\n\n\n<p>De acuerdo con la cartera de Econom\u00eda, este acercamiento permiti\u00f3 identificar oportunidades de apoyo para el sector, as\u00ed como posibles acciones orientadas a la reducci\u00f3n de costos y al fortalecimiento de la competitividad.<\/p>\n\n\n\n<p>El objetivo, se\u00f1al\u00f3 el Mineco, es impulsar el desarrollo del proceso productivo y respaldar a los miles de familias guatemaltecas que dependen de la actividad agr\u00edcola para su sustento.<\/p>\n\n\n\n<p>Texto: Cindy Alonso<\/p>\n\n\n\n<p><a href=\"https:\/\/www.facebook.com\/hashtag\/elagrochapin?__eep__=6&amp;__cft__[0]=AZa_4uhne29ed2JBJZAtWOYIIZR5x36GCn4QC5rluYu5OLQdM-Epr_XBInNkcCBV3w9fnLEW4BkSNIX5t2ifaZeT5wGLpIgKcqAAKTgpFM3fziF0gOatIvrnS2K5boeUU-ROaQzDxU-kMsBxBiaDk-eMV1-8_ns3L1tjj6UinnY1SIzG2AMRGwAig74Xajp9P0Q&amp;__tn__=*NK-R\">#Elagrochapin<\/a><a href=\"https:\/\/www.facebook.com\/hashtag\/sanjosepoaquil?__eep__=6&amp;__cft__[0]=AZa_4uhne29ed2JBJZAtWOYIIZR5x36GCn4QC5rluYu5OLQdM-Epr_XBInNkcCBV3w9fnLEW4BkSNIX5t2ifaZeT5wGLpIgKcqAAKTgpFM3fziF0gOatIvrnS2K5boeUU-ROaQzDxU-kMsBxBiaDk-eMV1-8_ns3L1tjj6UinnY1SIzG2AMRGwAig74Xajp9P0Q&amp;__tn__=*NK-R\">#sanjosepoaquil<\/a><a href=\"https:\/\/www.facebook.com\/hashtag\/metroredes?__eep__=6&amp;__cft__[0]=AZa_4uhne29ed2JBJZAtWOYIIZR5x36GCn4QC5rluYu5OLQdM-Epr_XBInNkcCBV3w9fnLEW4BkSNIX5t2ifaZeT5wGLpIgKcqAAKTgpFM3fziF0gOatIvrnS2K5boeUU-ROaQzDxU-kMsBxBiaDk-eMV1-8_ns3L1tjj6UinnY1SIzG2AMRGwAig74Xajp9P0Q&amp;__tn__=*NK-R\">#metroredes<\/a><a href=\"https:\/\/www.facebook.com\/hashtag\/elfinancierogt?__eep__=6&amp;__cft__[0]=AZa_4uhne29ed2JBJZAtWOYIIZR5x36GCn4QC5rluYu5OLQdM-Epr_XBInNkcCBV3w9fnLEW4BkSNIX5t2ifaZeT5wGLpIgKcqAAKTgpFM3fziF0gOatIvrnS2K5boeUU-ROaQzDxU-kMsBxBiaDk-eMV1-8_ns3L1tjj6UinnY1SIzG2AMRGwAig74Xajp9P0Q&amp;__tn__=*NK-R\">#elfinancierogt<\/a><a href=\"https:\/\/www.facebook.com\/hashtag\/chimaltenango?__eep__=6&amp;__cft__[0]=AZa_4uhne29ed2JBJZAtWOYIIZR5x36GCn4QC5rluYu5OLQdM-Epr_XBInNkcCBV3w9fnLEW4BkSNIX5t2ifaZeT5wGLpIgKcqAAKTgpFM3fziF0gOatIvrnS2K5boeUU-ROaQzDxU-kMsBxBiaDk-eMV1-8_ns3L1tjj6UinnY1SIzG2AMRGwAig74Xajp9P0Q&amp;__tn__=*NK-R\">#Chimaltenango<\/a><a href=\"https:\/\/www.facebook.com\/hashtag\/minec?__eep__=6&amp;__cft__[0]=AZa_4uhne29ed2JBJZAtWOYIIZR5x36GCn4QC5rluYu5OLQdM-Epr_XBInNkcCBV3w9fnLEW4BkSNIX5t2ifaZeT5wGLpIgKcqAAKTgpFM3fziF0gOatIvrnS2K5boeUU-ROaQzDxU-kMsBxBiaDk-eMV1-8_ns3L1tjj6UinnY1SIzG2AMRGwAig74Xajp9P0Q&amp;__tn__=*NK-R\">#MINEC<\/a><\/p>\n\n\n\n<p><a href=\"http:\/\/www.elmetropolitano.com.gt\/?fbclid=IwZXh0bgNhZW0CMTAAYnJpZBExYlF1Z1gxNlpFN3Y2bkpITnNydGMGYXBwX2lkEDIyMjAzOTE3ODgyMDA4OTIAAR5G9sInww9XzKYt_EVOeDkw_zGjAKB11ufSH77ZkTh464rSUf7HdCKHjt0RMg_aem_NZUkV5w2Xih0Sl9lbgxhZA\" target=\"_blank\" rel=\"noreferrer noopener\">Www.elmetropolitano.com.gt<\/a> <a href=\"https:\/\/l.facebook.com\/l.php?u=http%3A%2F%2FWww.metroredes.com%2F%3Ffbclid%3DIwZXh0bgNhZW0CMTAAYnJpZBExYlF1Z1gxNlpFN3Y2bkpITnNydGMGYXBwX2lkEDIyMjAzOTE3ODgyMDA4OTIAAR7wQcIfPXG0ijvgvhmQiG-Cc-Btijq-PqwrfpUo3hzwZhEu493cHtesDmuh0Q_aem_7oo8faCP_VGwNxkCddjpbQ&amp;h=AT4jP6ukuSPaWBh8hSE91BiUPqXsTJdIqp8WSbAYjvhl9V729DMSog2xgHQyDCJ6CXRKt_MDx4gvMIBECjvWWOE7YxNxIRDP-QIj26GV7vNJpASzV-om9mMh_AV_adaVyRLaQGakV8nt4mBE&amp;__tn__=-UK-R&amp;c[0]=AT5lS5RbbHvU9xi-XOTFgXpCs-8KtfNIXje7FYo5r8ZU1UVqdft70DUQXs_ghGOFjjltKZWNElj89yqOcWvaGG9pgradCWThsPmYV85y43_hYT0jHGq6ZkjXiOThvCAICbZyXjv8FUqZjuwEocZT6DWF2VHtYHU5Ui4eQWOb3St6mO_m0S2jLFu5seRWbm1lcOxGV8B1g_mVqHDxHGlXPbFezQ\" target=\"_blank\" rel=\"noreferrer noopener\">Www.metroredes.com<\/a><\/p>\n\n\n\n<figure class=\"wp-block-gallery has-nested-images columns-default is-cropped wp-block-gallery-1 is-layout-flex wp-block-gallery-is-layout-flex\">\n<figure class=\"wp-block-image size-large\"><img loading=\"lazy\" decoding=\"async\" width=\"627\" height=\"470\" data-id=\"123152\" src=\"https:\/\/elmetropolitano.com.gt\/es\/wp-content\/uploads\/2026\/03\/643938208_1477165631076182_373289593954013005_n.jpg\" alt=\"\" class=\"wp-image-123152\" srcset=\"https:\/\/elmetropolitano.com.gt\/es\/wp-content\/uploads\/2026\/03\/643938208_1477165631076182_373289593954013005_n.jpg 627w, https:\/\/elmetropolitano.com.gt\/es\/wp-content\/uploads\/2026\/03\/643938208_1477165631076182_373289593954013005_n-300x225.jpg 300w\" sizes=\"auto, (max-width: 627px) 100vw, 627px\" \/><\/figure>\n\n\n\n<figure class=\"wp-block-image size-large\"><img loading=\"lazy\" decoding=\"async\" width=\"627\" height=\"470\" data-id=\"123150\" src=\"https:\/\/elmetropolitano.com.gt\/es\/wp-content\/uploads\/2026\/03\/645480778_1477165624409516_960947961639677044_n.jpg\" alt=\"\" class=\"wp-image-123150\" srcset=\"https:\/\/elmetropolitano.com.gt\/es\/wp-content\/uploads\/2026\/03\/645480778_1477165624409516_960947961639677044_n.jpg 627w, https:\/\/elmetropolitano.com.gt\/es\/wp-content\/uploads\/2026\/03\/645480778_1477165624409516_960947961639677044_n-300x225.jpg 300w\" sizes=\"auto, (max-width: 627px) 100vw, 627px\" \/><\/figure>\n\n\n\n<figure class=\"wp-block-image size-large\"><img loading=\"lazy\" decoding=\"async\" width=\"627\" height=\"470\" data-id=\"123151\" src=\"https:\/\/elmetropolitano.com.gt\/es\/wp-content\/uploads\/2026\/03\/645663082_1477165404409538_7534265168577417343_n-1.jpg\" alt=\"\" class=\"wp-image-123151\" srcset=\"https:\/\/elmetropolitano.com.gt\/es\/wp-content\/uploads\/2026\/03\/645663082_1477165404409538_7534265168577417343_n-1.jpg 627w, https:\/\/elmetropolitano.com.gt\/es\/wp-content\/uploads\/2026\/03\/645663082_1477165404409538_7534265168577417343_n-1-300x225.jpg 300w\" sizes=\"auto, (max-width: 627px) 100vw, 627px\" \/><\/figure>\n\n\n\n<figure class=\"wp-block-image size-large\"><img loading=\"lazy\" decoding=\"async\" width=\"627\" height=\"836\" data-id=\"123153\" src=\"https:\/\/elmetropolitano.com.gt\/es\/wp-content\/uploads\/2026\/03\/645853228_1477165407742871_7434369116799153656_n.jpg\" alt=\"\" class=\"wp-image-123153\" srcset=\"https:\/\/elmetropolitano.com.gt\/es\/wp-content\/uploads\/2026\/03\/645853228_1477165407742871_7434369116799153656_n.jpg 627w, https:\/\/elmetropolitano.com.gt\/es\/wp-content\/uploads\/2026\/03\/645853228_1477165407742871_7434369116799153656_n-225x300.jpg 225w\" sizes=\"auto, (max-width: 627px) 100vw, 627px\" \/><\/figure>\n<\/figure>\n","protected":false},"excerpt":{"rendered":"<p>Como parte del acompa\u00f1amiento al sector productivo que no fue incluido en el acuerdo de arancel cero con Estados Unidos, el Ministerio de Econom\u00eda de Guatemala (Mineco) hizo una visita t\u00e9cnica a una empresa nacional dedicada a la exportaci\u00f3n de bayas y minivegetales de calidad pr\u00e9mium. La actividad fue encabezada por la viceministra de Inversi\u00f3n <a class=\"read-more\" href=\"https:\/\/elmetropolitano.com.gt\/es\/mineco-visita-a-productores-de-berries-que-no-se-beneficiaron-con-el-arancel-cero\/\">Leer m\u00e1s<\/a><\/p>\n","protected":false},"author":1,"featured_media":123149,"comment_status":"open","ping_status":"closed","sticky":false,"template":"","format":"standard","meta":{"footnotes":""},"categories":[2],"tags":[12],"class_list":["post-123148","post","type-post","status-publish","format-standard","has-post-thumbnail","hentry","category-nacionales","tag-nacionales"],"_links":{"self":[{"href":"https:\/\/elmetropolitano.com.gt\/es\/wp-json\/wp\/v2\/posts\/123148","targetHints":{"allow":["GET"]}}],"collection":[{"href":"https:\/\/elmetropolitano.com.gt\/es\/wp-json\/wp\/v2\/posts"}],"about":[{"href":"https:\/\/elmetropolitano.com.gt\/es\/wp-json\/wp\/v2\/types\/post"}],"author":[{"embeddable":true,"href":"https:\/\/elmetropolitano.com.gt\/es\/wp-json\/wp\/v2\/users\/1"}],"replies":[{"embeddable":true,"href":"https:\/\/elmetropolitano.com.gt\/es\/wp-json\/wp\/v2\/comments?post=123148"}],"version-history":[{"count":1,"href":"https:\/\/elmetropolitano.com.gt\/es\/wp-json\/wp\/v2\/posts\/123148\/revisions"}],"predecessor-version":[{"id":123154,"href":"https:\/\/elmetropolitano.com.gt\/es\/wp-json\/wp\/v2\/posts\/123148\/revisions\/123154"}],"wp:featuredmedia":[{"embeddable":true,"href":"https:\/\/elmetropolitano.com.gt\/es\/wp-json\/wp\/v2\/media\/123149"}],"wp:attachment":[{"href":"https:\/\/elmetropolitano.com.gt\/es\/wp-json\/wp\/v2\/media?parent=123148"}],"wp:term":[{"taxonomy":"category","embeddable":true,"href":"https:\/\/elmetropolitano.com.gt\/es\/wp-json\/wp\/v2\/categories?post=123148"},{"taxonomy":"post_tag","embeddable":true,"href":"https:\/\/elmetropolitano.com.gt\/es\/wp-json\/wp\/v2\/tags?post=123148"}],"curies":[{"name":"wp","href":"https:\/\/api.w.org\/{rel}","templated":true}]}}