{"id":123159,"date":"2026-03-02T11:25:59","date_gmt":"2026-03-02T17:25:59","guid":{"rendered":"https:\/\/elmetropolitano.com.gt\/es\/?p=123159"},"modified":"2026-03-02T11:26:01","modified_gmt":"2026-03-02T17:26:01","slug":"chimalteca-y-capitalino-se-alzan-con-la-copa-tecun-uman-de-fisicoculturismo","status":"publish","type":"post","link":"https:\/\/elmetropolitano.com.gt\/es\/chimalteca-y-capitalino-se-alzan-con-la-copa-tecun-uman-de-fisicoculturismo\/","title":{"rendered":"Chimalteca y Capitalino se alzan con la Copa Tecun Um\u00e1n de Fisicoculturismo"},"content":{"rendered":"\n<p>La Federaci\u00f3n Nacional de Fisicoculturismo de Guatemala dio inicio oficial a su ciclo anual de competencias con la realizaci\u00f3n del tradicional certamen Se\u00f1or Tec\u00fan Um\u00e1n, uno de los eventos con mayor arraigo hist\u00f3rico dentro del fisicoculturismo guatemalteco.<\/p>\n\n\n\n<p>La competencia se desarroll\u00f3 con la presencia de autoridades federativas, quienes respaldaron el arranque de un calendario competitivo que este a\u00f1o contempla un circuito en 18 departamentos del pa\u00eds, consolidando as\u00ed un modelo de desarrollo estructurado que inicia en el \u00e1mbito departamental, contin\u00faa con las competencias regionales y culmina con el Campeonato Nacional.<\/p><div class=\"elmet-contenido\" id=\"elmet-1172431726\"><div class=\"elmet-adlabel\">Anuncios<\/div><div style=\"margin-top: 20px;margin-right: 20px;margin-bottom: 20px;margin-left: 20px;\" id=\"elmet-2481917067\"><a href=\"https:\/\/www.facebook.com\/arrincuanantigua\/\" aria-label=\"cintillo-arrin-cual\"><img loading=\"lazy\" decoding=\"async\" src=\"https:\/\/elmetropolitano.com.gt\/es\/wp-content\/uploads\/2021\/11\/cintillo-arrin-cual-1.jpg\" alt=\"\"  srcset=\"https:\/\/elmetropolitano.com.gt\/es\/wp-content\/uploads\/2021\/11\/cintillo-arrin-cual-1.jpg 750w, https:\/\/elmetropolitano.com.gt\/es\/wp-content\/uploads\/2021\/11\/cintillo-arrin-cual-1-300x36.jpg 300w, https:\/\/elmetropolitano.com.gt\/es\/wp-content\/uploads\/2021\/11\/cintillo-arrin-cual-1-600x72.jpg 600w\" sizes=\"(max-width: 750px) 100vw, 750px\" width=\"750\" height=\"90\"   \/><\/a><\/div><\/div>\n\n\n\n<p>El presidente y dirigentes de la Federaci\u00f3n destacaron que este ciclo no solo representa la apertura formal de la temporada, sino tambi\u00e9n la reafirmaci\u00f3n de un trabajo planificado orientado a la masificaci\u00f3n del deporte, la detecci\u00f3n de nuevos talentos y el fortalecimiento del alto rendimiento bajo est\u00e1ndares t\u00e9cnicos alineados con las normativas internacionales que rigen la disciplina.<\/p>\n\n\n\n<p>En el plano competitivo, la atleta chimalteca Jessica Merleny Cebella se adjudic\u00f3 el t\u00edtulo absoluto en la categor\u00eda Bikini, consolid\u00e1ndose como una de las principales figuras femeninas del certamen.<\/p>\n\n\n\n<p>En la rama masculina, Pablo Daniel Hern\u00e1ndez obtuvo el t\u00edtulo de Se\u00f1or Tec\u00fan Um\u00e1n en Fisicoculturismo, destacando por su condici\u00f3n f\u00edsica, simetr\u00eda y desarrollo muscular.<\/p>\n\n\n\n<p>Con este evento, la Federaci\u00f3n reafirma su compromiso institucional de promover competencias organizadas, transparentes y t\u00e9cnicamente estructuradas, fortaleciendo el crecimiento del fisicoculturismo en el interior del pa\u00eds y generando oportunidades para atletas emergentes.<\/p>\n\n\n\n<p>El inicio del ciclo competitivo marca as\u00ed el punto de partida de una temporada que busca elevar el nivel deportivo nacional, ampliar la participaci\u00f3n y consolidar a Guatemala como referente regional en la disciplina, mediante una gesti\u00f3n federativa orientada a resultados, orden administrativo y proyecci\u00f3n internacional.<\/p>\n\n\n\n<p><a href=\"https:\/\/www.facebook.com\/hashtag\/fedefisico?__eep__=6&amp;__cft__[0]=AZbBjXYPl7ZoMG4sRhubAaTWJR7JDkYrOIy63PvKCyCawm-yyBXpUHSCkK8NvS2N7C1gpIH0qD9lm1qLKzl2JpLxl6eDwzhMbpT1iqMzCZihvAcmyJsLxAB34iBFexd3JrF820oOOSO4EFc4_rbrBO5WGR_lv2uEbZTI8HM6B-8uUkM2__xwA1nC7X8eX1NY6tU&amp;__tn__=*NK-R\">#fedefisico<\/a><a href=\"https:\/\/www.facebook.com\/hashtag\/chimaltenango?__eep__=6&amp;__cft__[0]=AZbBjXYPl7ZoMG4sRhubAaTWJR7JDkYrOIy63PvKCyCawm-yyBXpUHSCkK8NvS2N7C1gpIH0qD9lm1qLKzl2JpLxl6eDwzhMbpT1iqMzCZihvAcmyJsLxAB34iBFexd3JrF820oOOSO4EFc4_rbrBO5WGR_lv2uEbZTI8HM6B-8uUkM2__xwA1nC7X8eX1NY6tU&amp;__tn__=*NK-R\">#Chimaltenango<\/a><a href=\"https:\/\/www.facebook.com\/hashtag\/guatemala?__eep__=6&amp;__cft__[0]=AZbBjXYPl7ZoMG4sRhubAaTWJR7JDkYrOIy63PvKCyCawm-yyBXpUHSCkK8NvS2N7C1gpIH0qD9lm1qLKzl2JpLxl6eDwzhMbpT1iqMzCZihvAcmyJsLxAB34iBFexd3JrF820oOOSO4EFc4_rbrBO5WGR_lv2uEbZTI8HM6B-8uUkM2__xwA1nC7X8eX1NY6tU&amp;__tn__=*NK-R\">#Guatemala<\/a><\/p>\n\n\n\n<figure class=\"wp-block-gallery has-nested-images columns-default is-cropped wp-block-gallery-1 is-layout-flex wp-block-gallery-is-layout-flex\">\n<figure class=\"wp-block-image size-large\"><img loading=\"lazy\" decoding=\"async\" width=\"682\" height=\"1024\" data-id=\"123161\" src=\"https:\/\/elmetropolitano.com.gt\/es\/wp-content\/uploads\/2026\/03\/645572022_1477348294391249_2890397967050716555_n-1-682x1024.jpg\" alt=\"\" class=\"wp-image-123161\" srcset=\"https:\/\/elmetropolitano.com.gt\/es\/wp-content\/uploads\/2026\/03\/645572022_1477348294391249_2890397967050716555_n-1-682x1024.jpg 682w, https:\/\/elmetropolitano.com.gt\/es\/wp-content\/uploads\/2026\/03\/645572022_1477348294391249_2890397967050716555_n-1-200x300.jpg 200w, https:\/\/elmetropolitano.com.gt\/es\/wp-content\/uploads\/2026\/03\/645572022_1477348294391249_2890397967050716555_n-1-768x1153.jpg 768w, https:\/\/elmetropolitano.com.gt\/es\/wp-content\/uploads\/2026\/03\/645572022_1477348294391249_2890397967050716555_n-1-1023x1536.jpg 1023w, https:\/\/elmetropolitano.com.gt\/es\/wp-content\/uploads\/2026\/03\/645572022_1477348294391249_2890397967050716555_n-1.jpg 1066w\" sizes=\"auto, (max-width: 682px) 100vw, 682px\" \/><\/figure>\n<\/figure>\n","protected":false},"excerpt":{"rendered":"<p>La Federaci\u00f3n Nacional de Fisicoculturismo de Guatemala dio inicio oficial a su ciclo anual de competencias con la realizaci\u00f3n del tradicional certamen Se\u00f1or Tec\u00fan Um\u00e1n, uno de los eventos con mayor arraigo hist\u00f3rico dentro del fisicoculturismo guatemalteco. La competencia se desarroll\u00f3 con la presencia de autoridades federativas, quienes respaldaron el arranque de un calendario competitivo <a class=\"read-more\" href=\"https:\/\/elmetropolitano.com.gt\/es\/chimalteca-y-capitalino-se-alzan-con-la-copa-tecun-uman-de-fisicoculturismo\/\">Leer m\u00e1s<\/a><\/p>\n","protected":false},"author":1,"featured_media":123160,"comment_status":"open","ping_status":"closed","sticky":false,"template":"","format":"standard","meta":{"footnotes":""},"categories":[43],"tags":[44],"class_list":["post-123159","post","type-post","status-publish","format-standard","has-post-thumbnail","hentry","category-deportes","tag-deportes"],"_links":{"self":[{"href":"https:\/\/elmetropolitano.com.gt\/es\/wp-json\/wp\/v2\/posts\/123159","targetHints":{"allow":["GET"]}}],"collection":[{"href":"https:\/\/elmetropolitano.com.gt\/es\/wp-json\/wp\/v2\/posts"}],"about":[{"href":"https:\/\/elmetropolitano.com.gt\/es\/wp-json\/wp\/v2\/types\/post"}],"author":[{"embeddable":true,"href":"https:\/\/elmetropolitano.com.gt\/es\/wp-json\/wp\/v2\/users\/1"}],"replies":[{"embeddable":true,"href":"https:\/\/elmetropolitano.com.gt\/es\/wp-json\/wp\/v2\/comments?post=123159"}],"version-history":[{"count":1,"href":"https:\/\/elmetropolitano.com.gt\/es\/wp-json\/wp\/v2\/posts\/123159\/revisions"}],"predecessor-version":[{"id":123162,"href":"https:\/\/elmetropolitano.com.gt\/es\/wp-json\/wp\/v2\/posts\/123159\/revisions\/123162"}],"wp:featuredmedia":[{"embeddable":true,"href":"https:\/\/elmetropolitano.com.gt\/es\/wp-json\/wp\/v2\/media\/123160"}],"wp:attachment":[{"href":"https:\/\/elmetropolitano.com.gt\/es\/wp-json\/wp\/v2\/media?parent=123159"}],"wp:term":[{"taxonomy":"category","embeddable":true,"href":"https:\/\/elmetropolitano.com.gt\/es\/wp-json\/wp\/v2\/categories?post=123159"},{"taxonomy":"post_tag","embeddable":true,"href":"https:\/\/elmetropolitano.com.gt\/es\/wp-json\/wp\/v2\/tags?post=123159"}],"curies":[{"name":"wp","href":"https:\/\/api.w.org\/{rel}","templated":true}]}}