{"id":123163,"date":"2026-03-02T11:29:10","date_gmt":"2026-03-02T17:29:10","guid":{"rendered":"https:\/\/elmetropolitano.com.gt\/es\/?p=123163"},"modified":"2026-03-02T11:29:13","modified_gmt":"2026-03-02T17:29:13","slug":"energia-y-minas-descarta-desabastecimiento-de-combustibles-pero-habla-de-ajustes-en-el-precio","status":"publish","type":"post","link":"https:\/\/elmetropolitano.com.gt\/es\/energia-y-minas-descarta-desabastecimiento-de-combustibles-pero-habla-de-ajustes-en-el-precio\/","title":{"rendered":"Energ\u00eda y Minas descarta desabastecimiento de Combustibles pero habla de ajustes en el precio"},"content":{"rendered":"\n<p>Ante la actual situaci\u00f3n geopol\u00edtica que se desarrolla en Ir\u00e1n, el Ministerio de Energ\u00eda y Minas MEM informa que nuestro pa\u00eds cuenta con suficiente abastecimiento de combustibles, por lo que no existe riesgo inmediato de desabastecimiento.<\/p>\n\n\n\n<p>Sin embargo, la coyuntura representa un riesgo, especialmente por la afectaci\u00f3n al tr\u00e1nsito mar\u00edtimo a trav\u00e9s del Estrecho de Ormuz, principal corredor para el suministro petrolero a nivel mundial.<\/p><div class=\"elmet-contenido\" id=\"elmet-3725616746\"><div class=\"elmet-adlabel\">Anuncios<\/div><div style=\"margin-top: 20px;margin-right: 20px;margin-bottom: 20px;margin-left: 20px;\" id=\"elmet-431986226\"><a href=\"https:\/\/www.facebook.com\/arrincuanantigua\/\" aria-label=\"cintillo-arrin-cual\"><img loading=\"lazy\" decoding=\"async\" src=\"https:\/\/elmetropolitano.com.gt\/es\/wp-content\/uploads\/2021\/11\/cintillo-arrin-cual-1.jpg\" alt=\"\"  srcset=\"https:\/\/elmetropolitano.com.gt\/es\/wp-content\/uploads\/2021\/11\/cintillo-arrin-cual-1.jpg 750w, https:\/\/elmetropolitano.com.gt\/es\/wp-content\/uploads\/2021\/11\/cintillo-arrin-cual-1-300x36.jpg 300w, https:\/\/elmetropolitano.com.gt\/es\/wp-content\/uploads\/2021\/11\/cintillo-arrin-cual-1-600x72.jpg 600w\" sizes=\"(max-width: 750px) 100vw, 750px\" width=\"750\" height=\"90\"   \/><\/a><\/div><\/div>\n\n\n\n<p>Considerando la posibilidad de que el conflicto internacional se prolongue o se intensifique, el MEM hace un llamado preventivo y responsable a la poblaci\u00f3n para utilizar de manera prudente el transporte: evitar viajes innecesarios, promover el uso compartido de veh\u00edculos y priorizar el transporte p\u00fablico. Estas medidas contribuyen a mitigar el impacto econ\u00f3mico de las familias.<\/p>\n\n\n\n<p>El MEM realizar\u00e1 la coordinaci\u00f3n interinstitucional con las organizaciones que preparan eventos p\u00fablicos para que estos reduzcan su afectaci\u00f3n al tr\u00e1nsito y eviten consumos innecesarios de derivados del petr\u00f3leo.<\/p>\n\n\n\n<p>La situaci\u00f3n geopol\u00edtica genera fuerte tensi\u00f3n en los mercados internacionales, provocando incrementos en los precios del petr\u00f3leo crudo y sus derivados, que ya se reflejan en las cotizaciones globales y, de manera inevitable, repercute en la econom\u00eda de los pa\u00edses importadores, incluido Guatemala.<\/p>\n\n\n\n<p>Alza a la vista<\/p>\n\n\n\n<p>El aumento de los precios internacionales afecta el mercado nacional de combustibles y podr\u00eda reflejarse en ajustes para el consumidor, con impacto directo en la econom\u00eda de las familias guatemaltecas.<\/p>\n\n\n\n<p>El Ministerio de Energ\u00eda y Minas se mantiene alerta, monitoreando de forma constante la<\/p>\n\n\n\n<p>evoluci\u00f3n de los mercados internacionales y mantendr\u00e1 informada a la poblaci\u00f3n sobre<\/p>\n\n\n\n<p>cualquier cambio relevante que afecte el suministro o los precios de los combustibles en el pa\u00eds.<\/p>\n\n\n\n<p><a href=\"https:\/\/www.facebook.com\/hashtag\/guerrairan?__eep__=6&amp;__cft__[0]=AZY8jw1AUFVkUl6w_uS-QNvMIF28a6TmZpfLL8ztYnHjJ3_hS-KIZOD_6Ak3cI4JCEMShTHJNsyEe1PO8O8eP_mn9c_TzngUvYfvhEXHxgQS93jH6ikDeR9a2tOqHeJNDMcuKnrFCyd2t1dkv-3Ipxo0&amp;__tn__=*NK-R\">#GuerraIran<\/a><a href=\"https:\/\/www.facebook.com\/hashtag\/petroleo?__eep__=6&amp;__cft__[0]=AZY8jw1AUFVkUl6w_uS-QNvMIF28a6TmZpfLL8ztYnHjJ3_hS-KIZOD_6Ak3cI4JCEMShTHJNsyEe1PO8O8eP_mn9c_TzngUvYfvhEXHxgQS93jH6ikDeR9a2tOqHeJNDMcuKnrFCyd2t1dkv-3Ipxo0&amp;__tn__=*NK-R\">#Petroleo<\/a><a href=\"https:\/\/www.facebook.com\/hashtag\/mem?__eep__=6&amp;__cft__[0]=AZY8jw1AUFVkUl6w_uS-QNvMIF28a6TmZpfLL8ztYnHjJ3_hS-KIZOD_6Ak3cI4JCEMShTHJNsyEe1PO8O8eP_mn9c_TzngUvYfvhEXHxgQS93jH6ikDeR9a2tOqHeJNDMcuKnrFCyd2t1dkv-3Ipxo0&amp;__tn__=*NK-R\">#MEM<\/a><a href=\"https:\/\/www.facebook.com\/hashtag\/metroredes?__eep__=6&amp;__cft__[0]=AZY8jw1AUFVkUl6w_uS-QNvMIF28a6TmZpfLL8ztYnHjJ3_hS-KIZOD_6Ak3cI4JCEMShTHJNsyEe1PO8O8eP_mn9c_TzngUvYfvhEXHxgQS93jH6ikDeR9a2tOqHeJNDMcuKnrFCyd2t1dkv-3Ipxo0&amp;__tn__=*NK-R\">#Metroredes<\/a><a href=\"https:\/\/www.facebook.com\/hashtag\/combustibles?__eep__=6&amp;__cft__[0]=AZY8jw1AUFVkUl6w_uS-QNvMIF28a6TmZpfLL8ztYnHjJ3_hS-KIZOD_6Ak3cI4JCEMShTHJNsyEe1PO8O8eP_mn9c_TzngUvYfvhEXHxgQS93jH6ikDeR9a2tOqHeJNDMcuKnrFCyd2t1dkv-3Ipxo0&amp;__tn__=*NK-R\">#Combustibles<\/a><a href=\"https:\/\/www.facebook.com\/hashtag\/alza?__eep__=6&amp;__cft__[0]=AZY8jw1AUFVkUl6w_uS-QNvMIF28a6TmZpfLL8ztYnHjJ3_hS-KIZOD_6Ak3cI4JCEMShTHJNsyEe1PO8O8eP_mn9c_TzngUvYfvhEXHxgQS93jH6ikDeR9a2tOqHeJNDMcuKnrFCyd2t1dkv-3Ipxo0&amp;__tn__=*NK-R\">#Alza<\/a> <a href=\"https:\/\/l.facebook.com\/l.php?u=http%3A%2F%2FWww.elmetropolitano.com.gt%2F%3Ffbclid%3DIwZXh0bgNhZW0CMTAAYnJpZBExYlF1Z1gxNlpFN3Y2bkpITnNydGMGYXBwX2lkEDIyMjAzOTE3ODgyMDA4OTIAAR5IHXoifImsPQAl0zeTBiQWBWZMKUj-pKyL7GPjM1c1IjjFWAfeCdmelEzGRg_aem_L3aXYR3SYwrTiMWOnMbQ6A&amp;h=AT5nYbs1xpfij0azrl5qG_4ulTuD_yAbBFvcbcz4LNxLTwLQH5YRl9m4SAv_uR3I2XWapWNiLx2JuIiGwQ-kcBWbWwsKRhphB9bbB3epwtG6JikNQeOBkPgdha1pZEy7VSDkuyIClOP69lov&amp;__tn__=-UK-R&amp;c[0]=AT6dDL9zZH8dhHJAEisuRud45RvHI0zz0kao01cz5ra-1z4Wi9NaYhcWaciJI9GVzXwCEqF6nl_bxGTS4LFz4hP459-Xl6Vk0GWJou9dsg6lmdqvsfdxNxfiwP-WXpyOGgT8zxooxxLYz8NNrj9Xu8imPrHYHkSUOgtrsA0Drg\" target=\"_blank\" rel=\"noreferrer noopener\">Www.elmetropolitano.com.gt<\/a><\/p>\n","protected":false},"excerpt":{"rendered":"<p>Ante la actual situaci\u00f3n geopol\u00edtica que se desarrolla en Ir\u00e1n, el Ministerio de Energ\u00eda y Minas MEM informa que nuestro pa\u00eds cuenta con suficiente abastecimiento de combustibles, por lo que no existe riesgo inmediato de desabastecimiento. Sin embargo, la coyuntura representa un riesgo, especialmente por la afectaci\u00f3n al tr\u00e1nsito mar\u00edtimo a trav\u00e9s del Estrecho de <a class=\"read-more\" href=\"https:\/\/elmetropolitano.com.gt\/es\/energia-y-minas-descarta-desabastecimiento-de-combustibles-pero-habla-de-ajustes-en-el-precio\/\">Leer m\u00e1s<\/a><\/p>\n","protected":false},"author":1,"featured_media":123164,"comment_status":"open","ping_status":"closed","sticky":false,"template":"","format":"standard","meta":{"footnotes":""},"categories":[2],"tags":[12],"class_list":["post-123163","post","type-post","status-publish","format-standard","has-post-thumbnail","hentry","category-nacionales","tag-nacionales"],"_links":{"self":[{"href":"https:\/\/elmetropolitano.com.gt\/es\/wp-json\/wp\/v2\/posts\/123163","targetHints":{"allow":["GET"]}}],"collection":[{"href":"https:\/\/elmetropolitano.com.gt\/es\/wp-json\/wp\/v2\/posts"}],"about":[{"href":"https:\/\/elmetropolitano.com.gt\/es\/wp-json\/wp\/v2\/types\/post"}],"author":[{"embeddable":true,"href":"https:\/\/elmetropolitano.com.gt\/es\/wp-json\/wp\/v2\/users\/1"}],"replies":[{"embeddable":true,"href":"https:\/\/elmetropolitano.com.gt\/es\/wp-json\/wp\/v2\/comments?post=123163"}],"version-history":[{"count":1,"href":"https:\/\/elmetropolitano.com.gt\/es\/wp-json\/wp\/v2\/posts\/123163\/revisions"}],"predecessor-version":[{"id":123165,"href":"https:\/\/elmetropolitano.com.gt\/es\/wp-json\/wp\/v2\/posts\/123163\/revisions\/123165"}],"wp:featuredmedia":[{"embeddable":true,"href":"https:\/\/elmetropolitano.com.gt\/es\/wp-json\/wp\/v2\/media\/123164"}],"wp:attachment":[{"href":"https:\/\/elmetropolitano.com.gt\/es\/wp-json\/wp\/v2\/media?parent=123163"}],"wp:term":[{"taxonomy":"category","embeddable":true,"href":"https:\/\/elmetropolitano.com.gt\/es\/wp-json\/wp\/v2\/categories?post=123163"},{"taxonomy":"post_tag","embeddable":true,"href":"https:\/\/elmetropolitano.com.gt\/es\/wp-json\/wp\/v2\/tags?post=123163"}],"curies":[{"name":"wp","href":"https:\/\/api.w.org\/{rel}","templated":true}]}}