{"id":123180,"date":"2026-03-02T19:35:41","date_gmt":"2026-03-03T01:35:41","guid":{"rendered":"https:\/\/elmetropolitano.com.gt\/es\/?p=123180"},"modified":"2026-03-02T19:35:43","modified_gmt":"2026-03-03T01:35:43","slug":"gobierno-descarta-escasez-de-combustibles-en-guatemala","status":"publish","type":"post","link":"https:\/\/elmetropolitano.com.gt\/es\/gobierno-descarta-escasez-de-combustibles-en-guatemala\/","title":{"rendered":"Gobierno descarta escasez de combustibles en Guatemala"},"content":{"rendered":"\n<p>Durante la conferencia de prensa en el Palacio Nacional de la Cultura, el presidente Bernardo Ar\u00e9valo resalt\u00f3 que el pa\u00eds cuenta con abastecimiento de combustibles.<\/p>\n\n\n\n<p>Durante la Ronda, el gobernante destac\u00f3:<\/p><div class=\"elmet-contenido\" id=\"elmet-2663138416\"><div class=\"elmet-adlabel\">Anuncios<\/div><div style=\"margin-top: 20px;margin-right: 20px;margin-bottom: 20px;margin-left: 20px;\" id=\"elmet-992181152\"><a href=\"https:\/\/www.facebook.com\/arrincuanantigua\/\" aria-label=\"cintillo-arrin-cual\"><img loading=\"lazy\" decoding=\"async\" src=\"https:\/\/elmetropolitano.com.gt\/es\/wp-content\/uploads\/2021\/11\/cintillo-arrin-cual-1.jpg\" alt=\"\"  srcset=\"https:\/\/elmetropolitano.com.gt\/es\/wp-content\/uploads\/2021\/11\/cintillo-arrin-cual-1.jpg 750w, https:\/\/elmetropolitano.com.gt\/es\/wp-content\/uploads\/2021\/11\/cintillo-arrin-cual-1-300x36.jpg 300w, https:\/\/elmetropolitano.com.gt\/es\/wp-content\/uploads\/2021\/11\/cintillo-arrin-cual-1-600x72.jpg 600w\" sizes=\"(max-width: 750px) 100vw, 750px\" width=\"750\" height=\"90\"   \/><\/a><\/div><\/div>\n\n\n\n<p>En este momento, hay abastecimiento de petr\u00f3leo a nivel nacional o internacional, no se est\u00e1 previendo que haya a corto plazo ning\u00fan tipo de alteraci\u00f3n en el precio significativo en los precios de los energ\u00e9ticos.<\/p>\n\n\n\n<p>El mandatario resalt\u00f3 que esperan que este conflicto en el Medio Oriente, que podr\u00eda afectar la producci\u00f3n y tr\u00e1nsito de combustibles, termine lo antes posible. A lo que sum\u00f3 que esperan que se restablezcan las condiciones de paz y se evite la afectaci\u00f3n en los precios del petr\u00f3leo.<\/p>\n\n\n\n<p>Acciones del MEM<\/p>\n\n\n\n<p>Ante la actual situaci\u00f3n geopol\u00edtica que se desarrolla en Medio Oriente, especialmente en Ir\u00e1n, el Ministerio de Energ\u00eda y Minas (MEM) inform\u00f3 que nuestro pa\u00eds cuenta con suficiente abastecimiento de combustibles, por lo que no existe riesgo inmediato de desabastecimiento.<\/p>\n\n\n\n<p>Sin embargo, la coyuntura representa un riesgo, especialmente por la afectaci\u00f3n al tr\u00e1nsito mar\u00edtimo a trav\u00e9s del estrecho de Ormuz, principal corredor para el suministro petrolero a nivel mundial.<\/p>\n\n\n\n<p>Considerando la posibilidad de que el conflicto internacional se prolongue o se intensifique, el MEM hace un llamado preventivo y responsable a la poblaci\u00f3n para utilizar de manera prudente el transporte. Entre las medidas a considerar, indic\u00f3:<\/p>\n\n\n\n<p>Evitar viajes innecesarios<\/p>\n\n\n\n<p>promover el uso compartido de veh\u00edculos y priorizar el transporte p\u00fablico<\/p>\n\n\n\n<p>Estas medidas contribuyen a mitigar el impacto econ\u00f3mico de las familias. Adem\u00e1s, el MEM realizar\u00e1 la coordinaci\u00f3n interinstitucional con las organizaciones que preparan eventos p\u00fablicos para que reduzcan su afectaci\u00f3n al tr\u00e1nsito y eviten consumos innecesarios de derivados del petr\u00f3leo.<\/p>\n\n\n\n<p>Mercado internacional<\/p>\n\n\n\n<p>El aumento de los precios internacionales afecta el mercado nacional de combustibles y podr\u00eda reflejarse en ajustes de los precios al consumidor.<\/p>\n\n\n\n<p>El MEM refiri\u00f3 que se mantiene alerta, monitoreando de forma constante la evoluci\u00f3n de los mercados internacionales. Y mantendr\u00e1 informada a la poblaci\u00f3n sobre cualquier cambio relevante que afecte el suministro o los precios de los combustibles en el pa\u00eds.<\/p>\n\n\n\n<p>Texto Branda Larios<\/p>\n\n\n\n<p>#Gasolina #Precios #Ar\u00e9valo #metroredes <a href=\"http:\/\/www.elmetropolitano.com.gt\">www.elmetropolitano.com.gt<\/a> <a href=\"http:\/\/www.metroredes.com\">www.metroredes.com<\/a> <a href=\"http:\/\/www.elescuintleco.com\">www.elescuintleco.com<\/a><\/p>\n\n\n\n<figure class=\"wp-block-gallery has-nested-images columns-default is-cropped wp-block-gallery-1 is-layout-flex wp-block-gallery-is-layout-flex\">\n<figure class=\"wp-block-image size-large\"><img loading=\"lazy\" decoding=\"async\" width=\"819\" height=\"1024\" data-id=\"123183\" src=\"https:\/\/elmetropolitano.com.gt\/es\/wp-content\/uploads\/2026\/03\/1-819x1024.jpg\" alt=\"\" class=\"wp-image-123183\" srcset=\"https:\/\/elmetropolitano.com.gt\/es\/wp-content\/uploads\/2026\/03\/1-819x1024.jpg 819w, https:\/\/elmetropolitano.com.gt\/es\/wp-content\/uploads\/2026\/03\/1-240x300.jpg 240w, https:\/\/elmetropolitano.com.gt\/es\/wp-content\/uploads\/2026\/03\/1-768x960.jpg 768w, https:\/\/elmetropolitano.com.gt\/es\/wp-content\/uploads\/2026\/03\/1-1228x1536.jpg 1228w, https:\/\/elmetropolitano.com.gt\/es\/wp-content\/uploads\/2026\/03\/1-1638x2048.jpg 1638w, https:\/\/elmetropolitano.com.gt\/es\/wp-content\/uploads\/2026\/03\/1.jpg 2047w\" sizes=\"auto, (max-width: 819px) 100vw, 819px\" \/><\/figure>\n\n\n\n<figure class=\"wp-block-image size-large\"><img loading=\"lazy\" decoding=\"async\" width=\"819\" height=\"1024\" data-id=\"123184\" src=\"https:\/\/elmetropolitano.com.gt\/es\/wp-content\/uploads\/2026\/03\/2-819x1024.jpg\" alt=\"\" class=\"wp-image-123184\" srcset=\"https:\/\/elmetropolitano.com.gt\/es\/wp-content\/uploads\/2026\/03\/2-819x1024.jpg 819w, https:\/\/elmetropolitano.com.gt\/es\/wp-content\/uploads\/2026\/03\/2-240x300.jpg 240w, https:\/\/elmetropolitano.com.gt\/es\/wp-content\/uploads\/2026\/03\/2-768x960.jpg 768w, https:\/\/elmetropolitano.com.gt\/es\/wp-content\/uploads\/2026\/03\/2-1228x1536.jpg 1228w, https:\/\/elmetropolitano.com.gt\/es\/wp-content\/uploads\/2026\/03\/2-1638x2048.jpg 1638w, https:\/\/elmetropolitano.com.gt\/es\/wp-content\/uploads\/2026\/03\/2.jpg 2047w\" sizes=\"auto, (max-width: 819px) 100vw, 819px\" \/><\/figure>\n\n\n\n<figure class=\"wp-block-image size-large\"><img loading=\"lazy\" decoding=\"async\" width=\"819\" height=\"1024\" data-id=\"123185\" src=\"https:\/\/elmetropolitano.com.gt\/es\/wp-content\/uploads\/2026\/03\/3-819x1024.jpg\" alt=\"\" class=\"wp-image-123185\" srcset=\"https:\/\/elmetropolitano.com.gt\/es\/wp-content\/uploads\/2026\/03\/3-819x1024.jpg 819w, https:\/\/elmetropolitano.com.gt\/es\/wp-content\/uploads\/2026\/03\/3-240x300.jpg 240w, https:\/\/elmetropolitano.com.gt\/es\/wp-content\/uploads\/2026\/03\/3-768x960.jpg 768w, https:\/\/elmetropolitano.com.gt\/es\/wp-content\/uploads\/2026\/03\/3-1228x1536.jpg 1228w, https:\/\/elmetropolitano.com.gt\/es\/wp-content\/uploads\/2026\/03\/3-1638x2048.jpg 1638w, https:\/\/elmetropolitano.com.gt\/es\/wp-content\/uploads\/2026\/03\/3.jpg 2047w\" sizes=\"auto, (max-width: 819px) 100vw, 819px\" \/><\/figure>\n\n\n\n<figure class=\"wp-block-image size-large\"><img loading=\"lazy\" decoding=\"async\" width=\"2047\" height=\"2560\" data-id=\"123182\" src=\"https:\/\/elmetropolitano.com.gt\/es\/wp-content\/uploads\/2026\/03\/4-819x1024.jpg\" alt=\"\" class=\"wp-image-123182\" srcset=\"https:\/\/elmetropolitano.com.gt\/es\/wp-content\/uploads\/2026\/03\/4-819x1024.jpg 819w, https:\/\/elmetropolitano.com.gt\/es\/wp-content\/uploads\/2026\/03\/4-240x300.jpg 240w, https:\/\/elmetropolitano.com.gt\/es\/wp-content\/uploads\/2026\/03\/4-768x960.jpg 768w, https:\/\/elmetropolitano.com.gt\/es\/wp-content\/uploads\/2026\/03\/4-1228x1536.jpg 1228w, https:\/\/elmetropolitano.com.gt\/es\/wp-content\/uploads\/2026\/03\/4-1638x2048.jpg 1638w, https:\/\/elmetropolitano.com.gt\/es\/wp-content\/uploads\/2026\/03\/4.jpg 2047w\" sizes=\"auto, (max-width: 2047px) 100vw, 2047px\" \/><\/figure>\n<\/figure>\n","protected":false},"excerpt":{"rendered":"<p>Durante la conferencia de prensa en el Palacio Nacional de la Cultura, el presidente Bernardo Ar\u00e9valo resalt\u00f3 que el pa\u00eds cuenta con abastecimiento de combustibles. Durante la Ronda, el gobernante destac\u00f3: En este momento, hay abastecimiento de petr\u00f3leo a nivel nacional o internacional, no se est\u00e1 previendo que haya a corto plazo ning\u00fan tipo de <a class=\"read-more\" href=\"https:\/\/elmetropolitano.com.gt\/es\/gobierno-descarta-escasez-de-combustibles-en-guatemala\/\">Leer m\u00e1s<\/a><\/p>\n","protected":false},"author":1,"featured_media":123181,"comment_status":"open","ping_status":"closed","sticky":false,"template":"","format":"standard","meta":{"footnotes":""},"categories":[2],"tags":[12],"class_list":["post-123180","post","type-post","status-publish","format-standard","has-post-thumbnail","hentry","category-nacionales","tag-nacionales"],"_links":{"self":[{"href":"https:\/\/elmetropolitano.com.gt\/es\/wp-json\/wp\/v2\/posts\/123180","targetHints":{"allow":["GET"]}}],"collection":[{"href":"https:\/\/elmetropolitano.com.gt\/es\/wp-json\/wp\/v2\/posts"}],"about":[{"href":"https:\/\/elmetropolitano.com.gt\/es\/wp-json\/wp\/v2\/types\/post"}],"author":[{"embeddable":true,"href":"https:\/\/elmetropolitano.com.gt\/es\/wp-json\/wp\/v2\/users\/1"}],"replies":[{"embeddable":true,"href":"https:\/\/elmetropolitano.com.gt\/es\/wp-json\/wp\/v2\/comments?post=123180"}],"version-history":[{"count":1,"href":"https:\/\/elmetropolitano.com.gt\/es\/wp-json\/wp\/v2\/posts\/123180\/revisions"}],"predecessor-version":[{"id":123186,"href":"https:\/\/elmetropolitano.com.gt\/es\/wp-json\/wp\/v2\/posts\/123180\/revisions\/123186"}],"wp:featuredmedia":[{"embeddable":true,"href":"https:\/\/elmetropolitano.com.gt\/es\/wp-json\/wp\/v2\/media\/123181"}],"wp:attachment":[{"href":"https:\/\/elmetropolitano.com.gt\/es\/wp-json\/wp\/v2\/media?parent=123180"}],"wp:term":[{"taxonomy":"category","embeddable":true,"href":"https:\/\/elmetropolitano.com.gt\/es\/wp-json\/wp\/v2\/categories?post=123180"},{"taxonomy":"post_tag","embeddable":true,"href":"https:\/\/elmetropolitano.com.gt\/es\/wp-json\/wp\/v2\/tags?post=123180"}],"curies":[{"name":"wp","href":"https:\/\/api.w.org\/{rel}","templated":true}]}}