{"id":123187,"date":"2026-03-02T19:40:34","date_gmt":"2026-03-03T01:40:34","guid":{"rendered":"https:\/\/elmetropolitano.com.gt\/es\/?p=123187"},"modified":"2026-03-02T19:40:36","modified_gmt":"2026-03-03T01:40:36","slug":"la-luna-de-sangre-sera-visible-en-guatemala","status":"publish","type":"post","link":"https:\/\/elmetropolitano.com.gt\/es\/la-luna-de-sangre-sera-visible-en-guatemala\/","title":{"rendered":"La luna de sangre ser\u00e1 visible en Guatemala"},"content":{"rendered":"\n<p>Durante el mes de marzo, el cielo guatemalteco ofrecer\u00e1 una serie de fen\u00f3menos astron\u00f3micos que podr\u00e1n ser apreciados por la poblaci\u00f3n, convirti\u00e9ndose en una oportunidad para acercarse a la ciencia y a la observaci\u00f3n de los cuerpos celestes. Entre los eventos m\u00e1s destacados se encuentran un eclipse lunar total o luna de sangre, que es uno de los mayores atractivos para los observadores; el equinoccio de primavera y varios acercamientos entre la Luna y distintos planetas, los cuales podr\u00e1n observarse en horarios accesibles si las condiciones clim\u00e1ticas lo permiten.<\/p>\n\n\n\n<p>La luna de sangre sobre Guatemala<\/p><div class=\"elmet-contenido\" id=\"elmet-1728834147\"><div class=\"elmet-adlabel\">Anuncios<\/div><div style=\"margin-top: 20px;margin-right: 20px;margin-bottom: 20px;margin-left: 20px;\" id=\"elmet-217912278\"><a href=\"https:\/\/www.facebook.com\/arrincuanantigua\/\" aria-label=\"cintillo-arrin-cual\"><img loading=\"lazy\" decoding=\"async\" src=\"https:\/\/elmetropolitano.com.gt\/es\/wp-content\/uploads\/2021\/11\/cintillo-arrin-cual-1.jpg\" alt=\"\"  srcset=\"https:\/\/elmetropolitano.com.gt\/es\/wp-content\/uploads\/2021\/11\/cintillo-arrin-cual-1.jpg 750w, https:\/\/elmetropolitano.com.gt\/es\/wp-content\/uploads\/2021\/11\/cintillo-arrin-cual-1-300x36.jpg 300w, https:\/\/elmetropolitano.com.gt\/es\/wp-content\/uploads\/2021\/11\/cintillo-arrin-cual-1-600x72.jpg 600w\" sizes=\"(max-width: 750px) 100vw, 750px\" width=\"750\" height=\"90\"   \/><\/a><\/div><\/div>\n\n\n\n<p>Seg\u00fan informaci\u00f3n del Instituto Nacional de Sismolog\u00eda, Vulcanolog\u00eda, Meteorolog\u00eda e Hidrolog\u00eda (Insivumeh), en la madrugada del 3 de marzo se podr\u00e1 observar en Guatemala un eclipse lunar total, fen\u00f3meno que ocurre cuando el Sol, la Tierra y la Luna se alinean en ese orden, permitiendo que la sombra terrestre cubra completamente al sat\u00e9lite natural. Durante esta fase, la Luna adquiere un tono rojizo conocido como luna de sangre.<\/p>\n\n\n\n<p>Seg\u00fan informaci\u00f3n de la NASA, en el pa\u00eds no ser\u00e1 visible la fase final completa del eclipse, ya que la Luna se ocultar\u00e1 antes de que concluya el evento. Los horarios aproximados ser\u00e1n:<\/p>\n\n\n\n<p>inicio a las 2:44 horas<\/p>\n\n\n\n<p>totalidad a las 5:04<\/p>\n\n\n\n<p>final a las 6:03<\/p>\n\n\n\n<p>ocultamiento a las 6:21 horas<\/p>\n\n\n\n<p>Este fen\u00f3meno representa una oportunidad \u00fanica para la observaci\u00f3n astron\u00f3mica sin necesidad de instrumentos especializados, ya que puede apreciarse a simple vista, siempre que el cielo est\u00e9 despejado y haya poca contaminaci\u00f3n lum\u00ednica.<\/p>\n\n\n\n<p>Adem\u00e1s de su valor cient\u00edfico, el eclipse despierta inter\u00e9s cultural y educativo, promoviendo el aprendizaje sobre los movimientos celestes y la relaci\u00f3n entre la Tierra, el Sol y la Luna.<\/p>\n\n\n\n<p>Equinoccio y otros eventos astron\u00f3micos del mes<\/p>\n\n\n\n<p>Asimismo, el 20 de marzo, a las 8:46 horas, ocurrir\u00e1 el equinoccio de primavera en el hemisferio norte. En este momento, el Sol se posiciona directamente sobre el ecuador terrestre, provocando que el d\u00eda y la noche tengan pr\u00e1cticamente la misma duraci\u00f3n, marcando as\u00ed el inicio de la primavera astron\u00f3mica.<\/p>\n\n\n\n<p>Durante marzo tambi\u00e9n podr\u00e1n apreciarse otros fen\u00f3menos, como el triple acercamiento aparente entre la Luna, Mercurio y Marte el 17 de marzo, visible entre las 5:25 y 5:45 horas hacia el este.<\/p>\n\n\n\n<p>Adem\u00e1s, la Luna se encontrar\u00e1 con J\u00fapiter el 6 de marzo, con Marte el 8 de marzo y con Saturno el d\u00eda 28.<\/p>\n\n\n\n<p>Algunas recomendaciones para ver los fen\u00f3menos<\/p>\n\n\n\n<p>Para una mejor experiencia, se recomienda buscar espacios con poca iluminaci\u00f3n artificial, consultar el pron\u00f3stico del clima y, si es posible, utilizar binoculares o telescopio. Sin embargo, la mayor\u00eda de estos eventos podr\u00e1n observarse a simple vista, permitiendo que m\u00e1s personas disfruten del espect\u00e1culo natural que ofrece el cielo guatemalteco.<\/p>\n\n\n\n<p>Con estos fen\u00f3menos, marzo de 2026 se perfila como un mes ideal para fomentar la observaci\u00f3n astron\u00f3mica, el inter\u00e9s cient\u00edfico y el contacto con la naturaleza, invitando a la poblaci\u00f3n a mirar hacia el cielo y descubrir sus maravillas.<\/p>\n\n\n\n<p>Texto Branda Larios<\/p>\n\n\n\n<p>#Lunadesangre #metroredes <a href=\"http:\/\/www.elmetropolitano.com.gt\">www.elmetropolitano.com.gt<\/a> <a href=\"http:\/\/www.metroredes.com\">www.metroredes.com<\/a> <a href=\"http:\/\/www.elescuintleco.com\">www.elescuintleco.com<\/a><\/p>\n","protected":false},"excerpt":{"rendered":"<p>Durante el mes de marzo, el cielo guatemalteco ofrecer\u00e1 una serie de fen\u00f3menos astron\u00f3micos que podr\u00e1n ser apreciados por la poblaci\u00f3n, convirti\u00e9ndose en una oportunidad para acercarse a la ciencia y a la observaci\u00f3n de los cuerpos celestes. Entre los eventos m\u00e1s destacados se encuentran un eclipse lunar total o luna de sangre, que es <a class=\"read-more\" href=\"https:\/\/elmetropolitano.com.gt\/es\/la-luna-de-sangre-sera-visible-en-guatemala\/\">Leer m\u00e1s<\/a><\/p>\n","protected":false},"author":1,"featured_media":123188,"comment_status":"open","ping_status":"closed","sticky":false,"template":"","format":"standard","meta":{"footnotes":""},"categories":[2],"tags":[12],"class_list":["post-123187","post","type-post","status-publish","format-standard","has-post-thumbnail","hentry","category-nacionales","tag-nacionales"],"_links":{"self":[{"href":"https:\/\/elmetropolitano.com.gt\/es\/wp-json\/wp\/v2\/posts\/123187","targetHints":{"allow":["GET"]}}],"collection":[{"href":"https:\/\/elmetropolitano.com.gt\/es\/wp-json\/wp\/v2\/posts"}],"about":[{"href":"https:\/\/elmetropolitano.com.gt\/es\/wp-json\/wp\/v2\/types\/post"}],"author":[{"embeddable":true,"href":"https:\/\/elmetropolitano.com.gt\/es\/wp-json\/wp\/v2\/users\/1"}],"replies":[{"embeddable":true,"href":"https:\/\/elmetropolitano.com.gt\/es\/wp-json\/wp\/v2\/comments?post=123187"}],"version-history":[{"count":1,"href":"https:\/\/elmetropolitano.com.gt\/es\/wp-json\/wp\/v2\/posts\/123187\/revisions"}],"predecessor-version":[{"id":123189,"href":"https:\/\/elmetropolitano.com.gt\/es\/wp-json\/wp\/v2\/posts\/123187\/revisions\/123189"}],"wp:featuredmedia":[{"embeddable":true,"href":"https:\/\/elmetropolitano.com.gt\/es\/wp-json\/wp\/v2\/media\/123188"}],"wp:attachment":[{"href":"https:\/\/elmetropolitano.com.gt\/es\/wp-json\/wp\/v2\/media?parent=123187"}],"wp:term":[{"taxonomy":"category","embeddable":true,"href":"https:\/\/elmetropolitano.com.gt\/es\/wp-json\/wp\/v2\/categories?post=123187"},{"taxonomy":"post_tag","embeddable":true,"href":"https:\/\/elmetropolitano.com.gt\/es\/wp-json\/wp\/v2\/tags?post=123187"}],"curies":[{"name":"wp","href":"https:\/\/api.w.org\/{rel}","templated":true}]}}