{"id":123190,"date":"2026-03-02T19:53:24","date_gmt":"2026-03-03T01:53:24","guid":{"rendered":"https:\/\/elmetropolitano.com.gt\/es\/?p=123190"},"modified":"2026-03-02T19:53:27","modified_gmt":"2026-03-03T01:53:27","slug":"otro-reves-legal-para-joviel-acevedo-y-maestros-deberan-pagar-las-sanciones-por-la-huelga-dice-cc","status":"publish","type":"post","link":"https:\/\/elmetropolitano.com.gt\/es\/otro-reves-legal-para-joviel-acevedo-y-maestros-deberan-pagar-las-sanciones-por-la-huelga-dice-cc\/","title":{"rendered":"Otro rev\u00e9s legal para Joviel Acevedo y maestros deber\u00e1n pagar las sanciones por la huelga dice CC"},"content":{"rendered":"\n<p>Las sanciones de 4 mil quetzales a los dirigentes del Sindicato de Trabajadoras y Trabajadores de la Educaci\u00f3n de Guatemala (STEG) quedaron en firme con una resoluci\u00f3n de la Corte de Constitucionalidad (CC).<\/p>\n\n\n\n<p>El Ministerio de Educaci\u00f3n (Mineduc) comparti\u00f3 que la alta Corte notific\u00f3 sobre la resoluci\u00f3n emitida por los magistrados, en la que declararon sin lugar un ocurso de queja interpuesto por un integrante del Comit\u00e9 Ejecutivo Nacional del STEG en busca de detener las sanciones.<\/p><div class=\"elmet-contenido\" id=\"elmet-2956192295\"><div class=\"elmet-adlabel\">Anuncios<\/div><div style=\"margin-top: 20px;margin-right: 20px;margin-bottom: 20px;margin-left: 20px;\" id=\"elmet-170458582\"><a href=\"https:\/\/www.facebook.com\/arrincuanantigua\/\" aria-label=\"cintillo-arrin-cual\"><img loading=\"lazy\" decoding=\"async\" src=\"https:\/\/elmetropolitano.com.gt\/es\/wp-content\/uploads\/2021\/11\/cintillo-arrin-cual-1.jpg\" alt=\"\"  srcset=\"https:\/\/elmetropolitano.com.gt\/es\/wp-content\/uploads\/2021\/11\/cintillo-arrin-cual-1.jpg 750w, https:\/\/elmetropolitano.com.gt\/es\/wp-content\/uploads\/2021\/11\/cintillo-arrin-cual-1-300x36.jpg 300w, https:\/\/elmetropolitano.com.gt\/es\/wp-content\/uploads\/2021\/11\/cintillo-arrin-cual-1-600x72.jpg 600w\" sizes=\"(max-width: 750px) 100vw, 750px\" width=\"750\" height=\"90\"   \/><\/a><\/div><\/div>\n\n\n\n<p>Con esta decisi\u00f3n queda en firme la multa, afirm\u00f3 la cartera de Educaci\u00f3n. Estas medidas econ\u00f3micas se colocaron luego del incumplimiento de un amparo que orden\u00f3 terminar con la asamblea permanente del movimiento sindical, en aras de retomar las actividades escolares a favor del estudiantado afectado.<\/p>\n\n\n\n<p>Ninguna medida de hecho puede anteponerse al derecho fundamental a la educaci\u00f3n de la ni\u00f1ez, adolescencia y juventud, mencion\u00f3 el Mineduc en su mensaje sobre la decisi\u00f3n de la CC.<\/p>\n\n\n\n<p>Agreg\u00f3 que este tipo de seguimientos legales sienta un precedente y reafirma la vitalidad de cumplir las decisiones de juzgados y tribunales constitucionales.<\/p>\n\n\n\n<p>Ahora, deber\u00e1n hacer efectivo ante la CC el pago de 4 mil quetzales, cada uno de los sancionados, refiri\u00f3 la Procuradur\u00eda General de la Naci\u00f3n al respecto.<\/p>\n\n\n\n<p>Durante el paro del STEG, las actividades escolares se vieron afectadas por 57 d\u00edas en el ciclo escolar 2025 en m\u00e1s de mil 500 escuelas. Por ello, se activaron procesos administrativos y sanciones contra varios de los participantes.<\/p>\n\n\n\n<p>Texto Daniel Coromac<\/p>\n\n\n\n<p>#Maestros #STEG #Mineduc #metroredes <a href=\"http:\/\/www.elmetropolitano.com.gt\">www.elmetropolitano.com.gt<\/a> <a href=\"http:\/\/www.metroredes.com\">www.metroredes.com<\/a> <a href=\"http:\/\/www.elescuintleco.com\">www.elescuintleco.com<\/a><\/p>\n","protected":false},"excerpt":{"rendered":"<p>Las sanciones de 4 mil quetzales a los dirigentes del Sindicato de Trabajadoras y Trabajadores de la Educaci\u00f3n de Guatemala (STEG) quedaron en firme con una resoluci\u00f3n de la Corte de Constitucionalidad (CC). El Ministerio de Educaci\u00f3n (Mineduc) comparti\u00f3 que la alta Corte notific\u00f3 sobre la resoluci\u00f3n emitida por los magistrados, en la que declararon <a class=\"read-more\" href=\"https:\/\/elmetropolitano.com.gt\/es\/otro-reves-legal-para-joviel-acevedo-y-maestros-deberan-pagar-las-sanciones-por-la-huelga-dice-cc\/\">Leer m\u00e1s<\/a><\/p>\n","protected":false},"author":1,"featured_media":123191,"comment_status":"open","ping_status":"closed","sticky":false,"template":"","format":"standard","meta":{"footnotes":""},"categories":[2],"tags":[12],"class_list":["post-123190","post","type-post","status-publish","format-standard","has-post-thumbnail","hentry","category-nacionales","tag-nacionales"],"_links":{"self":[{"href":"https:\/\/elmetropolitano.com.gt\/es\/wp-json\/wp\/v2\/posts\/123190","targetHints":{"allow":["GET"]}}],"collection":[{"href":"https:\/\/elmetropolitano.com.gt\/es\/wp-json\/wp\/v2\/posts"}],"about":[{"href":"https:\/\/elmetropolitano.com.gt\/es\/wp-json\/wp\/v2\/types\/post"}],"author":[{"embeddable":true,"href":"https:\/\/elmetropolitano.com.gt\/es\/wp-json\/wp\/v2\/users\/1"}],"replies":[{"embeddable":true,"href":"https:\/\/elmetropolitano.com.gt\/es\/wp-json\/wp\/v2\/comments?post=123190"}],"version-history":[{"count":1,"href":"https:\/\/elmetropolitano.com.gt\/es\/wp-json\/wp\/v2\/posts\/123190\/revisions"}],"predecessor-version":[{"id":123192,"href":"https:\/\/elmetropolitano.com.gt\/es\/wp-json\/wp\/v2\/posts\/123190\/revisions\/123192"}],"wp:featuredmedia":[{"embeddable":true,"href":"https:\/\/elmetropolitano.com.gt\/es\/wp-json\/wp\/v2\/media\/123191"}],"wp:attachment":[{"href":"https:\/\/elmetropolitano.com.gt\/es\/wp-json\/wp\/v2\/media?parent=123190"}],"wp:term":[{"taxonomy":"category","embeddable":true,"href":"https:\/\/elmetropolitano.com.gt\/es\/wp-json\/wp\/v2\/categories?post=123190"},{"taxonomy":"post_tag","embeddable":true,"href":"https:\/\/elmetropolitano.com.gt\/es\/wp-json\/wp\/v2\/tags?post=123190"}],"curies":[{"name":"wp","href":"https:\/\/api.w.org\/{rel}","templated":true}]}}