{"id":123195,"date":"2026-03-03T09:16:15","date_gmt":"2026-03-03T15:16:15","guid":{"rendered":"https:\/\/elmetropolitano.com.gt\/es\/?p=123195"},"modified":"2026-03-03T09:16:17","modified_gmt":"2026-03-03T15:16:17","slug":"alcance-en-la-defensa-de-los-derechos-de-los-usuarios-del-transporte-publico","status":"publish","type":"post","link":"https:\/\/elmetropolitano.com.gt\/es\/alcance-en-la-defensa-de-los-derechos-de-los-usuarios-del-transporte-publico\/","title":{"rendered":"Alcance en la defensa de los derechos de los usuarios del transporte p\u00fablico"},"content":{"rendered":"\n<p>En el debate p\u00fablico ha resurgido la discusi\u00f3n sobre el alcance y efectividad de la defensa de los derechos de los usuarios del transporte colectivo en Guatemala, particularmente en lo relacionado con la supervisi\u00f3n del servicio y la protecci\u00f3n de los pasajeros frente a posibles incumplimientos por parte de los operadores.<\/p>\n\n\n\n<p>Diversos sectores han se\u00f1alado que la labor del defensor de los derechos de los usuarios del transporte de la PDH , Edgar Guerra, ha estado marcada por reuniones con transportistas y acciones de mediaci\u00f3n; sin embargo, cuestionan si estas gestiones han sido suficientes para incidir en mejoras estructurales del servicio.<\/p><div class=\"elmet-contenido\" id=\"elmet-292848080\"><div class=\"elmet-adlabel\">Anuncios<\/div><div style=\"margin-top: 20px;margin-right: 20px;margin-bottom: 20px;margin-left: 20px;\" id=\"elmet-2913753166\"><a href=\"https:\/\/www.facebook.com\/arrincuanantigua\/\" aria-label=\"cintillo-arrin-cual\"><img loading=\"lazy\" decoding=\"async\" src=\"https:\/\/elmetropolitano.com.gt\/es\/wp-content\/uploads\/2021\/11\/cintillo-arrin-cual-1.jpg\" alt=\"\"  srcset=\"https:\/\/elmetropolitano.com.gt\/es\/wp-content\/uploads\/2021\/11\/cintillo-arrin-cual-1.jpg 750w, https:\/\/elmetropolitano.com.gt\/es\/wp-content\/uploads\/2021\/11\/cintillo-arrin-cual-1-300x36.jpg 300w, https:\/\/elmetropolitano.com.gt\/es\/wp-content\/uploads\/2021\/11\/cintillo-arrin-cual-1-600x72.jpg 600w\" sizes=\"(max-width: 750px) 100vw, 750px\" width=\"750\" height=\"90\"   \/><\/a><\/div><\/div>\n\n\n\n<p>En el Congreso llam\u00f3 la atenci\u00f3n que Edgar Guerra no se pronunci\u00f3 sobre la presi\u00f3n de los transportistas, de que no entrara en vigencia la colocaci\u00f3n de los reguladores de velocidad y con amenazas de paro nacional lo lograran este martes al darle por medio de una ley una pr\u00f3rroga de un a\u00f1o.<\/p>\n\n\n\n<p>Por su parte, la Direcci\u00f3n General de Transportes (DGT) mantiene operativos de verificaci\u00f3n en distintos puntos del pa\u00eds para supervisar que las unidades circulen conforme a la normativa vigente. No obstante, estos controles, realizados principalmente en horarios de madrugada y al finalizar la tarde, no cuentan con el acompa\u00f1amiento de la instancia encargada de la defensa de los usuarios, cuya actuaci\u00f3n se concentra mayoritariamente en horarios administrativos.<\/p>\n\n\n\n<p>El tema vuelve a poner sobre la mesa la necesidad de fortalecer los mecanismos de supervisi\u00f3n, coordinaci\u00f3n interinstitucional y vigilancia permanente, con el objetivo de garantizar un servicio de transporte m\u00e1s seguro, regulado y centrado en la protecci\u00f3n de quienes lo utilizan diariamente.<\/p>\n\n\n\n<p>Sin embargo, la participaci\u00f3n de la defensor\u00eda de los derechos de los usuarios del transporte de la PDH aunque es necesaria, no ha tenido participaci\u00f3n ni ha sido visible para ese segmento de la poblaci\u00f3n.<\/p>\n\n\n\n<p><a href=\"https:\/\/www.facebook.com\/hashtag\/transporte?__eep__=6&amp;__cft__[0]=AZbDIxwT9hnAC8hSiUB8aFZQyTPw4F8iJQ6WK51a5NGbpotHQGHmMaOEQSbWJ-08lGb6zNlPjZAyePfUC3tX1ebdsx6bt2dpR4gybH4T2HDs4r3Mjc0p3OYF8eIvv25zPzYhOZ2vgKUUmL_1ZDvHDbme02VEPDFiHC2LwmylxQfae_izu3ZdgKhwH13aGV-e8vU&amp;__tn__=*NK-R\">#Transporte<\/a><a href=\"https:\/\/www.facebook.com\/hashtag\/pdh?__eep__=6&amp;__cft__[0]=AZbDIxwT9hnAC8hSiUB8aFZQyTPw4F8iJQ6WK51a5NGbpotHQGHmMaOEQSbWJ-08lGb6zNlPjZAyePfUC3tX1ebdsx6bt2dpR4gybH4T2HDs4r3Mjc0p3OYF8eIvv25zPzYhOZ2vgKUUmL_1ZDvHDbme02VEPDFiHC2LwmylxQfae_izu3ZdgKhwH13aGV-e8vU&amp;__tn__=*NK-R\">#pdh<\/a><\/p>\n","protected":false},"excerpt":{"rendered":"<p>En el debate p\u00fablico ha resurgido la discusi\u00f3n sobre el alcance y efectividad de la defensa de los derechos de los usuarios del transporte colectivo en Guatemala, particularmente en lo relacionado con la supervisi\u00f3n del servicio y la protecci\u00f3n de los pasajeros frente a posibles incumplimientos por parte de los operadores. Diversos sectores han se\u00f1alado <a class=\"read-more\" href=\"https:\/\/elmetropolitano.com.gt\/es\/alcance-en-la-defensa-de-los-derechos-de-los-usuarios-del-transporte-publico\/\">Leer m\u00e1s<\/a><\/p>\n","protected":false},"author":1,"featured_media":123196,"comment_status":"open","ping_status":"closed","sticky":false,"template":"","format":"standard","meta":{"footnotes":""},"categories":[2],"tags":[12],"class_list":["post-123195","post","type-post","status-publish","format-standard","has-post-thumbnail","hentry","category-nacionales","tag-nacionales"],"_links":{"self":[{"href":"https:\/\/elmetropolitano.com.gt\/es\/wp-json\/wp\/v2\/posts\/123195","targetHints":{"allow":["GET"]}}],"collection":[{"href":"https:\/\/elmetropolitano.com.gt\/es\/wp-json\/wp\/v2\/posts"}],"about":[{"href":"https:\/\/elmetropolitano.com.gt\/es\/wp-json\/wp\/v2\/types\/post"}],"author":[{"embeddable":true,"href":"https:\/\/elmetropolitano.com.gt\/es\/wp-json\/wp\/v2\/users\/1"}],"replies":[{"embeddable":true,"href":"https:\/\/elmetropolitano.com.gt\/es\/wp-json\/wp\/v2\/comments?post=123195"}],"version-history":[{"count":1,"href":"https:\/\/elmetropolitano.com.gt\/es\/wp-json\/wp\/v2\/posts\/123195\/revisions"}],"predecessor-version":[{"id":123197,"href":"https:\/\/elmetropolitano.com.gt\/es\/wp-json\/wp\/v2\/posts\/123195\/revisions\/123197"}],"wp:featuredmedia":[{"embeddable":true,"href":"https:\/\/elmetropolitano.com.gt\/es\/wp-json\/wp\/v2\/media\/123196"}],"wp:attachment":[{"href":"https:\/\/elmetropolitano.com.gt\/es\/wp-json\/wp\/v2\/media?parent=123195"}],"wp:term":[{"taxonomy":"category","embeddable":true,"href":"https:\/\/elmetropolitano.com.gt\/es\/wp-json\/wp\/v2\/categories?post=123195"},{"taxonomy":"post_tag","embeddable":true,"href":"https:\/\/elmetropolitano.com.gt\/es\/wp-json\/wp\/v2\/tags?post=123195"}],"curies":[{"name":"wp","href":"https:\/\/api.w.org\/{rel}","templated":true}]}}