{"id":123198,"date":"2026-03-03T09:41:26","date_gmt":"2026-03-03T15:41:26","guid":{"rendered":"https:\/\/elmetropolitano.com.gt\/es\/?p=123198"},"modified":"2026-03-03T09:41:29","modified_gmt":"2026-03-03T15:41:29","slug":"citacion-necesaria-o-show-de-diputados-de-vos","status":"publish","type":"post","link":"https:\/\/elmetropolitano.com.gt\/es\/citacion-necesaria-o-show-de-diputados-de-vos\/","title":{"rendered":"Citaci\u00f3n necesaria o Show de diputados de VOS"},"content":{"rendered":"\n<p>La bancada de diputados del Partido VOS ha citado este martes a autoridades del Ministerio de Comunicaciones para tratar el tema de Reductores de Velocidad.<\/p>\n\n\n\n<p>La pregunta es si es una citaci\u00f3n necesaria o puro show de los diputados del Partido VOS, cuando se tiene programado conocer en el pleno una iniciativa de ley para dar una pr\u00f3rroga de un a\u00f1o y evitar que el transporte en general realice un paro a nivel nacional<\/p><div class=\"elmet-contenido\" id=\"elmet-271485507\"><div class=\"elmet-adlabel\">Anuncios<\/div><div style=\"margin-top: 20px;margin-right: 20px;margin-bottom: 20px;margin-left: 20px;\" id=\"elmet-1466736360\"><a href=\"https:\/\/www.facebook.com\/arrincuanantigua\/\" aria-label=\"cintillo-arrin-cual\"><img loading=\"lazy\" decoding=\"async\" src=\"https:\/\/elmetropolitano.com.gt\/es\/wp-content\/uploads\/2021\/11\/cintillo-arrin-cual-1.jpg\" alt=\"\"  srcset=\"https:\/\/elmetropolitano.com.gt\/es\/wp-content\/uploads\/2021\/11\/cintillo-arrin-cual-1.jpg 750w, https:\/\/elmetropolitano.com.gt\/es\/wp-content\/uploads\/2021\/11\/cintillo-arrin-cual-1-300x36.jpg 300w, https:\/\/elmetropolitano.com.gt\/es\/wp-content\/uploads\/2021\/11\/cintillo-arrin-cual-1-600x72.jpg 600w\" sizes=\"(max-width: 750px) 100vw, 750px\" width=\"750\" height=\"90\"   \/><\/a><\/div><\/div>\n\n\n\n<p>Los diputados de VOS con esta citaci\u00f3n deber\u00edan de estar m\u00e1s informados de lo que pasa en el Congreso de la Rep\u00fablica, porque para eso es que ganan mensualmente Q66 mil quetzales<\/p>\n\n\n\n<p><a href=\"https:\/\/www.facebook.com\/hashtag\/partidovos?__eep__=6&amp;__cft__[0]=AZZTZ3UfmaZ3Y1CODEl6J9r_zrGzWUkvNId6o3-CVRQh3-olPQsBREbR2XOT18xV30cONT0YHJfAN3SNI2-pGCXlJt2VKPV_Rh25RaW1i9L2RjDe_vvISE6s092Y9zQ2TweBo5sVzPlIuwgkr0b3rhhq&amp;__tn__=*NK-R\">#partidoVOS<\/a><a href=\"https:\/\/www.facebook.com\/hashtag\/transporte?__eep__=6&amp;__cft__[0]=AZZTZ3UfmaZ3Y1CODEl6J9r_zrGzWUkvNId6o3-CVRQh3-olPQsBREbR2XOT18xV30cONT0YHJfAN3SNI2-pGCXlJt2VKPV_Rh25RaW1i9L2RjDe_vvISE6s092Y9zQ2TweBo5sVzPlIuwgkr0b3rhhq&amp;__tn__=*NK-R\">#transporte<\/a><a href=\"https:\/\/www.facebook.com\/hashtag\/congresogt?__eep__=6&amp;__cft__[0]=AZZTZ3UfmaZ3Y1CODEl6J9r_zrGzWUkvNId6o3-CVRQh3-olPQsBREbR2XOT18xV30cONT0YHJfAN3SNI2-pGCXlJt2VKPV_Rh25RaW1i9L2RjDe_vvISE6s092Y9zQ2TweBo5sVzPlIuwgkr0b3rhhq&amp;__tn__=*NK-R\">#CongresoGT<\/a><\/p>\n\n\n\n<figure class=\"wp-block-gallery has-nested-images columns-default is-cropped wp-block-gallery-1 is-layout-flex wp-block-gallery-is-layout-flex\">\n<figure class=\"wp-block-image size-large\"><img loading=\"lazy\" decoding=\"async\" width=\"1024\" height=\"1024\" data-id=\"123200\" src=\"https:\/\/elmetropolitano.com.gt\/es\/wp-content\/uploads\/2026\/03\/645963142_1477798161012929_8701459004573299802_n-1-1024x1024.jpg\" alt=\"\" class=\"wp-image-123200\" srcset=\"https:\/\/elmetropolitano.com.gt\/es\/wp-content\/uploads\/2026\/03\/645963142_1477798161012929_8701459004573299802_n-1-1024x1024.jpg 1024w, https:\/\/elmetropolitano.com.gt\/es\/wp-content\/uploads\/2026\/03\/645963142_1477798161012929_8701459004573299802_n-1-300x300.jpg 300w, https:\/\/elmetropolitano.com.gt\/es\/wp-content\/uploads\/2026\/03\/645963142_1477798161012929_8701459004573299802_n-1-150x150.jpg 150w, https:\/\/elmetropolitano.com.gt\/es\/wp-content\/uploads\/2026\/03\/645963142_1477798161012929_8701459004573299802_n-1-768x768.jpg 768w, https:\/\/elmetropolitano.com.gt\/es\/wp-content\/uploads\/2026\/03\/645963142_1477798161012929_8701459004573299802_n-1.jpg 1080w\" sizes=\"auto, (max-width: 1024px) 100vw, 1024px\" \/><\/figure>\n<\/figure>\n","protected":false},"excerpt":{"rendered":"<p>La bancada de diputados del Partido VOS ha citado este martes a autoridades del Ministerio de Comunicaciones para tratar el tema de Reductores de Velocidad. La pregunta es si es una citaci\u00f3n necesaria o puro show de los diputados del Partido VOS, cuando se tiene programado conocer en el pleno una iniciativa de ley para <a class=\"read-more\" href=\"https:\/\/elmetropolitano.com.gt\/es\/citacion-necesaria-o-show-de-diputados-de-vos\/\">Leer m\u00e1s<\/a><\/p>\n","protected":false},"author":1,"featured_media":123199,"comment_status":"open","ping_status":"closed","sticky":false,"template":"","format":"standard","meta":{"footnotes":""},"categories":[2],"tags":[12],"class_list":["post-123198","post","type-post","status-publish","format-standard","has-post-thumbnail","hentry","category-nacionales","tag-nacionales"],"_links":{"self":[{"href":"https:\/\/elmetropolitano.com.gt\/es\/wp-json\/wp\/v2\/posts\/123198","targetHints":{"allow":["GET"]}}],"collection":[{"href":"https:\/\/elmetropolitano.com.gt\/es\/wp-json\/wp\/v2\/posts"}],"about":[{"href":"https:\/\/elmetropolitano.com.gt\/es\/wp-json\/wp\/v2\/types\/post"}],"author":[{"embeddable":true,"href":"https:\/\/elmetropolitano.com.gt\/es\/wp-json\/wp\/v2\/users\/1"}],"replies":[{"embeddable":true,"href":"https:\/\/elmetropolitano.com.gt\/es\/wp-json\/wp\/v2\/comments?post=123198"}],"version-history":[{"count":1,"href":"https:\/\/elmetropolitano.com.gt\/es\/wp-json\/wp\/v2\/posts\/123198\/revisions"}],"predecessor-version":[{"id":123201,"href":"https:\/\/elmetropolitano.com.gt\/es\/wp-json\/wp\/v2\/posts\/123198\/revisions\/123201"}],"wp:featuredmedia":[{"embeddable":true,"href":"https:\/\/elmetropolitano.com.gt\/es\/wp-json\/wp\/v2\/media\/123199"}],"wp:attachment":[{"href":"https:\/\/elmetropolitano.com.gt\/es\/wp-json\/wp\/v2\/media?parent=123198"}],"wp:term":[{"taxonomy":"category","embeddable":true,"href":"https:\/\/elmetropolitano.com.gt\/es\/wp-json\/wp\/v2\/categories?post=123198"},{"taxonomy":"post_tag","embeddable":true,"href":"https:\/\/elmetropolitano.com.gt\/es\/wp-json\/wp\/v2\/tags?post=123198"}],"curies":[{"name":"wp","href":"https:\/\/api.w.org\/{rel}","templated":true}]}}