{"id":123202,"date":"2026-03-03T09:44:00","date_gmt":"2026-03-03T15:44:00","guid":{"rendered":"https:\/\/elmetropolitano.com.gt\/es\/?p=123202"},"modified":"2026-03-03T09:44:02","modified_gmt":"2026-03-03T15:44:02","slug":"precio-del-petroleo-se-dispara-este-martes-en-medio-de-la-crisis-de-oriente-medio","status":"publish","type":"post","link":"https:\/\/elmetropolitano.com.gt\/es\/precio-del-petroleo-se-dispara-este-martes-en-medio-de-la-crisis-de-oriente-medio\/","title":{"rendered":"Precio del petr\u00f3leo se dispara este martes en medio de la crisis de Oriente Medio"},"content":{"rendered":"\n<p>Los precios del petr\u00f3leo registraron un fuerte incremento este martes, impulsados por la escalada del conflicto que enfrenta a Estados Unidos e Israel contra Ir\u00e1n en Oriente Medio y que amenaza de forma creciente la infraestructura energ\u00e9tica regional.<\/p>\n\n\n\n<p>Los futuros del crudo Brent, de referencia internacional, subieron m\u00e1s de un 9 %, cotizando por encima de los 85 d\u00f3lares por barril en la apertura de los mercados.<\/p><div class=\"elmet-contenido\" id=\"elmet-2040739456\"><div class=\"elmet-adlabel\">Anuncios<\/div><div style=\"margin-top: 20px;margin-right: 20px;margin-bottom: 20px;margin-left: 20px;\" id=\"elmet-2434923883\"><a href=\"https:\/\/www.facebook.com\/arrincuanantigua\/\" aria-label=\"cintillo-arrin-cual\"><img loading=\"lazy\" decoding=\"async\" src=\"https:\/\/elmetropolitano.com.gt\/es\/wp-content\/uploads\/2021\/11\/cintillo-arrin-cual-1.jpg\" alt=\"\"  srcset=\"https:\/\/elmetropolitano.com.gt\/es\/wp-content\/uploads\/2021\/11\/cintillo-arrin-cual-1.jpg 750w, https:\/\/elmetropolitano.com.gt\/es\/wp-content\/uploads\/2021\/11\/cintillo-arrin-cual-1-300x36.jpg 300w, https:\/\/elmetropolitano.com.gt\/es\/wp-content\/uploads\/2021\/11\/cintillo-arrin-cual-1-600x72.jpg 600w\" sizes=\"(max-width: 750px) 100vw, 750px\" width=\"750\" height=\"90\"   \/><\/a><\/div><\/div>\n\n\n\n<p>Paralelamente, los futuros del West Texas Intermediate (WTI), el crudo estadounidense, se incrementaron alrededor de un 7 %, situ\u00e1ndose en torno a los 77 d\u00f3lares por barril.<\/p>\n\n\n\n<p>El Brent alcanz\u00f3 niveles no vistos desde enero de 2025, mientras que el WTI toc\u00f3 m\u00e1ximos similares a los registrados durante el conflicto entre Israel e Ir\u00e1n del a\u00f1o pasado.<\/p>\n\n\n\n<p>Esta subida se produce en el contexto de la agresi\u00f3n lanzada por Estados Unidos e Israel contra Ir\u00e1n, que empez\u00f3 el pasado s\u00e1bado, a la que Teher\u00e1n ha respondido con misiles contra activos militares estadounidenses e infraestructura en Estados del Golfo como Bar\u00e9in, Catar, Arabia Saudita y Emiratos \u00c1rabes Unidos.<\/p>\n\n\n\n<p>El aumento es consecuencia tambi\u00e9n del hecho de que la crisis ha impactado el tr\u00e1fico mar\u00edtimo en el estrat\u00e9gico estrecho de Ormuz, un corredor vital por el que pasa cerca de una quinta parte del suministro mundial de petr\u00f3leo, y cuyo tr\u00e1nsito ha sido detenido, generando presi\u00f3n sobre los mercados globales de energ\u00eda.<\/p>\n\n\n\n<p>Crisis energ\u00e9tica en Europa<\/p>\n\n\n\n<p>El conflicto tambi\u00e9n ha afectado el costo de la energ\u00eda en el continente europeo, donde los precios del gas en la bolsa europea superaron por primera vez desde enero de 2023 los 700 d\u00f3lares por 1.000 metros c\u00fabicos, tras un aumento este martes del 31,8 %. Mientras, en el Reino Unido los precios subieron un 93 % en una semana y tocaron m\u00e1ximos en m\u00e1s de tres a\u00f1os.<\/p>\n\n\n\n<p>Los riesgos se ven agravados por los niveles relativamente bajos de almacenamiento de gas de la UE, actualmente por debajo del 31 %, en comparaci\u00f3n con el 40 % en el mismo per\u00edodo del a\u00f1o pasado.<\/p>\n\n\n\n<p>Israel y Estados Unidos lanzaron en la madrugada del s\u00e1bado 28 de febrero un ataque conjunto contra Ir\u00e1n, con el objetivo declarado de \u00abeliminar las amenazas\u00bb de la Rep\u00fablica Isl\u00e1mica.<\/p>\n\n\n\n<p>Los bombardeos se cobraron la vida del l\u00edder supremo de Ir\u00e1n, el ayatol\u00e1 Al\u00ed Jamene\u00ed, y de al menos cuatro altos cargos militares del pa\u00eds.<\/p>\n\n\n\n<p>En respuesta, Teher\u00e1n lanz\u00f3 varias oleadas de misiles bal\u00edsticos hacia Israel, as\u00ed como contra bases estadounidenses situadas en pa\u00edses de Oriente Medio.<\/p>\n\n\n\n<p>El estrecho de Ormuz, la verdadera &#8216;arma&#8217; de Ir\u00e1n<\/p>\n\n\n\n<p>Fuentes RT en Espa\u00f1ol<\/p>\n\n\n\n<p><a href=\"https:\/\/www.facebook.com\/hashtag\/guerrairan?__eep__=6&amp;__cft__[0]=AZYPI7NVLYQU642M8kkIEt6dQrDwoq5AjJK6FtV_igI_u-TVQYqq9KNSA_aoOhxqe_BeUWh10iGKIs3fmhGcVlcQs6fnxfXAVNGDTFTazV0TVgBF4uebrhNqS3mxvSSQTqVevng4dQH938tCjEilERZW-GgMC1bODEk8anC-Hr98Us-X6YlDHgYxQfNT5I-x88g&amp;__tn__=*NK-R\">#GuerraIran<\/a><a href=\"https:\/\/www.facebook.com\/hashtag\/orientemedio?__eep__=6&amp;__cft__[0]=AZYPI7NVLYQU642M8kkIEt6dQrDwoq5AjJK6FtV_igI_u-TVQYqq9KNSA_aoOhxqe_BeUWh10iGKIs3fmhGcVlcQs6fnxfXAVNGDTFTazV0TVgBF4uebrhNqS3mxvSSQTqVevng4dQH938tCjEilERZW-GgMC1bODEk8anC-Hr98Us-X6YlDHgYxQfNT5I-x88g&amp;__tn__=*NK-R\">#OrienteMedio<\/a><\/p>\n","protected":false},"excerpt":{"rendered":"<p>Los precios del petr\u00f3leo registraron un fuerte incremento este martes, impulsados por la escalada del conflicto que enfrenta a Estados Unidos e Israel contra Ir\u00e1n en Oriente Medio y que amenaza de forma creciente la infraestructura energ\u00e9tica regional. Los futuros del crudo Brent, de referencia internacional, subieron m\u00e1s de un 9 %, cotizando por encima <a class=\"read-more\" href=\"https:\/\/elmetropolitano.com.gt\/es\/precio-del-petroleo-se-dispara-este-martes-en-medio-de-la-crisis-de-oriente-medio\/\">Leer m\u00e1s<\/a><\/p>\n","protected":false},"author":1,"featured_media":123203,"comment_status":"open","ping_status":"closed","sticky":false,"template":"","format":"standard","meta":{"footnotes":""},"categories":[14],"tags":[15],"class_list":["post-123202","post","type-post","status-publish","format-standard","has-post-thumbnail","hentry","category-internacionales","tag-internacionales"],"_links":{"self":[{"href":"https:\/\/elmetropolitano.com.gt\/es\/wp-json\/wp\/v2\/posts\/123202","targetHints":{"allow":["GET"]}}],"collection":[{"href":"https:\/\/elmetropolitano.com.gt\/es\/wp-json\/wp\/v2\/posts"}],"about":[{"href":"https:\/\/elmetropolitano.com.gt\/es\/wp-json\/wp\/v2\/types\/post"}],"author":[{"embeddable":true,"href":"https:\/\/elmetropolitano.com.gt\/es\/wp-json\/wp\/v2\/users\/1"}],"replies":[{"embeddable":true,"href":"https:\/\/elmetropolitano.com.gt\/es\/wp-json\/wp\/v2\/comments?post=123202"}],"version-history":[{"count":1,"href":"https:\/\/elmetropolitano.com.gt\/es\/wp-json\/wp\/v2\/posts\/123202\/revisions"}],"predecessor-version":[{"id":123204,"href":"https:\/\/elmetropolitano.com.gt\/es\/wp-json\/wp\/v2\/posts\/123202\/revisions\/123204"}],"wp:featuredmedia":[{"embeddable":true,"href":"https:\/\/elmetropolitano.com.gt\/es\/wp-json\/wp\/v2\/media\/123203"}],"wp:attachment":[{"href":"https:\/\/elmetropolitano.com.gt\/es\/wp-json\/wp\/v2\/media?parent=123202"}],"wp:term":[{"taxonomy":"category","embeddable":true,"href":"https:\/\/elmetropolitano.com.gt\/es\/wp-json\/wp\/v2\/categories?post=123202"},{"taxonomy":"post_tag","embeddable":true,"href":"https:\/\/elmetropolitano.com.gt\/es\/wp-json\/wp\/v2\/tags?post=123202"}],"curies":[{"name":"wp","href":"https:\/\/api.w.org\/{rel}","templated":true}]}}