{"id":123277,"date":"2026-03-04T13:11:05","date_gmt":"2026-03-04T19:11:05","guid":{"rendered":"https:\/\/elmetropolitano.com.gt\/es\/?p=123277"},"modified":"2026-03-04T13:11:07","modified_gmt":"2026-03-04T19:11:07","slug":"autoridades-desarrollan-requisa-focalizada-en-un-sector-de-la-carcel-de-pavon","status":"publish","type":"post","link":"https:\/\/elmetropolitano.com.gt\/es\/autoridades-desarrollan-requisa-focalizada-en-un-sector-de-la-carcel-de-pavon\/","title":{"rendered":"Autoridades desarrollan requisa focalizada en un sector de la c\u00e1rcel de Pav\u00f3n"},"content":{"rendered":"\n<p>Como parte de las acciones por el estado de prevenci\u00f3n que se oficializ\u00f3 este mi\u00e9rcoles y en cumplimiento de los Acuerdos Gubernativos 40-2000 y 285-2012 contin\u00faan las acciones contundentes para combatir el crimen organizado desde las c\u00e1rceles.<\/p>\n\n\n\n<p>Desde las primeras horas de este 4 de marzo, el Ej\u00e9rcito de Guatemala, en apoyo a guardias del Sistema Penitenciario (SP) y agentes de la Polic\u00eda Nacional Civil (PNC) desarrollan una requisa focalizada en la Granja Penal de Rehabilitaci\u00f3n Pav\u00f3n, en Fraijanes, Guatemala.<\/p><div class=\"elmet-contenido\" id=\"elmet-2483016117\"><div class=\"elmet-adlabel\">Anuncios<\/div><div style=\"margin-top: 20px;margin-right: 20px;margin-bottom: 20px;margin-left: 20px;\" id=\"elmet-1554026543\"><a href=\"https:\/\/www.facebook.com\/arrincuanantigua\/\" aria-label=\"cintillo-arrin-cual\"><img loading=\"lazy\" decoding=\"async\" src=\"https:\/\/elmetropolitano.com.gt\/es\/wp-content\/uploads\/2021\/11\/cintillo-arrin-cual-1.jpg\" alt=\"\"  srcset=\"https:\/\/elmetropolitano.com.gt\/es\/wp-content\/uploads\/2021\/11\/cintillo-arrin-cual-1.jpg 750w, https:\/\/elmetropolitano.com.gt\/es\/wp-content\/uploads\/2021\/11\/cintillo-arrin-cual-1-300x36.jpg 300w, https:\/\/elmetropolitano.com.gt\/es\/wp-content\/uploads\/2021\/11\/cintillo-arrin-cual-1-600x72.jpg 600w\" sizes=\"(max-width: 750px) 100vw, 750px\" width=\"750\" height=\"90\"   \/><\/a><\/div><\/div>\n\n\n\n<p>El objetivo de fortalecer el control, la seguridad, prevenir actividades il\u00edcitas y reforzar los protocolos de seguridad de referido centro.<\/p>\n\n\n\n<p>Estas son acciones que la Direcci\u00f3n General del Sistema Penitenciario, el Ministerio de Gobernaci\u00f3n (Mingob) y el Ministerio de la Defensa (Mindef) ejecutan con el fin de recuperar el orden en las c\u00e1rceles al incautar objetos prohibidos que los reclusos puedan utilizar para cometer otros delitos dentro y fuera del centro penitenciario.<\/p>\n\n\n\n<p>Estas acciones reflejan el compromiso del Ej\u00e9rcito de Guatemala y de las fuerzas de seguridad civil con el respeto al marco legal vigente, la transparencia institucional y la protecci\u00f3n de la poblaci\u00f3n.<\/p>\n\n\n\n<p>Texto Mariana L\u00f3pez<\/p>\n\n\n\n<p>#requisapavon #PNC #Ej\u00e9rcito #metroredes <a href=\"http:\/\/www.elmetropolitano.com.gt\">www.elmetropolitano.com.gt<\/a> <a href=\"http:\/\/www.metroredes.com\">www.metroredes.com<\/a> <a href=\"http:\/\/www.elescuintleco.com\">www.elescuintleco.com<\/a><\/p>\n","protected":false},"excerpt":{"rendered":"<p>Como parte de las acciones por el estado de prevenci\u00f3n que se oficializ\u00f3 este mi\u00e9rcoles y en cumplimiento de los Acuerdos Gubernativos 40-2000 y 285-2012 contin\u00faan las acciones contundentes para combatir el crimen organizado desde las c\u00e1rceles. Desde las primeras horas de este 4 de marzo, el Ej\u00e9rcito de Guatemala, en apoyo a guardias del <a class=\"read-more\" href=\"https:\/\/elmetropolitano.com.gt\/es\/autoridades-desarrollan-requisa-focalizada-en-un-sector-de-la-carcel-de-pavon\/\">Leer m\u00e1s<\/a><\/p>\n","protected":false},"author":1,"featured_media":123278,"comment_status":"open","ping_status":"closed","sticky":false,"template":"","format":"standard","meta":{"footnotes":""},"categories":[2],"tags":[12],"class_list":["post-123277","post","type-post","status-publish","format-standard","has-post-thumbnail","hentry","category-nacionales","tag-nacionales"],"_links":{"self":[{"href":"https:\/\/elmetropolitano.com.gt\/es\/wp-json\/wp\/v2\/posts\/123277","targetHints":{"allow":["GET"]}}],"collection":[{"href":"https:\/\/elmetropolitano.com.gt\/es\/wp-json\/wp\/v2\/posts"}],"about":[{"href":"https:\/\/elmetropolitano.com.gt\/es\/wp-json\/wp\/v2\/types\/post"}],"author":[{"embeddable":true,"href":"https:\/\/elmetropolitano.com.gt\/es\/wp-json\/wp\/v2\/users\/1"}],"replies":[{"embeddable":true,"href":"https:\/\/elmetropolitano.com.gt\/es\/wp-json\/wp\/v2\/comments?post=123277"}],"version-history":[{"count":1,"href":"https:\/\/elmetropolitano.com.gt\/es\/wp-json\/wp\/v2\/posts\/123277\/revisions"}],"predecessor-version":[{"id":123279,"href":"https:\/\/elmetropolitano.com.gt\/es\/wp-json\/wp\/v2\/posts\/123277\/revisions\/123279"}],"wp:featuredmedia":[{"embeddable":true,"href":"https:\/\/elmetropolitano.com.gt\/es\/wp-json\/wp\/v2\/media\/123278"}],"wp:attachment":[{"href":"https:\/\/elmetropolitano.com.gt\/es\/wp-json\/wp\/v2\/media?parent=123277"}],"wp:term":[{"taxonomy":"category","embeddable":true,"href":"https:\/\/elmetropolitano.com.gt\/es\/wp-json\/wp\/v2\/categories?post=123277"},{"taxonomy":"post_tag","embeddable":true,"href":"https:\/\/elmetropolitano.com.gt\/es\/wp-json\/wp\/v2\/tags?post=123277"}],"curies":[{"name":"wp","href":"https:\/\/api.w.org\/{rel}","templated":true}]}}