{"id":123296,"date":"2026-03-05T08:18:49","date_gmt":"2026-03-05T14:18:49","guid":{"rendered":"https:\/\/elmetropolitano.com.gt\/es\/?p=123296"},"modified":"2026-03-05T08:18:51","modified_gmt":"2026-03-05T14:18:51","slug":"diputada-guardado-interviene-para-agilizar-proyecto-vial-en-la-gomera","status":"publish","type":"post","link":"https:\/\/elmetropolitano.com.gt\/es\/diputada-guardado-interviene-para-agilizar-proyecto-vial-en-la-gomera\/","title":{"rendered":"Diputada Guardado interviene para agilizar proyecto vial en La Gomera"},"content":{"rendered":"\n<p>Para intermediar por mejoras las calles de la Gomera, Escuintla, la diputada Cristabel Guardado del Partido Valor, se reuni\u00f3 con Antonio Erazo, director ejecutivo del Fondo Social de Solidaridad (FSS) para dar seguimiento al proyecto vial \u201cMejoramiento de la 1ra y 2da Calle, 3ra y 12va Avenida de Aldea Nuevo Texcuaco, La Gomera, Escuintla<\/p>\n\n\n\n<p>Este proyecto vial ya cuenta con opini\u00f3n t\u00e9cnica aprobada y se encuentra en fase de ejecuci\u00f3n dentro del sistema de inversi\u00f3n p\u00fablica.<\/p><div class=\"elmet-contenido\" id=\"elmet-1666347857\"><div class=\"elmet-adlabel\">Anuncios<\/div><div style=\"margin-top: 20px;margin-right: 20px;margin-bottom: 20px;margin-left: 20px;\" id=\"elmet-451729222\"><a href=\"https:\/\/www.facebook.com\/arrincuanantigua\/\" aria-label=\"cintillo-arrin-cual\"><img loading=\"lazy\" decoding=\"async\" src=\"https:\/\/elmetropolitano.com.gt\/es\/wp-content\/uploads\/2021\/11\/cintillo-arrin-cual-1.jpg\" alt=\"\"  srcset=\"https:\/\/elmetropolitano.com.gt\/es\/wp-content\/uploads\/2021\/11\/cintillo-arrin-cual-1.jpg 750w, https:\/\/elmetropolitano.com.gt\/es\/wp-content\/uploads\/2021\/11\/cintillo-arrin-cual-1-300x36.jpg 300w, https:\/\/elmetropolitano.com.gt\/es\/wp-content\/uploads\/2021\/11\/cintillo-arrin-cual-1-600x72.jpg 600w\" sizes=\"(max-width: 750px) 100vw, 750px\" width=\"750\" height=\"90\"   \/><\/a><\/div><\/div>\n\n\n\n<p>El proyecto contempla una inversi\u00f3n superior a Q10.5 millones que permitir\u00e1 transformar la movilidad y las condiciones de vida de los vecinos de Aldea Nuevo Texcuaco.<\/p>\n\n\n\n<p>Al concluir la legisladora, asegur\u00f3 que dar\u00e1 seguimiento a dicho proyecto tanto en lo t\u00e9cnico como financiero, con el objetivo de asegurar su ejecuci\u00f3n, que favorecer\u00e1 a las familias de la Gomera y lugares aleda\u00f1os.<\/p>\n\n\n\n<figure class=\"wp-block-gallery has-nested-images columns-default is-cropped wp-block-gallery-1 is-layout-flex wp-block-gallery-is-layout-flex\">\n<figure class=\"wp-block-image size-large\"><img loading=\"lazy\" decoding=\"async\" width=\"682\" height=\"1024\" data-id=\"123299\" src=\"https:\/\/elmetropolitano.com.gt\/es\/wp-content\/uploads\/2026\/03\/644944935_1479382447521167_8478099659405786527_n-1-682x1024.jpg\" alt=\"\" class=\"wp-image-123299\" srcset=\"https:\/\/elmetropolitano.com.gt\/es\/wp-content\/uploads\/2026\/03\/644944935_1479382447521167_8478099659405786527_n-1-682x1024.jpg 682w, https:\/\/elmetropolitano.com.gt\/es\/wp-content\/uploads\/2026\/03\/644944935_1479382447521167_8478099659405786527_n-1-200x300.jpg 200w, https:\/\/elmetropolitano.com.gt\/es\/wp-content\/uploads\/2026\/03\/644944935_1479382447521167_8478099659405786527_n-1-768x1152.jpg 768w, https:\/\/elmetropolitano.com.gt\/es\/wp-content\/uploads\/2026\/03\/644944935_1479382447521167_8478099659405786527_n-1.jpg 853w\" sizes=\"auto, (max-width: 682px) 100vw, 682px\" \/><\/figure>\n\n\n\n<figure class=\"wp-block-image size-large\"><img loading=\"lazy\" decoding=\"async\" width=\"1024\" height=\"682\" data-id=\"123298\" src=\"https:\/\/elmetropolitano.com.gt\/es\/wp-content\/uploads\/2026\/03\/646376687_1479382557521156_7828682099479777680_n-1024x682.jpg\" alt=\"\" class=\"wp-image-123298\" srcset=\"https:\/\/elmetropolitano.com.gt\/es\/wp-content\/uploads\/2026\/03\/646376687_1479382557521156_7828682099479777680_n-1024x682.jpg 1024w, https:\/\/elmetropolitano.com.gt\/es\/wp-content\/uploads\/2026\/03\/646376687_1479382557521156_7828682099479777680_n-300x200.jpg 300w, https:\/\/elmetropolitano.com.gt\/es\/wp-content\/uploads\/2026\/03\/646376687_1479382557521156_7828682099479777680_n-768x512.jpg 768w, https:\/\/elmetropolitano.com.gt\/es\/wp-content\/uploads\/2026\/03\/646376687_1479382557521156_7828682099479777680_n.jpg 1280w\" sizes=\"auto, (max-width: 1024px) 100vw, 1024px\" \/><\/figure>\n\n\n\n<figure class=\"wp-block-image size-large\"><img loading=\"lazy\" decoding=\"async\" width=\"1024\" height=\"682\" data-id=\"123300\" src=\"https:\/\/elmetropolitano.com.gt\/es\/wp-content\/uploads\/2026\/03\/646399988_1479382544187824_6117968574282774163_n-1024x682.jpg\" alt=\"\" class=\"wp-image-123300\" srcset=\"https:\/\/elmetropolitano.com.gt\/es\/wp-content\/uploads\/2026\/03\/646399988_1479382544187824_6117968574282774163_n-1024x682.jpg 1024w, https:\/\/elmetropolitano.com.gt\/es\/wp-content\/uploads\/2026\/03\/646399988_1479382544187824_6117968574282774163_n-300x200.jpg 300w, https:\/\/elmetropolitano.com.gt\/es\/wp-content\/uploads\/2026\/03\/646399988_1479382544187824_6117968574282774163_n-768x512.jpg 768w, https:\/\/elmetropolitano.com.gt\/es\/wp-content\/uploads\/2026\/03\/646399988_1479382544187824_6117968574282774163_n.jpg 1280w\" sizes=\"auto, (max-width: 1024px) 100vw, 1024px\" \/><\/figure>\n\n\n\n<figure class=\"wp-block-image size-large\"><img loading=\"lazy\" decoding=\"async\" width=\"1024\" height=\"682\" data-id=\"123301\" src=\"https:\/\/elmetropolitano.com.gt\/es\/wp-content\/uploads\/2026\/03\/646411579_1479382570854488_1438725025250844750_n-1024x682.jpg\" alt=\"\" class=\"wp-image-123301\" srcset=\"https:\/\/elmetropolitano.com.gt\/es\/wp-content\/uploads\/2026\/03\/646411579_1479382570854488_1438725025250844750_n-1024x682.jpg 1024w, https:\/\/elmetropolitano.com.gt\/es\/wp-content\/uploads\/2026\/03\/646411579_1479382570854488_1438725025250844750_n-300x200.jpg 300w, https:\/\/elmetropolitano.com.gt\/es\/wp-content\/uploads\/2026\/03\/646411579_1479382570854488_1438725025250844750_n-768x512.jpg 768w, https:\/\/elmetropolitano.com.gt\/es\/wp-content\/uploads\/2026\/03\/646411579_1479382570854488_1438725025250844750_n.jpg 1280w\" sizes=\"auto, (max-width: 1024px) 100vw, 1024px\" \/><\/figure>\n\n\n\n<figure class=\"wp-block-image size-large\"><img loading=\"lazy\" decoding=\"async\" width=\"1024\" height=\"682\" data-id=\"123302\" src=\"https:\/\/elmetropolitano.com.gt\/es\/wp-content\/uploads\/2026\/03\/647002853_1479382454187833_4838832122584518362_n-1024x682.jpg\" alt=\"\" class=\"wp-image-123302\" srcset=\"https:\/\/elmetropolitano.com.gt\/es\/wp-content\/uploads\/2026\/03\/647002853_1479382454187833_4838832122584518362_n-1024x682.jpg 1024w, https:\/\/elmetropolitano.com.gt\/es\/wp-content\/uploads\/2026\/03\/647002853_1479382454187833_4838832122584518362_n-300x200.jpg 300w, https:\/\/elmetropolitano.com.gt\/es\/wp-content\/uploads\/2026\/03\/647002853_1479382454187833_4838832122584518362_n-768x512.jpg 768w, https:\/\/elmetropolitano.com.gt\/es\/wp-content\/uploads\/2026\/03\/647002853_1479382454187833_4838832122584518362_n.jpg 1280w\" sizes=\"auto, (max-width: 1024px) 100vw, 1024px\" \/><\/figure>\n<\/figure>\n","protected":false},"excerpt":{"rendered":"<p>Para intermediar por mejoras las calles de la Gomera, Escuintla, la diputada Cristabel Guardado del Partido Valor, se reuni\u00f3 con Antonio Erazo, director ejecutivo del Fondo Social de Solidaridad (FSS) para dar seguimiento al proyecto vial \u201cMejoramiento de la 1ra y 2da Calle, 3ra y 12va Avenida de Aldea Nuevo Texcuaco, La Gomera, Escuintla Este <a class=\"read-more\" href=\"https:\/\/elmetropolitano.com.gt\/es\/diputada-guardado-interviene-para-agilizar-proyecto-vial-en-la-gomera\/\">Leer m\u00e1s<\/a><\/p>\n","protected":false},"author":1,"featured_media":123297,"comment_status":"open","ping_status":"closed","sticky":false,"template":"","format":"standard","meta":{"footnotes":""},"categories":[2],"tags":[12],"class_list":["post-123296","post","type-post","status-publish","format-standard","has-post-thumbnail","hentry","category-nacionales","tag-nacionales"],"_links":{"self":[{"href":"https:\/\/elmetropolitano.com.gt\/es\/wp-json\/wp\/v2\/posts\/123296","targetHints":{"allow":["GET"]}}],"collection":[{"href":"https:\/\/elmetropolitano.com.gt\/es\/wp-json\/wp\/v2\/posts"}],"about":[{"href":"https:\/\/elmetropolitano.com.gt\/es\/wp-json\/wp\/v2\/types\/post"}],"author":[{"embeddable":true,"href":"https:\/\/elmetropolitano.com.gt\/es\/wp-json\/wp\/v2\/users\/1"}],"replies":[{"embeddable":true,"href":"https:\/\/elmetropolitano.com.gt\/es\/wp-json\/wp\/v2\/comments?post=123296"}],"version-history":[{"count":1,"href":"https:\/\/elmetropolitano.com.gt\/es\/wp-json\/wp\/v2\/posts\/123296\/revisions"}],"predecessor-version":[{"id":123303,"href":"https:\/\/elmetropolitano.com.gt\/es\/wp-json\/wp\/v2\/posts\/123296\/revisions\/123303"}],"wp:featuredmedia":[{"embeddable":true,"href":"https:\/\/elmetropolitano.com.gt\/es\/wp-json\/wp\/v2\/media\/123297"}],"wp:attachment":[{"href":"https:\/\/elmetropolitano.com.gt\/es\/wp-json\/wp\/v2\/media?parent=123296"}],"wp:term":[{"taxonomy":"category","embeddable":true,"href":"https:\/\/elmetropolitano.com.gt\/es\/wp-json\/wp\/v2\/categories?post=123296"},{"taxonomy":"post_tag","embeddable":true,"href":"https:\/\/elmetropolitano.com.gt\/es\/wp-json\/wp\/v2\/tags?post=123296"}],"curies":[{"name":"wp","href":"https:\/\/api.w.org\/{rel}","templated":true}]}}