{"id":123312,"date":"2026-03-05T08:26:48","date_gmt":"2026-03-05T14:26:48","guid":{"rendered":"https:\/\/elmetropolitano.com.gt\/es\/?p=123312"},"modified":"2026-03-05T08:26:50","modified_gmt":"2026-03-05T14:26:50","slug":"cc-ordena-al-congreso-elegir-manana-a-sus-magistrados-a-dicha-corte-constitucional","status":"publish","type":"post","link":"https:\/\/elmetropolitano.com.gt\/es\/cc-ordena-al-congreso-elegir-manana-a-sus-magistrados-a-dicha-corte-constitucional\/","title":{"rendered":"CC ordena al Congreso elegir ma\u00f1ana a sus Magistrados a dicha Corte constitucional"},"content":{"rendered":"\n<p>La Corte de Constitucionalidad CC otorga amparo al diputado de Valor Carlos L\u00f3pez Gir\u00f3n, por lo que ordena al Congreso de la Rep\u00fablica realizar la sesi\u00f3n de este jueves sin interrupci\u00f3n y sin romper el qu\u00f3rum tanto de los congresistas como de la Junta Directiva, esto se da en el marco de la elecci\u00f3n de magistrados titular y suplente a la CC en representaci\u00f3n del Legislativo.<\/p>\n\n\n\n<p>Esta orden ya a generado reacciones en las redes sociales como la diputada Andrea Reyes al indicar que \u201cOjo que el pueblo tiene hambre y sed de justicia, y ahora m\u00e1s que nunca est\u00e1 viendo como nos quieren imponer a un magistrado que est\u00e1n intentando comprar en d\u00f3lares\u201d<\/p><div class=\"elmet-contenido\" id=\"elmet-1697358436\"><div class=\"elmet-adlabel\">Anuncios<\/div><div style=\"margin-top: 20px;margin-right: 20px;margin-bottom: 20px;margin-left: 20px;\" id=\"elmet-3338707881\"><a href=\"https:\/\/www.facebook.com\/arrincuanantigua\/\" aria-label=\"cintillo-arrin-cual\"><img loading=\"lazy\" decoding=\"async\" src=\"https:\/\/elmetropolitano.com.gt\/es\/wp-content\/uploads\/2021\/11\/cintillo-arrin-cual-1.jpg\" alt=\"\"  srcset=\"https:\/\/elmetropolitano.com.gt\/es\/wp-content\/uploads\/2021\/11\/cintillo-arrin-cual-1.jpg 750w, https:\/\/elmetropolitano.com.gt\/es\/wp-content\/uploads\/2021\/11\/cintillo-arrin-cual-1-300x36.jpg 300w, https:\/\/elmetropolitano.com.gt\/es\/wp-content\/uploads\/2021\/11\/cintillo-arrin-cual-1-600x72.jpg 600w\" sizes=\"(max-width: 750px) 100vw, 750px\" width=\"750\" height=\"90\"   \/><\/a><\/div><\/div>\n\n\n\n<p>\u00bfAs\u00ed o m\u00e1s claro? S\u00f3lo les falt\u00f3 agregar que nos obligan a votar por Molina Barreto expres\u00f3 la diputada Elena Motta<\/p>\n\n\n\n<p>Agregando que \u201cma\u00f1ana todos los ojos en el Congreso y no permitamos que los diputados vendan el futuro de nuestro pa\u00eds\u201d<\/p>\n\n\n\n<p>Por qu\u00e9 \u201choy es momento de demostrar que el pueblo valiente de Guatemala no se va a dejar traicionar\u201d enfatiza la legisladora<\/p>\n\n\n\n<p>El comunicador Luis Miguel Reyes Silva expresa que \u201cQu\u00e9 aberrante que se obligue al Congreso a sesionar. Ni siquiera ha vencido el plazo. Abusivo\u201d<\/p>\n\n\n\n<p>\u00bfPor qu\u00e9 no nos ahorramos la pantomima y la CC manda a elegir a Molina Barreto de una vez? Enfatiza Reyes Silva<\/p>\n\n\n\n<p><a href=\"https:\/\/www.facebook.com\/hashtag\/congresogt?__eep__=6&amp;__cft__[0]=AZZNcInRg0vrDKMF2cqZ69AE3yqINSSBy6j_1f7cn8hzfqSQZkOkUvfSr1LKNv_4YmrzTKBtSnW2yQqPpAB9RMpNiP5OOgNgCKpgyea9A1knBac0DnU4LrftSEuxLmpeFynCrF7fEfrbW7cFSs1C8GzhpkDLJ0PGAm8-GvMR43gy7eUK1EoghLxGHwxPzPOtrSg&amp;__tn__=*NK-R\">#CongresoGT<\/a><\/p>\n\n\n\n<figure class=\"wp-block-gallery has-nested-images columns-default is-cropped wp-block-gallery-1 is-layout-flex wp-block-gallery-is-layout-flex\">\n<figure class=\"wp-block-image size-large\"><img loading=\"lazy\" decoding=\"async\" width=\"481\" height=\"680\" data-id=\"123314\" src=\"https:\/\/elmetropolitano.com.gt\/es\/wp-content\/uploads\/2026\/03\/647229777_1479401544185924_4859542677025254911_n.jpg\" alt=\"\" class=\"wp-image-123314\" srcset=\"https:\/\/elmetropolitano.com.gt\/es\/wp-content\/uploads\/2026\/03\/647229777_1479401544185924_4859542677025254911_n.jpg 481w, https:\/\/elmetropolitano.com.gt\/es\/wp-content\/uploads\/2026\/03\/647229777_1479401544185924_4859542677025254911_n-212x300.jpg 212w\" sizes=\"auto, (max-width: 481px) 100vw, 481px\" \/><\/figure>\n\n\n\n<figure class=\"wp-block-image size-large\"><img loading=\"lazy\" decoding=\"async\" width=\"571\" height=\"680\" data-id=\"123315\" src=\"https:\/\/elmetropolitano.com.gt\/es\/wp-content\/uploads\/2026\/03\/646280263_1479401547519257_542293989465463729_n.jpg\" alt=\"\" class=\"wp-image-123315\" srcset=\"https:\/\/elmetropolitano.com.gt\/es\/wp-content\/uploads\/2026\/03\/646280263_1479401547519257_542293989465463729_n.jpg 571w, https:\/\/elmetropolitano.com.gt\/es\/wp-content\/uploads\/2026\/03\/646280263_1479401547519257_542293989465463729_n-252x300.jpg 252w\" sizes=\"auto, (max-width: 571px) 100vw, 571px\" \/><\/figure>\n\n\n\n<figure class=\"wp-block-image size-large\"><img loading=\"lazy\" decoding=\"async\" width=\"960\" height=\"720\" data-id=\"123316\" src=\"https:\/\/elmetropolitano.com.gt\/es\/wp-content\/uploads\/2026\/03\/646936278_1479401580852587_5300638938050448841_n-1.jpg\" alt=\"\" class=\"wp-image-123316\" srcset=\"https:\/\/elmetropolitano.com.gt\/es\/wp-content\/uploads\/2026\/03\/646936278_1479401580852587_5300638938050448841_n-1.jpg 960w, https:\/\/elmetropolitano.com.gt\/es\/wp-content\/uploads\/2026\/03\/646936278_1479401580852587_5300638938050448841_n-1-300x225.jpg 300w, https:\/\/elmetropolitano.com.gt\/es\/wp-content\/uploads\/2026\/03\/646936278_1479401580852587_5300638938050448841_n-1-768x576.jpg 768w\" sizes=\"auto, (max-width: 960px) 100vw, 960px\" \/><\/figure>\n<\/figure>\n","protected":false},"excerpt":{"rendered":"<p>La Corte de Constitucionalidad CC otorga amparo al diputado de Valor Carlos L\u00f3pez Gir\u00f3n, por lo que ordena al Congreso de la Rep\u00fablica realizar la sesi\u00f3n de este jueves sin interrupci\u00f3n y sin romper el qu\u00f3rum tanto de los congresistas como de la Junta Directiva, esto se da en el marco de la elecci\u00f3n de <a class=\"read-more\" href=\"https:\/\/elmetropolitano.com.gt\/es\/cc-ordena-al-congreso-elegir-manana-a-sus-magistrados-a-dicha-corte-constitucional\/\">Leer m\u00e1s<\/a><\/p>\n","protected":false},"author":1,"featured_media":123313,"comment_status":"open","ping_status":"closed","sticky":false,"template":"","format":"standard","meta":{"footnotes":""},"categories":[2],"tags":[12],"class_list":["post-123312","post","type-post","status-publish","format-standard","has-post-thumbnail","hentry","category-nacionales","tag-nacionales"],"_links":{"self":[{"href":"https:\/\/elmetropolitano.com.gt\/es\/wp-json\/wp\/v2\/posts\/123312","targetHints":{"allow":["GET"]}}],"collection":[{"href":"https:\/\/elmetropolitano.com.gt\/es\/wp-json\/wp\/v2\/posts"}],"about":[{"href":"https:\/\/elmetropolitano.com.gt\/es\/wp-json\/wp\/v2\/types\/post"}],"author":[{"embeddable":true,"href":"https:\/\/elmetropolitano.com.gt\/es\/wp-json\/wp\/v2\/users\/1"}],"replies":[{"embeddable":true,"href":"https:\/\/elmetropolitano.com.gt\/es\/wp-json\/wp\/v2\/comments?post=123312"}],"version-history":[{"count":1,"href":"https:\/\/elmetropolitano.com.gt\/es\/wp-json\/wp\/v2\/posts\/123312\/revisions"}],"predecessor-version":[{"id":123317,"href":"https:\/\/elmetropolitano.com.gt\/es\/wp-json\/wp\/v2\/posts\/123312\/revisions\/123317"}],"wp:featuredmedia":[{"embeddable":true,"href":"https:\/\/elmetropolitano.com.gt\/es\/wp-json\/wp\/v2\/media\/123313"}],"wp:attachment":[{"href":"https:\/\/elmetropolitano.com.gt\/es\/wp-json\/wp\/v2\/media?parent=123312"}],"wp:term":[{"taxonomy":"category","embeddable":true,"href":"https:\/\/elmetropolitano.com.gt\/es\/wp-json\/wp\/v2\/categories?post=123312"},{"taxonomy":"post_tag","embeddable":true,"href":"https:\/\/elmetropolitano.com.gt\/es\/wp-json\/wp\/v2\/tags?post=123312"}],"curies":[{"name":"wp","href":"https:\/\/api.w.org\/{rel}","templated":true}]}}