{"id":123344,"date":"2026-03-05T08:39:53","date_gmt":"2026-03-05T14:39:53","guid":{"rendered":"https:\/\/elmetropolitano.com.gt\/es\/?p=123344"},"modified":"2026-03-05T08:39:55","modified_gmt":"2026-03-05T14:39:55","slug":"diputado-rivera-pide-a-la-dgt-que-imponga-multas-al-transporte-que-no-porten-reguladores-de-velocidad","status":"publish","type":"post","link":"https:\/\/elmetropolitano.com.gt\/es\/diputado-rivera-pide-a-la-dgt-que-imponga-multas-al-transporte-que-no-porten-reguladores-de-velocidad\/","title":{"rendered":"Diputado Rivera pide a la DGT que imponga multas al transporte que no porten reguladores de Velocidad"},"content":{"rendered":"\n<p>El diputado Juan Carlos Rivera del Partido Victoria llam\u00f3 esta ma\u00f1ana a la Direcci\u00f3n General de Transporte que haga cumplir el Acuerdo Ministerio 69-2026 e imponga multas al transporte que no cumpla con los reguladores de velocidad<\/p>\n\n\n\n<p>Rivera indic\u00f3 que la Ley no es opcional por que cumplirla salva vidas \u201ccomo su diputado mi deber es fiscalizar que las leyes se cumplan para proteger a las familias guatemaltecas\u201d<\/p><div class=\"elmet-contenido\" id=\"elmet-3147518443\"><div class=\"elmet-adlabel\">Anuncios<\/div><div style=\"margin-top: 20px;margin-right: 20px;margin-bottom: 20px;margin-left: 20px;\" id=\"elmet-2217909545\"><a href=\"https:\/\/www.facebook.com\/arrincuanantigua\/\" aria-label=\"cintillo-arrin-cual\"><img loading=\"lazy\" decoding=\"async\" src=\"https:\/\/elmetropolitano.com.gt\/es\/wp-content\/uploads\/2021\/11\/cintillo-arrin-cual-1.jpg\" alt=\"\"  srcset=\"https:\/\/elmetropolitano.com.gt\/es\/wp-content\/uploads\/2021\/11\/cintillo-arrin-cual-1.jpg 750w, https:\/\/elmetropolitano.com.gt\/es\/wp-content\/uploads\/2021\/11\/cintillo-arrin-cual-1-300x36.jpg 300w, https:\/\/elmetropolitano.com.gt\/es\/wp-content\/uploads\/2021\/11\/cintillo-arrin-cual-1-600x72.jpg 600w\" sizes=\"(max-width: 750px) 100vw, 750px\" width=\"750\" height=\"90\"   \/><\/a><\/div><\/div>\n\n\n\n<p>El Acuerdo Ministerial 69-2026 est\u00e1 vigente desde el 2 de marzo de 2026 y establece reglas claras para el transporte de carga y pasajeros.<\/p>\n\n\n\n<p>Ante esto e diputado Rivera expres\u00f3 que \u201c hago un llamado directo a la Directo a la Direcci\u00f3n General de Transporte y a Provial , bajo la rector\u00eda del Ministerio de comunicaciones que hagan cumplir la ley y este acuerdo se cumpla\u201d<\/p>\n\n\n\n<p>\u201cSu responsabilidad es realizar operativos y verificar el Sistema Limitador de Velocidad, no actuar ante el incumplimiento no solo es negligencia, es Incumplimiento de Deberes\u201d indic\u00f3 el diputado Rivera<\/p>\n\n\n\n<p>\u201cCada accidente que ocurre por exceso de velocidad en unidades que no cumplen la ley, es una tragedia que pudo evitarse si las autoridades hicieran su trabajo.\u201d Enfatiz\u00f3 el Parlamentario<\/p>\n\n\n\n<p>Multas Vigentes<\/p>\n\n\n\n<p>El acuerdo contempla multas en salarios multas si los empresarios del transporte no cumplen con lo ordenado:<\/p>\n\n\n\n<p><img loading=\"lazy\" decoding=\"async\" height=\"16\" width=\"16\" alt=\"\u2705\" src=\"https:\/\/static.xx.fbcdn.net\/images\/emoji.php\/v9\/t33\/1\/16\/2705.png\"> 5 Salarios M\u00ednimos: Por no tener el dispositivo instalado.<\/p>\n\n\n\n<p><img loading=\"lazy\" decoding=\"async\" height=\"16\" width=\"16\" alt=\"\u2705\" src=\"https:\/\/static.xx.fbcdn.net\/images\/emoji.php\/v9\/t33\/1\/16\/2705.png\"> 7 Salarios M\u00ednimos: Al cumplirse 6 meses de vigencia.<\/p>\n\n\n\n<p><img loading=\"lazy\" decoding=\"async\" height=\"16\" width=\"16\" alt=\"\u2705\" src=\"https:\/\/static.xx.fbcdn.net\/images\/emoji.php\/v9\/t33\/1\/16\/2705.png\"> 10 Salarios M\u00ednimos: Al a\u00f1o de incumplimiento.<\/p>\n\n\n\n<p>A los empresarios del transporte que tienen una amenaza o chantaje de paralizar el pa\u00eds como presi\u00f3n para no instalar los reductores el diputado Juan Carlos Rivera les pide que los instalen<\/p>\n\n\n\n<p>\u201cNo vean esto como un gasto, sino como una inversi\u00f3n en la seguridad de sus pilotos y de todos los guatemaltecos.\u201d Enfatiza<\/p>\n\n\n\n<p>En el Congreso el Presidente del Congreso Luis Contreras del partido Creo cabildea una iniciativa de Ley que prorroga por un a\u00f1o la vigencia de la colocaci\u00f3n de los reguladores de velocidad, pero es hecha a la medida de los empresarios, por que Contreras a indicado que \u00e9l es tambi\u00e9n transportista por lo que los beneficiaria<\/p>\n\n\n\n<p><a href=\"https:\/\/www.facebook.com\/hashtag\/seguridadvial?__eep__=6&amp;__cft__[0]=AZaw67s1ofwGZDxGYk8NX29uUYQlh42_t4Q0pYIoLi0wHD6S56XDVn6ztjtlBkr20uqAUKwxVhfXjZgxnNyLB3rq-slwub_2rRw0ggTpHGgj3kgnbwUFSLoT54QLKlFurqGpum7dDHj_0FQZxbG5fOj9bJP_OnoPEn3QSwlUeAARVrJtWyX9PJV4zsFkzlaU_Q8&amp;__tn__=*NK-R\">#SeguridadVial<\/a><a href=\"https:\/\/www.facebook.com\/hashtag\/guatemala?__eep__=6&amp;__cft__[0]=AZaw67s1ofwGZDxGYk8NX29uUYQlh42_t4Q0pYIoLi0wHD6S56XDVn6ztjtlBkr20uqAUKwxVhfXjZgxnNyLB3rq-slwub_2rRw0ggTpHGgj3kgnbwUFSLoT54QLKlFurqGpum7dDHj_0FQZxbG5fOj9bJP_OnoPEn3QSwlUeAARVrJtWyX9PJV4zsFkzlaU_Q8&amp;__tn__=*NK-R\">#Guatemala<\/a><a href=\"https:\/\/www.facebook.com\/hashtag\/dgt?__eep__=6&amp;__cft__[0]=AZaw67s1ofwGZDxGYk8NX29uUYQlh42_t4Q0pYIoLi0wHD6S56XDVn6ztjtlBkr20uqAUKwxVhfXjZgxnNyLB3rq-slwub_2rRw0ggTpHGgj3kgnbwUFSLoT54QLKlFurqGpum7dDHj_0FQZxbG5fOj9bJP_OnoPEn3QSwlUeAARVrJtWyX9PJV4zsFkzlaU_Q8&amp;__tn__=*NK-R\">#DGT<\/a><a href=\"https:\/\/www.facebook.com\/hashtag\/provial?__eep__=6&amp;__cft__[0]=AZaw67s1ofwGZDxGYk8NX29uUYQlh42_t4Q0pYIoLi0wHD6S56XDVn6ztjtlBkr20uqAUKwxVhfXjZgxnNyLB3rq-slwub_2rRw0ggTpHGgj3kgnbwUFSLoT54QLKlFurqGpum7dDHj_0FQZxbG5fOj9bJP_OnoPEn3QSwlUeAARVrJtWyX9PJV4zsFkzlaU_Q8&amp;__tn__=*NK-R\">#Provial<\/a><a href=\"https:\/\/www.facebook.com\/hashtag\/fiscalizaci%C3%B3nciudadana?__eep__=6&amp;__cft__[0]=AZaw67s1ofwGZDxGYk8NX29uUYQlh42_t4Q0pYIoLi0wHD6S56XDVn6ztjtlBkr20uqAUKwxVhfXjZgxnNyLB3rq-slwub_2rRw0ggTpHGgj3kgnbwUFSLoT54QLKlFurqGpum7dDHj_0FQZxbG5fOj9bJP_OnoPEn3QSwlUeAARVrJtWyX9PJV4zsFkzlaU_Q8&amp;__tn__=*NK-R\">#Fiscalizaci\u00f3nCiudadana<\/a><a href=\"https:\/\/www.facebook.com\/hashtag\/metroredes?__eep__=6&amp;__cft__[0]=AZaw67s1ofwGZDxGYk8NX29uUYQlh42_t4Q0pYIoLi0wHD6S56XDVn6ztjtlBkr20uqAUKwxVhfXjZgxnNyLB3rq-slwub_2rRw0ggTpHGgj3kgnbwUFSLoT54QLKlFurqGpum7dDHj_0FQZxbG5fOj9bJP_OnoPEn3QSwlUeAARVrJtWyX9PJV4zsFkzlaU_Q8&amp;__tn__=*NK-R\">#Metroredes<\/a><a href=\"https:\/\/www.facebook.com\/hashtag\/nom%C3%A1saccidentes?__eep__=6&amp;__cft__[0]=AZaw67s1ofwGZDxGYk8NX29uUYQlh42_t4Q0pYIoLi0wHD6S56XDVn6ztjtlBkr20uqAUKwxVhfXjZgxnNyLB3rq-slwub_2rRw0ggTpHGgj3kgnbwUFSLoT54QLKlFurqGpum7dDHj_0FQZxbG5fOj9bJP_OnoPEn3QSwlUeAARVrJtWyX9PJV4zsFkzlaU_Q8&amp;__tn__=*NK-R\">#NoM\u00e1sAccidentes<\/a><a href=\"https:\/\/www.facebook.com\/hashtag\/civ?__eep__=6&amp;__cft__[0]=AZaw67s1ofwGZDxGYk8NX29uUYQlh42_t4Q0pYIoLi0wHD6S56XDVn6ztjtlBkr20uqAUKwxVhfXjZgxnNyLB3rq-slwub_2rRw0ggTpHGgj3kgnbwUFSLoT54QLKlFurqGpum7dDHj_0FQZxbG5fOj9bJP_OnoPEn3QSwlUeAARVrJtWyX9PJV4zsFkzlaU_Q8&amp;__tn__=*NK-R\">#Civ<\/a><\/p>\n\n\n\n<figure class=\"wp-block-gallery has-nested-images columns-default is-cropped wp-block-gallery-1 is-layout-flex wp-block-gallery-is-layout-flex\">\n<figure class=\"wp-block-image size-large\"><img loading=\"lazy\" decoding=\"async\" width=\"708\" height=\"1024\" data-id=\"123347\" src=\"https:\/\/elmetropolitano.com.gt\/es\/wp-content\/uploads\/2026\/03\/645500403_1479718427487569_8257239727673992398_n-708x1024.jpg\" alt=\"\" class=\"wp-image-123347\" srcset=\"https:\/\/elmetropolitano.com.gt\/es\/wp-content\/uploads\/2026\/03\/645500403_1479718427487569_8257239727673992398_n-708x1024.jpg 708w, https:\/\/elmetropolitano.com.gt\/es\/wp-content\/uploads\/2026\/03\/645500403_1479718427487569_8257239727673992398_n-208x300.jpg 208w, https:\/\/elmetropolitano.com.gt\/es\/wp-content\/uploads\/2026\/03\/645500403_1479718427487569_8257239727673992398_n-768x1110.jpg 768w, https:\/\/elmetropolitano.com.gt\/es\/wp-content\/uploads\/2026\/03\/645500403_1479718427487569_8257239727673992398_n.jpg 1048w\" sizes=\"auto, (max-width: 708px) 100vw, 708px\" \/><\/figure>\n\n\n\n<figure class=\"wp-block-image size-large\"><img loading=\"lazy\" decoding=\"async\" width=\"670\" height=\"1024\" data-id=\"123348\" src=\"https:\/\/elmetropolitano.com.gt\/es\/wp-content\/uploads\/2026\/03\/646378302_1479718420820903_1820755314352968816_n-670x1024.jpg\" alt=\"\" class=\"wp-image-123348\" srcset=\"https:\/\/elmetropolitano.com.gt\/es\/wp-content\/uploads\/2026\/03\/646378302_1479718420820903_1820755314352968816_n-670x1024.jpg 670w, https:\/\/elmetropolitano.com.gt\/es\/wp-content\/uploads\/2026\/03\/646378302_1479718420820903_1820755314352968816_n-196x300.jpg 196w, https:\/\/elmetropolitano.com.gt\/es\/wp-content\/uploads\/2026\/03\/646378302_1479718420820903_1820755314352968816_n-768x1174.jpg 768w, https:\/\/elmetropolitano.com.gt\/es\/wp-content\/uploads\/2026\/03\/646378302_1479718420820903_1820755314352968816_n-1005x1536.jpg 1005w, https:\/\/elmetropolitano.com.gt\/es\/wp-content\/uploads\/2026\/03\/646378302_1479718420820903_1820755314352968816_n-85x130.jpg 85w, https:\/\/elmetropolitano.com.gt\/es\/wp-content\/uploads\/2026\/03\/646378302_1479718420820903_1820755314352968816_n.jpg 1043w\" sizes=\"auto, (max-width: 670px) 100vw, 670px\" \/><\/figure>\n\n\n\n<figure class=\"wp-block-image size-large\"><img loading=\"lazy\" decoding=\"async\" width=\"400\" height=\"400\" data-id=\"123346\" src=\"https:\/\/elmetropolitano.com.gt\/es\/wp-content\/uploads\/2026\/03\/646844289_1479718254154253_4800994757345120398_n-1.jpg\" alt=\"\" class=\"wp-image-123346\" srcset=\"https:\/\/elmetropolitano.com.gt\/es\/wp-content\/uploads\/2026\/03\/646844289_1479718254154253_4800994757345120398_n-1.jpg 400w, https:\/\/elmetropolitano.com.gt\/es\/wp-content\/uploads\/2026\/03\/646844289_1479718254154253_4800994757345120398_n-1-300x300.jpg 300w, https:\/\/elmetropolitano.com.gt\/es\/wp-content\/uploads\/2026\/03\/646844289_1479718254154253_4800994757345120398_n-1-150x150.jpg 150w\" sizes=\"auto, (max-width: 400px) 100vw, 400px\" \/><\/figure>\n<\/figure>\n","protected":false},"excerpt":{"rendered":"<p>El diputado Juan Carlos Rivera del Partido Victoria llam\u00f3 esta ma\u00f1ana a la Direcci\u00f3n General de Transporte que haga cumplir el Acuerdo Ministerio 69-2026 e imponga multas al transporte que no cumpla con los reguladores de velocidad Rivera indic\u00f3 que la Ley no es opcional por que cumplirla salva vidas \u201ccomo su diputado mi deber <a class=\"read-more\" href=\"https:\/\/elmetropolitano.com.gt\/es\/diputado-rivera-pide-a-la-dgt-que-imponga-multas-al-transporte-que-no-porten-reguladores-de-velocidad\/\">Leer m\u00e1s<\/a><\/p>\n","protected":false},"author":1,"featured_media":123345,"comment_status":"open","ping_status":"closed","sticky":false,"template":"","format":"standard","meta":{"footnotes":""},"categories":[2],"tags":[12],"class_list":["post-123344","post","type-post","status-publish","format-standard","has-post-thumbnail","hentry","category-nacionales","tag-nacionales"],"_links":{"self":[{"href":"https:\/\/elmetropolitano.com.gt\/es\/wp-json\/wp\/v2\/posts\/123344","targetHints":{"allow":["GET"]}}],"collection":[{"href":"https:\/\/elmetropolitano.com.gt\/es\/wp-json\/wp\/v2\/posts"}],"about":[{"href":"https:\/\/elmetropolitano.com.gt\/es\/wp-json\/wp\/v2\/types\/post"}],"author":[{"embeddable":true,"href":"https:\/\/elmetropolitano.com.gt\/es\/wp-json\/wp\/v2\/users\/1"}],"replies":[{"embeddable":true,"href":"https:\/\/elmetropolitano.com.gt\/es\/wp-json\/wp\/v2\/comments?post=123344"}],"version-history":[{"count":1,"href":"https:\/\/elmetropolitano.com.gt\/es\/wp-json\/wp\/v2\/posts\/123344\/revisions"}],"predecessor-version":[{"id":123349,"href":"https:\/\/elmetropolitano.com.gt\/es\/wp-json\/wp\/v2\/posts\/123344\/revisions\/123349"}],"wp:featuredmedia":[{"embeddable":true,"href":"https:\/\/elmetropolitano.com.gt\/es\/wp-json\/wp\/v2\/media\/123345"}],"wp:attachment":[{"href":"https:\/\/elmetropolitano.com.gt\/es\/wp-json\/wp\/v2\/media?parent=123344"}],"wp:term":[{"taxonomy":"category","embeddable":true,"href":"https:\/\/elmetropolitano.com.gt\/es\/wp-json\/wp\/v2\/categories?post=123344"},{"taxonomy":"post_tag","embeddable":true,"href":"https:\/\/elmetropolitano.com.gt\/es\/wp-json\/wp\/v2\/tags?post=123344"}],"curies":[{"name":"wp","href":"https:\/\/api.w.org\/{rel}","templated":true}]}}