{"id":123361,"date":"2026-03-05T08:45:54","date_gmt":"2026-03-05T14:45:54","guid":{"rendered":"https:\/\/elmetropolitano.com.gt\/es\/?p=123361"},"modified":"2026-03-05T08:45:56","modified_gmt":"2026-03-05T14:45:56","slug":"capturado-cuando-instalaban-campamento-en-areas-protegidas-sierra-lacandona-peten","status":"publish","type":"post","link":"https:\/\/elmetropolitano.com.gt\/es\/capturado-cuando-instalaban-campamento-en-areas-protegidas-sierra-lacandona-peten\/","title":{"rendered":"Capturado cuando instalaban campamento en \u00e1reas protegidas Sierra Lacandona Pet\u00e9n"},"content":{"rendered":"\n<p>Las autoridades capturaron a Jos\u00e9 de 20 a\u00f1os, sorprendido instalando un campamento ilegal en \u00e1reas protegidas del Parque Nacional Sierra Lacand\u00f3n, en Las Cruces, Pet\u00e9n, adem\u00e1s, portaba arma de fuego.<\/p>\n\n\n\n<p>Se localiz\u00f3 un campamento clandestino utilizado por presuntos depredadores de la naturaleza, quienes realizaban descombramiento y da\u00f1os en parte del \u00e1rea protegida. En el lugar tambi\u00e9n fue ubicada otra arma de fuego.<\/p><div class=\"elmet-contenido\" id=\"elmet-1681736026\"><div class=\"elmet-adlabel\">Anuncios<\/div><div style=\"margin-top: 20px;margin-right: 20px;margin-bottom: 20px;margin-left: 20px;\" id=\"elmet-1298908945\"><a href=\"https:\/\/www.facebook.com\/arrincuanantigua\/\" aria-label=\"cintillo-arrin-cual\"><img loading=\"lazy\" decoding=\"async\" src=\"https:\/\/elmetropolitano.com.gt\/es\/wp-content\/uploads\/2021\/11\/cintillo-arrin-cual-1.jpg\" alt=\"\"  srcset=\"https:\/\/elmetropolitano.com.gt\/es\/wp-content\/uploads\/2021\/11\/cintillo-arrin-cual-1.jpg 750w, https:\/\/elmetropolitano.com.gt\/es\/wp-content\/uploads\/2021\/11\/cintillo-arrin-cual-1-300x36.jpg 300w, https:\/\/elmetropolitano.com.gt\/es\/wp-content\/uploads\/2021\/11\/cintillo-arrin-cual-1-600x72.jpg 600w\" sizes=\"(max-width: 750px) 100vw, 750px\" width=\"750\" height=\"90\"   \/><\/a><\/div><\/div>\n\n\n\n<p>Al notar la presencia de las autoridades, los invasores huyeron intern\u00e1ndose en el \u00e1rea boscosa.<\/p>\n\n\n\n<p><a href=\"https:\/\/www.facebook.com\/hashtag\/peten?__eep__=6&amp;__cft__[0]=AZbqN-3b2WUq4apM-NuPaXZ4fbFJrbQjdZh5IYcvZ1MShDNABp62_PdkLwkYEc0vWvPvYykeNvAleO32Bo1ZAf0KL40a3NnquJ0PUiK-AsHzRC3AoskG-GkVdGCO80XTLGthk93ScBFgieVJW6BaYF34T65dEIT4Fzhh-Ed0bgjhvySQqbtn3BWki_5wAoi91rU&amp;__tn__=*NK-R\">#peten<\/a><a href=\"https:\/\/www.facebook.com\/hashtag\/metroredes?__eep__=6&amp;__cft__[0]=AZbqN-3b2WUq4apM-NuPaXZ4fbFJrbQjdZh5IYcvZ1MShDNABp62_PdkLwkYEc0vWvPvYykeNvAleO32Bo1ZAf0KL40a3NnquJ0PUiK-AsHzRC3AoskG-GkVdGCO80XTLGthk93ScBFgieVJW6BaYF34T65dEIT4Fzhh-Ed0bgjhvySQqbtn3BWki_5wAoi91rU&amp;__tn__=*NK-R\">#metroredes<\/a><\/p>\n\n\n\n<figure class=\"wp-block-gallery has-nested-images columns-default is-cropped wp-block-gallery-1 is-layout-flex wp-block-gallery-is-layout-flex\">\n<figure class=\"wp-block-image size-large\"><img loading=\"lazy\" decoding=\"async\" width=\"1024\" height=\"680\" data-id=\"123363\" src=\"https:\/\/elmetropolitano.com.gt\/es\/wp-content\/uploads\/2026\/03\/646350970_1479789490813796_6002473110087832106_n-1024x680.jpg\" alt=\"\" class=\"wp-image-123363\" srcset=\"https:\/\/elmetropolitano.com.gt\/es\/wp-content\/uploads\/2026\/03\/646350970_1479789490813796_6002473110087832106_n-1024x680.jpg 1024w, https:\/\/elmetropolitano.com.gt\/es\/wp-content\/uploads\/2026\/03\/646350970_1479789490813796_6002473110087832106_n-300x199.jpg 300w, https:\/\/elmetropolitano.com.gt\/es\/wp-content\/uploads\/2026\/03\/646350970_1479789490813796_6002473110087832106_n-768x510.jpg 768w, https:\/\/elmetropolitano.com.gt\/es\/wp-content\/uploads\/2026\/03\/646350970_1479789490813796_6002473110087832106_n.jpg 1500w\" sizes=\"auto, (max-width: 1024px) 100vw, 1024px\" \/><\/figure>\n\n\n\n<figure class=\"wp-block-image size-large\"><img loading=\"lazy\" decoding=\"async\" width=\"736\" height=\"1024\" data-id=\"123365\" src=\"https:\/\/elmetropolitano.com.gt\/es\/wp-content\/uploads\/2026\/03\/646377082_1479789484147130_8191812852439944917_n-1-736x1024.jpg\" alt=\"\" class=\"wp-image-123365\" srcset=\"https:\/\/elmetropolitano.com.gt\/es\/wp-content\/uploads\/2026\/03\/646377082_1479789484147130_8191812852439944917_n-1-736x1024.jpg 736w, https:\/\/elmetropolitano.com.gt\/es\/wp-content\/uploads\/2026\/03\/646377082_1479789484147130_8191812852439944917_n-1-216x300.jpg 216w, https:\/\/elmetropolitano.com.gt\/es\/wp-content\/uploads\/2026\/03\/646377082_1479789484147130_8191812852439944917_n-1-768x1068.jpg 768w, https:\/\/elmetropolitano.com.gt\/es\/wp-content\/uploads\/2026\/03\/646377082_1479789484147130_8191812852439944917_n-1.jpg 829w\" sizes=\"auto, (max-width: 736px) 100vw, 736px\" \/><\/figure>\n\n\n\n<figure class=\"wp-block-image size-large\"><img loading=\"lazy\" decoding=\"async\" width=\"443\" height=\"673\" data-id=\"123364\" src=\"https:\/\/elmetropolitano.com.gt\/es\/wp-content\/uploads\/2026\/03\/646508442_1479789224147156_8817245001219690805_n.jpg\" alt=\"\" class=\"wp-image-123364\" srcset=\"https:\/\/elmetropolitano.com.gt\/es\/wp-content\/uploads\/2026\/03\/646508442_1479789224147156_8817245001219690805_n.jpg 443w, https:\/\/elmetropolitano.com.gt\/es\/wp-content\/uploads\/2026\/03\/646508442_1479789224147156_8817245001219690805_n-197x300.jpg 197w, https:\/\/elmetropolitano.com.gt\/es\/wp-content\/uploads\/2026\/03\/646508442_1479789224147156_8817245001219690805_n-85x130.jpg 85w\" sizes=\"auto, (max-width: 443px) 100vw, 443px\" \/><\/figure>\n<\/figure>\n","protected":false},"excerpt":{"rendered":"<p>Las autoridades capturaron a Jos\u00e9 de 20 a\u00f1os, sorprendido instalando un campamento ilegal en \u00e1reas protegidas del Parque Nacional Sierra Lacand\u00f3n, en Las Cruces, Pet\u00e9n, adem\u00e1s, portaba arma de fuego. Se localiz\u00f3 un campamento clandestino utilizado por presuntos depredadores de la naturaleza, quienes realizaban descombramiento y da\u00f1os en parte del \u00e1rea protegida. En el lugar <a class=\"read-more\" href=\"https:\/\/elmetropolitano.com.gt\/es\/capturado-cuando-instalaban-campamento-en-areas-protegidas-sierra-lacandona-peten\/\">Leer m\u00e1s<\/a><\/p>\n","protected":false},"author":1,"featured_media":123362,"comment_status":"open","ping_status":"closed","sticky":false,"template":"","format":"standard","meta":{"footnotes":""},"categories":[4],"tags":[13],"class_list":["post-123361","post","type-post","status-publish","format-standard","has-post-thumbnail","hentry","category-departamentales","tag-departamentales"],"_links":{"self":[{"href":"https:\/\/elmetropolitano.com.gt\/es\/wp-json\/wp\/v2\/posts\/123361","targetHints":{"allow":["GET"]}}],"collection":[{"href":"https:\/\/elmetropolitano.com.gt\/es\/wp-json\/wp\/v2\/posts"}],"about":[{"href":"https:\/\/elmetropolitano.com.gt\/es\/wp-json\/wp\/v2\/types\/post"}],"author":[{"embeddable":true,"href":"https:\/\/elmetropolitano.com.gt\/es\/wp-json\/wp\/v2\/users\/1"}],"replies":[{"embeddable":true,"href":"https:\/\/elmetropolitano.com.gt\/es\/wp-json\/wp\/v2\/comments?post=123361"}],"version-history":[{"count":1,"href":"https:\/\/elmetropolitano.com.gt\/es\/wp-json\/wp\/v2\/posts\/123361\/revisions"}],"predecessor-version":[{"id":123366,"href":"https:\/\/elmetropolitano.com.gt\/es\/wp-json\/wp\/v2\/posts\/123361\/revisions\/123366"}],"wp:featuredmedia":[{"embeddable":true,"href":"https:\/\/elmetropolitano.com.gt\/es\/wp-json\/wp\/v2\/media\/123362"}],"wp:attachment":[{"href":"https:\/\/elmetropolitano.com.gt\/es\/wp-json\/wp\/v2\/media?parent=123361"}],"wp:term":[{"taxonomy":"category","embeddable":true,"href":"https:\/\/elmetropolitano.com.gt\/es\/wp-json\/wp\/v2\/categories?post=123361"},{"taxonomy":"post_tag","embeddable":true,"href":"https:\/\/elmetropolitano.com.gt\/es\/wp-json\/wp\/v2\/tags?post=123361"}],"curies":[{"name":"wp","href":"https:\/\/api.w.org\/{rel}","templated":true}]}}