{"id":123368,"date":"2026-03-05T11:30:30","date_gmt":"2026-03-05T17:30:30","guid":{"rendered":"https:\/\/elmetropolitano.com.gt\/es\/?p=123368"},"modified":"2026-03-05T11:30:32","modified_gmt":"2026-03-05T17:30:32","slug":"el-aeropuerto-la-aurora-se-prepara-para-la-semana-santa-con-mejoras-en-sus-instalaciones","status":"publish","type":"post","link":"https:\/\/elmetropolitano.com.gt\/es\/el-aeropuerto-la-aurora-se-prepara-para-la-semana-santa-con-mejoras-en-sus-instalaciones\/","title":{"rendered":"El Aeropuerto La Aurora se prepara para la Semana Santa con mejoras en sus instalaciones"},"content":{"rendered":"\n<p>A pocas semanas del inicio de la Semana Santa, Guatemala afina detalles para recibir a miles de visitantes nacionales y extranjeros. En este contexto, el Aeropuerto Internacional La Aurora se consolida como un punto estrat\u00e9gico, por lo que se han impulsado mejoras tecnol\u00f3gicas, operativas y de infraestructura que buscan reducir tiempos de espera y fortalecer la seguridad.<\/p>\n\n\n\n<p>Gracias a un proceso de recuperaci\u00f3n y modernizaci\u00f3n desarrollado durante el \u00faltimo a\u00f1o, la terminal a\u00e9rea se declara preparada para afrontar una de las temporadas con mayor movimiento, reafirmando su compromiso con un servicio eficiente y de calidad.<\/p><div class=\"elmet-contenido\" id=\"elmet-1598332671\"><div class=\"elmet-adlabel\">Anuncios<\/div><div style=\"margin-top: 20px;margin-right: 20px;margin-bottom: 20px;margin-left: 20px;\" id=\"elmet-1282015332\"><a href=\"https:\/\/www.facebook.com\/arrincuanantigua\/\" aria-label=\"cintillo-arrin-cual\"><img loading=\"lazy\" decoding=\"async\" src=\"https:\/\/elmetropolitano.com.gt\/es\/wp-content\/uploads\/2021\/11\/cintillo-arrin-cual-1.jpg\" alt=\"\"  srcset=\"https:\/\/elmetropolitano.com.gt\/es\/wp-content\/uploads\/2021\/11\/cintillo-arrin-cual-1.jpg 750w, https:\/\/elmetropolitano.com.gt\/es\/wp-content\/uploads\/2021\/11\/cintillo-arrin-cual-1-300x36.jpg 300w, https:\/\/elmetropolitano.com.gt\/es\/wp-content\/uploads\/2021\/11\/cintillo-arrin-cual-1-600x72.jpg 600w\" sizes=\"(max-width: 750px) 100vw, 750px\" width=\"750\" height=\"90\"   \/><\/a><\/div><\/div>\n\n\n\n<p>Fortalecimiento que se refleja en un incremento de usuarios<\/p>\n\n\n\n<p>Durante el \u00faltimo a\u00f1o, la Direcci\u00f3n General de Aeron\u00e1utica Civil (DGAC) impuls\u00f3 una serie de acciones orientadas a modernizar los procesos migratorios y de seguridad que se enmarcan en el Plan Conecta.<\/p>\n\n\n\n<p>Entre ellas destaca la adquisici\u00f3n de 15 nuevos esc\u00e1neres de seguridad, gestionados mediante cooperaci\u00f3n internacional y alianzas p\u00fablico-privadas, que permiten agilizar la inspecci\u00f3n de equipaje.<\/p>\n\n\n\n<p>Estas mejoras se reflejan en el crecimiento sostenido del flujo de pasajeros, ya que, entre febrero y marzo de 2024 se registraron m\u00e1s de 195 mil ingresos, mientras que para marzo y abril de 2025 la cifra super\u00f3 los 206 mil.<\/p>\n\n\n\n<p>De esta cuenta, para este 2026 se proyecta una operaci\u00f3n m\u00e1s din\u00e1mica, respaldada por sistemas m\u00e1s eficientes y personal capacitado.<\/p>\n\n\n\n<p>Modernizaci\u00f3n de infraestructura y calidad en el servicio<\/p>\n\n\n\n<p>De forma paralela, se ejecutaron trabajos de recuperaci\u00f3n y modernizaci\u00f3n en distintas \u00e1reas de la terminal, entre las que destacan:<\/p>\n\n\n\n<p>Mejora de ba\u00f1os, pisos y pintura.<\/p>\n\n\n\n<p>Optimizaci\u00f3n del sistema de aire acondicionado.<\/p>\n\n\n\n<p>Ampliaci\u00f3n del circuito de videovigilancia.<\/p>\n\n\n\n<p>Reparaci\u00f3n de elevadores y gradas el\u00e9ctricas.<\/p>\n\n\n\n<p>Asimismo, se avanza en la certificaci\u00f3n del personal conforme a las normas establecidas por la Organizaci\u00f3n de Aviaci\u00f3n Civil Internacional (OACI), fortaleciendo la calidad del servicio y los est\u00e1ndares de seguridad operacional. Este proceso busca asegurar que cada \u00e1rea del aeropuerto opere bajo criterios internacionales.<\/p>\n\n\n\n<p>Con estas acciones, el Aeropuerto Internacional La Aurora reafirma su compromiso de consolidarse como una terminal moderna, segura y eficiente, capaz de responder al crecimiento del turismo y al dinamismo econ\u00f3mico del pa\u00eds.<\/p>\n\n\n\n<p>De esta manera, Guatemala fortalece su principal puerta de ingreso a\u00e9reo, priorizando siempre el bienestar de la poblaci\u00f3n y de quienes visitan el territorio nacional.<\/p>\n\n\n\n<p>Texto Mariana L\u00f3pez<\/p>\n\n\n\n<p>#Aeropuerto #SemanaSanta #metroredes <a href=\"http:\/\/www.elmetropolitano.com.gt\">www.elmetropolitano.com.gt<\/a> <a href=\"http:\/\/www.metroredes.com\">www.metroredes.com<\/a> <a href=\"http:\/\/www.elescuintleco.com\">www.elescuintleco.com<\/a><\/p>\n","protected":false},"excerpt":{"rendered":"<p>A pocas semanas del inicio de la Semana Santa, Guatemala afina detalles para recibir a miles de visitantes nacionales y extranjeros. En este contexto, el Aeropuerto Internacional La Aurora se consolida como un punto estrat\u00e9gico, por lo que se han impulsado mejoras tecnol\u00f3gicas, operativas y de infraestructura que buscan reducir tiempos de espera y fortalecer <a class=\"read-more\" href=\"https:\/\/elmetropolitano.com.gt\/es\/el-aeropuerto-la-aurora-se-prepara-para-la-semana-santa-con-mejoras-en-sus-instalaciones\/\">Leer m\u00e1s<\/a><\/p>\n","protected":false},"author":1,"featured_media":123369,"comment_status":"open","ping_status":"closed","sticky":false,"template":"","format":"standard","meta":{"footnotes":""},"categories":[2],"tags":[12],"class_list":["post-123368","post","type-post","status-publish","format-standard","has-post-thumbnail","hentry","category-nacionales","tag-nacionales"],"_links":{"self":[{"href":"https:\/\/elmetropolitano.com.gt\/es\/wp-json\/wp\/v2\/posts\/123368","targetHints":{"allow":["GET"]}}],"collection":[{"href":"https:\/\/elmetropolitano.com.gt\/es\/wp-json\/wp\/v2\/posts"}],"about":[{"href":"https:\/\/elmetropolitano.com.gt\/es\/wp-json\/wp\/v2\/types\/post"}],"author":[{"embeddable":true,"href":"https:\/\/elmetropolitano.com.gt\/es\/wp-json\/wp\/v2\/users\/1"}],"replies":[{"embeddable":true,"href":"https:\/\/elmetropolitano.com.gt\/es\/wp-json\/wp\/v2\/comments?post=123368"}],"version-history":[{"count":1,"href":"https:\/\/elmetropolitano.com.gt\/es\/wp-json\/wp\/v2\/posts\/123368\/revisions"}],"predecessor-version":[{"id":123370,"href":"https:\/\/elmetropolitano.com.gt\/es\/wp-json\/wp\/v2\/posts\/123368\/revisions\/123370"}],"wp:featuredmedia":[{"embeddable":true,"href":"https:\/\/elmetropolitano.com.gt\/es\/wp-json\/wp\/v2\/media\/123369"}],"wp:attachment":[{"href":"https:\/\/elmetropolitano.com.gt\/es\/wp-json\/wp\/v2\/media?parent=123368"}],"wp:term":[{"taxonomy":"category","embeddable":true,"href":"https:\/\/elmetropolitano.com.gt\/es\/wp-json\/wp\/v2\/categories?post=123368"},{"taxonomy":"post_tag","embeddable":true,"href":"https:\/\/elmetropolitano.com.gt\/es\/wp-json\/wp\/v2\/tags?post=123368"}],"curies":[{"name":"wp","href":"https:\/\/api.w.org\/{rel}","templated":true}]}}