{"id":123371,"date":"2026-03-05T11:45:51","date_gmt":"2026-03-05T17:45:51","guid":{"rendered":"https:\/\/elmetropolitano.com.gt\/es\/?p=123371"},"modified":"2026-03-05T11:45:53","modified_gmt":"2026-03-05T17:45:53","slug":"guatemala-moderniza-su-sistema-aduanero","status":"publish","type":"post","link":"https:\/\/elmetropolitano.com.gt\/es\/guatemala-moderniza-su-sistema-aduanero\/","title":{"rendered":"Guatemala moderniza su sistema aduanero"},"content":{"rendered":"\n<p>La Superintendencia de Administraci\u00f3n Tributaria (SAT) present\u00f3 el Modelo de Despacho A\u00e9reo de Guatemala y la Fuerza de Tarea de Facilitaci\u00f3n del Comercio, dos iniciativas estrat\u00e9gicas que fortalecen la modernizaci\u00f3n del sistema aduanero, la facilitaci\u00f3n del comercio exterior y a la seguridad de la cadena log\u00edstica del pa\u00eds.<\/p>\n\n\n\n<p>Durante el acto oficial, el superintendente Werner Ovalle se\u00f1al\u00f3:<\/p><div class=\"elmet-contenido\" id=\"elmet-2953168994\"><div class=\"elmet-adlabel\">Anuncios<\/div><div style=\"margin-top: 20px;margin-right: 20px;margin-bottom: 20px;margin-left: 20px;\" id=\"elmet-2316391533\"><a href=\"https:\/\/www.facebook.com\/arrincuanantigua\/\" aria-label=\"cintillo-arrin-cual\"><img loading=\"lazy\" decoding=\"async\" src=\"https:\/\/elmetropolitano.com.gt\/es\/wp-content\/uploads\/2021\/11\/cintillo-arrin-cual-1.jpg\" alt=\"\"  srcset=\"https:\/\/elmetropolitano.com.gt\/es\/wp-content\/uploads\/2021\/11\/cintillo-arrin-cual-1.jpg 750w, https:\/\/elmetropolitano.com.gt\/es\/wp-content\/uploads\/2021\/11\/cintillo-arrin-cual-1-300x36.jpg 300w, https:\/\/elmetropolitano.com.gt\/es\/wp-content\/uploads\/2021\/11\/cintillo-arrin-cual-1-600x72.jpg 600w\" sizes=\"(max-width: 750px) 100vw, 750px\" width=\"750\" height=\"90\"   \/><\/a><\/div><\/div>\n\n\n\n<p>Este modelo representa una transformaci\u00f3n estructural en la forma en que Guatemala gestiona el comercio a\u00e9reo, basada en eficiencia, interoperabilidad y gesti\u00f3n inteligente de riesgo.<\/p>\n\n\n\n<p>La implementaci\u00f3n del nuevo sistema inform\u00e1tico aduanero permitir\u00e1 anticipar la informaci\u00f3n de las mercanc\u00edas, fortalecer la trazabilidad en tiempo real y reducir la discrecionalidad en los procesos, consolidando un despacho aduanero m\u00e1s predecible, transparente y \u00e1gil.<\/p>\n\n\n\n<p>Sobre el modelo<\/p>\n\n\n\n<p>El nuevo modelo incorpora la interoperabilidad entre instituciones del Estado y actores de la cadena log\u00edstica, facilitando el intercambio electr\u00f3nico de informaci\u00f3n y fortaleciendo la coordinaci\u00f3n en frontera.<\/p>\n\n\n\n<p>Esta modernizaci\u00f3n tambi\u00e9n impulsa la digitalizaci\u00f3n de procesos y contribuye a potenciar la Ventanilla \u00danica de Comercio Exterior aline\u00e1ndose con los compromisos internacionales derivados del Acuerdo sobre Facilitaci\u00f3n del Comercio de la Organizaci\u00f3n Mundial del Comercio.<\/p>\n\n\n\n<p>En materia de seguridad, el sistema se integra con est\u00e1ndares internacionales y mecanismos de cooperaci\u00f3n que fortalecen la confiabilidad de la cadena log\u00edstica. Incluyendo instrumentos de intercambio de informaci\u00f3n compatibles con la Oficina de Aduanas y Protecci\u00f3n Fronteriza de Estados Unidos de Am\u00e9rica.<\/p>\n\n\n\n<p>Sistemas de an\u00e1lisis<\/p>\n\n\n\n<p>Esto permite reforzar los sistemas de an\u00e1lisis de riesgo, combatir el crimen organizado trasnacional y garantizar operaciones comerciales m\u00e1s seguras.<\/p>\n\n\n\n<p>Como parte de esta transformaci\u00f3n institucional, la SAT tambi\u00e9n present\u00f3 la Fuerza de Tarea de Facilitaci\u00f3n del Comercio, un mecanismo t\u00e9cnico permanente orientado a resultados que permitir\u00e1 fortalecer la coordinaci\u00f3n interinstitucional.<\/p>\n\n\n\n<p>Adem\u00e1s de gestionar alertas nacionales e internacionales, sobre mercanc\u00edas, optimizar la gesti\u00f3n de riesgos y aumentar la transparencia en los procesos de comercio exterior.<\/p>\n\n\n\n<p>Texto Brenda Larios<\/p>\n\n\n\n<p>#SAT #Aduanas #metroredes <a href=\"http:\/\/www.elmetropolitano.com.gt\">www.elmetropolitano.com.gt<\/a> <a href=\"http:\/\/www.metroredes.com\">www.metroredes.com<\/a> <a href=\"http:\/\/www.elescuintleco.com\">www.elescuintleco.com<\/a><\/p>\n","protected":false},"excerpt":{"rendered":"<p>La Superintendencia de Administraci\u00f3n Tributaria (SAT) present\u00f3 el Modelo de Despacho A\u00e9reo de Guatemala y la Fuerza de Tarea de Facilitaci\u00f3n del Comercio, dos iniciativas estrat\u00e9gicas que fortalecen la modernizaci\u00f3n del sistema aduanero, la facilitaci\u00f3n del comercio exterior y a la seguridad de la cadena log\u00edstica del pa\u00eds. Durante el acto oficial, el superintendente Werner <a class=\"read-more\" href=\"https:\/\/elmetropolitano.com.gt\/es\/guatemala-moderniza-su-sistema-aduanero\/\">Leer m\u00e1s<\/a><\/p>\n","protected":false},"author":1,"featured_media":123372,"comment_status":"open","ping_status":"closed","sticky":false,"template":"","format":"standard","meta":{"footnotes":""},"categories":[2],"tags":[12],"class_list":["post-123371","post","type-post","status-publish","format-standard","has-post-thumbnail","hentry","category-nacionales","tag-nacionales"],"_links":{"self":[{"href":"https:\/\/elmetropolitano.com.gt\/es\/wp-json\/wp\/v2\/posts\/123371","targetHints":{"allow":["GET"]}}],"collection":[{"href":"https:\/\/elmetropolitano.com.gt\/es\/wp-json\/wp\/v2\/posts"}],"about":[{"href":"https:\/\/elmetropolitano.com.gt\/es\/wp-json\/wp\/v2\/types\/post"}],"author":[{"embeddable":true,"href":"https:\/\/elmetropolitano.com.gt\/es\/wp-json\/wp\/v2\/users\/1"}],"replies":[{"embeddable":true,"href":"https:\/\/elmetropolitano.com.gt\/es\/wp-json\/wp\/v2\/comments?post=123371"}],"version-history":[{"count":1,"href":"https:\/\/elmetropolitano.com.gt\/es\/wp-json\/wp\/v2\/posts\/123371\/revisions"}],"predecessor-version":[{"id":123373,"href":"https:\/\/elmetropolitano.com.gt\/es\/wp-json\/wp\/v2\/posts\/123371\/revisions\/123373"}],"wp:featuredmedia":[{"embeddable":true,"href":"https:\/\/elmetropolitano.com.gt\/es\/wp-json\/wp\/v2\/media\/123372"}],"wp:attachment":[{"href":"https:\/\/elmetropolitano.com.gt\/es\/wp-json\/wp\/v2\/media?parent=123371"}],"wp:term":[{"taxonomy":"category","embeddable":true,"href":"https:\/\/elmetropolitano.com.gt\/es\/wp-json\/wp\/v2\/categories?post=123371"},{"taxonomy":"post_tag","embeddable":true,"href":"https:\/\/elmetropolitano.com.gt\/es\/wp-json\/wp\/v2\/tags?post=123371"}],"curies":[{"name":"wp","href":"https:\/\/api.w.org\/{rel}","templated":true}]}}