{"id":123374,"date":"2026-03-05T11:53:50","date_gmt":"2026-03-05T17:53:50","guid":{"rendered":"https:\/\/elmetropolitano.com.gt\/es\/?p=123374"},"modified":"2026-03-05T11:53:52","modified_gmt":"2026-03-05T17:53:52","slug":"mingob-y-mindef-estrechan-dialogos-para-el-combate-del-crimen-organizado","status":"publish","type":"post","link":"https:\/\/elmetropolitano.com.gt\/es\/mingob-y-mindef-estrechan-dialogos-para-el-combate-del-crimen-organizado\/","title":{"rendered":"Mingob y Mindef estrechan di\u00e1logos para el combate del crimen organizado"},"content":{"rendered":"\n<p>En el Sal\u00f3n Mayor del Ministerio de Gobernaci\u00f3n (Mingob), autoridades de esta cartera y del Ministerio de la Defensa Nacional (Mindef) sostuvieron una reuni\u00f3n estrat\u00e9gica para fortalecer la coordinaci\u00f3n interinstitucional en Guatemala y reforzar las acciones contra la criminalidad en el territorio nacional.<\/p>\n\n\n\n<p>El encuentro lo lideraron los ministros de Gobernaci\u00f3n, Marco Antonio Villeda, y de la Defensa, Henry Saenz, acompa\u00f1ados por sus respectivos equipos t\u00e9cnicos. Durante la sesi\u00f3n se evaluaron resultados de planes combinados y se adoptaron nuevas medidas orientadas a prevenir el delito y debilitar estructuras il\u00edcitas.<\/p><div class=\"elmet-contenido\" id=\"elmet-807812218\"><div class=\"elmet-adlabel\">Anuncios<\/div><div style=\"margin-top: 20px;margin-right: 20px;margin-bottom: 20px;margin-left: 20px;\" id=\"elmet-4106812589\"><a href=\"https:\/\/www.facebook.com\/arrincuanantigua\/\" aria-label=\"cintillo-arrin-cual\"><img loading=\"lazy\" decoding=\"async\" src=\"https:\/\/elmetropolitano.com.gt\/es\/wp-content\/uploads\/2021\/11\/cintillo-arrin-cual-1.jpg\" alt=\"\"  srcset=\"https:\/\/elmetropolitano.com.gt\/es\/wp-content\/uploads\/2021\/11\/cintillo-arrin-cual-1.jpg 750w, https:\/\/elmetropolitano.com.gt\/es\/wp-content\/uploads\/2021\/11\/cintillo-arrin-cual-1-300x36.jpg 300w, https:\/\/elmetropolitano.com.gt\/es\/wp-content\/uploads\/2021\/11\/cintillo-arrin-cual-1-600x72.jpg 600w\" sizes=\"(max-width: 750px) 100vw, 750px\" width=\"750\" height=\"90\"   \/><\/a><\/div><\/div>\n\n\n\n<p>Refuerzo a la Operaci\u00f3n Centinela<\/p>\n\n\n\n<p>Como parte de las decisiones tomadas, las autoridades definieron acciones conjuntas para fortalecer el trabajo de la Polic\u00eda Nacional Civil (PNC) y el Ej\u00e9rcito de Guatemala en el marco de la Operaci\u00f3n Centinela, que se desarrolla en Escuintla y en el \u00e1rea metropolitana, con \u00e9nfasis en el departamento de Guatemala.<\/p>\n\n\n\n<p>El objetivo principal es continuar generando resultados positivos en materia de seguridad p\u00fablica, mediante operativos combinados en rutas principales, puntos estrat\u00e9gicos y zonas con mayor incidencia delictiva. Estas acciones buscan impactar directamente a estructuras del crimen organizado y redes transnacionales que operan en el pa\u00eds.<\/p>\n\n\n\n<p>Planificaci\u00f3n estrat\u00e9gica basada en inteligencia<\/p>\n\n\n\n<p>El viceministro de Seguridad, Estuardo Sol\u00f3rzano, destac\u00f3 que la reuni\u00f3n permiti\u00f3 consolidar una planificaci\u00f3n estrat\u00e9gica sustentada en el an\u00e1lisis de inteligencia civil, policial, penitenciaria y militar.<\/p>\n\n\n\n<p>Seg\u00fan explic\u00f3, la coordinaci\u00f3n entre Mingob y Defensa resulta clave para articular respuestas m\u00e1s efectivas frente a los desaf\u00edos de la criminalidad. Esta sinergia interinstitucional facilita la toma de decisiones basadas en informaci\u00f3n t\u00e9cnica y operativa.<\/p>\n\n\n\n<p>Requisas y controles en centros penitenciarios<\/p>\n\n\n\n<p>Dentro de estas estrategias, tambi\u00e9n se mantienen acciones coordinadas con el Sistema Penitenciario (SP), incluyendo requisas en centros carcelarios para evitar la comisi\u00f3n de delitos desde el interior de las prisiones.<\/p>\n\n\n\n<p>Adem\u00e1s, se desarrollan patrullajes motorizados, incursiones a pie y la instalaci\u00f3n de puestos de control en distintos puntos del pa\u00eds. Las autoridades reiteraron que estas medidas buscan garantizar el orden p\u00fablico, reforzar la seguridad nacional y asegurar la protecci\u00f3n de la poblaci\u00f3n guatemalteca.<\/p>\n\n\n\n<p>Al finalizar la reuni\u00f3n, los ministros Villeda y Saenz reafirmaron su compromiso de continuar fortaleciendo la coordinaci\u00f3n interinstitucional como eje fundamental para combatir la criminalidad en Guatemala.<\/p>\n\n\n\n<p>#MinGob #MinGob #metroredes <a href=\"http:\/\/www.elmetropolitano.com.gt\">www.elmetropolitano.com.gt<\/a> <a href=\"http:\/\/www.metroredes.com\">www.metroredes.com<\/a> <a href=\"http:\/\/www.elescuintleco.com\">www.elescuintleco.com<\/a><\/p>\n","protected":false},"excerpt":{"rendered":"<p>En el Sal\u00f3n Mayor del Ministerio de Gobernaci\u00f3n (Mingob), autoridades de esta cartera y del Ministerio de la Defensa Nacional (Mindef) sostuvieron una reuni\u00f3n estrat\u00e9gica para fortalecer la coordinaci\u00f3n interinstitucional en Guatemala y reforzar las acciones contra la criminalidad en el territorio nacional. El encuentro lo lideraron los ministros de Gobernaci\u00f3n, Marco Antonio Villeda, y <a class=\"read-more\" href=\"https:\/\/elmetropolitano.com.gt\/es\/mingob-y-mindef-estrechan-dialogos-para-el-combate-del-crimen-organizado\/\">Leer m\u00e1s<\/a><\/p>\n","protected":false},"author":1,"featured_media":123375,"comment_status":"open","ping_status":"closed","sticky":false,"template":"","format":"standard","meta":{"footnotes":""},"categories":[2],"tags":[12],"class_list":["post-123374","post","type-post","status-publish","format-standard","has-post-thumbnail","hentry","category-nacionales","tag-nacionales"],"_links":{"self":[{"href":"https:\/\/elmetropolitano.com.gt\/es\/wp-json\/wp\/v2\/posts\/123374","targetHints":{"allow":["GET"]}}],"collection":[{"href":"https:\/\/elmetropolitano.com.gt\/es\/wp-json\/wp\/v2\/posts"}],"about":[{"href":"https:\/\/elmetropolitano.com.gt\/es\/wp-json\/wp\/v2\/types\/post"}],"author":[{"embeddable":true,"href":"https:\/\/elmetropolitano.com.gt\/es\/wp-json\/wp\/v2\/users\/1"}],"replies":[{"embeddable":true,"href":"https:\/\/elmetropolitano.com.gt\/es\/wp-json\/wp\/v2\/comments?post=123374"}],"version-history":[{"count":1,"href":"https:\/\/elmetropolitano.com.gt\/es\/wp-json\/wp\/v2\/posts\/123374\/revisions"}],"predecessor-version":[{"id":123376,"href":"https:\/\/elmetropolitano.com.gt\/es\/wp-json\/wp\/v2\/posts\/123374\/revisions\/123376"}],"wp:featuredmedia":[{"embeddable":true,"href":"https:\/\/elmetropolitano.com.gt\/es\/wp-json\/wp\/v2\/media\/123375"}],"wp:attachment":[{"href":"https:\/\/elmetropolitano.com.gt\/es\/wp-json\/wp\/v2\/media?parent=123374"}],"wp:term":[{"taxonomy":"category","embeddable":true,"href":"https:\/\/elmetropolitano.com.gt\/es\/wp-json\/wp\/v2\/categories?post=123374"},{"taxonomy":"post_tag","embeddable":true,"href":"https:\/\/elmetropolitano.com.gt\/es\/wp-json\/wp\/v2\/tags?post=123374"}],"curies":[{"name":"wp","href":"https:\/\/api.w.org\/{rel}","templated":true}]}}