{"id":123377,"date":"2026-03-05T12:03:01","date_gmt":"2026-03-05T18:03:01","guid":{"rendered":"https:\/\/elmetropolitano.com.gt\/es\/?p=123377"},"modified":"2026-03-05T12:03:03","modified_gmt":"2026-03-05T18:03:03","slug":"ejercito-de-guatemala-refuerza-seguridad-fronteriza-con-aerotransportado-en-la-frontera-con-mexico","status":"publish","type":"post","link":"https:\/\/elmetropolitano.com.gt\/es\/ejercito-de-guatemala-refuerza-seguridad-fronteriza-con-aerotransportado-en-la-frontera-con-mexico\/","title":{"rendered":"Ej\u00e9rcito de Guatemala refuerza seguridad fronteriza con aerotransportado en la frontera con M\u00e9xico"},"content":{"rendered":"\n<p>El Ej\u00e9rcito de Guatemala reforz\u00f3 las acciones de seguridad fronteriza entre Guatemala y M\u00e9xico mediante un salto aerotransportado nocturno realizado por la Brigada de Paracaidistas, como parte de las operaciones que se desarrollan en la l\u00ednea divisoria entre ambos pa\u00edses.<\/p>\n\n\n\n<p>La maniobra militar forma parte de las estrategias para fortalecer la presencia institucional en zonas consideradas vulnerables al accionar del crimen organizado transnacional, as\u00ed como para resguardar la integridad del territorio nacional.<\/p><div class=\"elmet-contenido\" id=\"elmet-1130807836\"><div class=\"elmet-adlabel\">Anuncios<\/div><div style=\"margin-top: 20px;margin-right: 20px;margin-bottom: 20px;margin-left: 20px;\" id=\"elmet-3391312965\"><a href=\"https:\/\/www.facebook.com\/arrincuanantigua\/\" aria-label=\"cintillo-arrin-cual\"><img loading=\"lazy\" decoding=\"async\" src=\"https:\/\/elmetropolitano.com.gt\/es\/wp-content\/uploads\/2021\/11\/cintillo-arrin-cual-1.jpg\" alt=\"\"  srcset=\"https:\/\/elmetropolitano.com.gt\/es\/wp-content\/uploads\/2021\/11\/cintillo-arrin-cual-1.jpg 750w, https:\/\/elmetropolitano.com.gt\/es\/wp-content\/uploads\/2021\/11\/cintillo-arrin-cual-1-300x36.jpg 300w, https:\/\/elmetropolitano.com.gt\/es\/wp-content\/uploads\/2021\/11\/cintillo-arrin-cual-1-600x72.jpg 600w\" sizes=\"(max-width: 750px) 100vw, 750px\" width=\"750\" height=\"90\"   \/><\/a><\/div><\/div>\n\n\n\n<p>De acuerdo con informaci\u00f3n oficial, el salto aerotransportado nocturno permiti\u00f3 desplegar personal militar en puntos estrat\u00e9gicos de la frontera. Este tipo de operaciones busca mejorar la capacidad de respuesta de las fuerzas armadas ante posibles amenazas y aumentar el control territorial en \u00e1reas fronterizas.<\/p>\n\n\n\n<p>Las autoridades militares indicaron que estas acciones tambi\u00e9n contribuyen a disuadir actividades il\u00edcitas, entre estas el tr\u00e1fico ilegal de personas, el contrabando y otras operaciones vinculadas a estructuras criminales que operan en la regi\u00f3n.<\/p>\n\n\n\n<p>Estrategia \u201cCintur\u00f3n de Fuego\u201d<\/p>\n\n\n\n<p>Asimismo, el Ej\u00e9rcito de Guatemala mantiene presencia permanente en la zona fronteriza mediante la operaci\u00f3n Cintur\u00f3n de Fuego, una estrategia integral de seguridad que fue lanzada el 15 de enero de 2024.<\/p>\n\n\n\n<p>Esta operaci\u00f3n se implement\u00f3 por orden del presidente Bernardo Ar\u00e9valo con el objetivo de combatir el crimen organizado transnacional que opera en la frontera con M\u00e9xico, una de las \u00e1reas que se consideran estrat\u00e9gicas para el control territorial y la seguridad regional.<\/p>\n\n\n\n<p>Como parte de esta estrategia se han intensificado diversas acciones operativas, entre estos patrullajes terrestres, puestos de control y el uso de tecnolog\u00eda para la vigilancia en puntos clave de la frontera.<\/p>\n\n\n\n<p>Las operaciones se concentran principalmente en los departamentos de San Marcos y Huehuetenango, zonas donde hist\u00f3ricamente se han identificado rutas utilizadas por estructuras criminales para el traslado de mercanc\u00edas il\u00edcitas.<\/p>\n\n\n\n<p>Con el despliegue de tropas y el fortalecimiento de las operaciones militares, el Ej\u00e9rcito busca aumentar la seguridad en estas \u00e1reas y apoyar los esfuerzos del Estado para mantener el control del territorio nacional.<\/p>\n\n\n\n<p>Las autoridades indicaron que las acciones continuar\u00e1n desarroll\u00e1ndose como parte de las medidas permanentes para garantizar la seguridad en la frontera y prevenir la expansi\u00f3n de actividades criminales en la regi\u00f3n.<\/p>\n\n\n\n<p>Texto Lincy Rodr\u00edguez<\/p>\n\n\n\n<p>#MinDef #metroredes <a href=\"http:\/\/www.elmetropolitano.com.gt\">www.elmetropolitano.com.gt<\/a> <a href=\"http:\/\/www.metroredes.com\">www.metroredes.com<\/a> <a href=\"http:\/\/www.elescuintleco.com\">www.elescuintleco.com<\/a><\/p>\n\n\n\n<figure class=\"wp-block-gallery has-nested-images columns-default is-cropped wp-block-gallery-1 is-layout-flex wp-block-gallery-is-layout-flex\">\n<figure class=\"wp-block-image size-large\"><img loading=\"lazy\" decoding=\"async\" width=\"1024\" height=\"576\" data-id=\"123380\" src=\"https:\/\/elmetropolitano.com.gt\/es\/wp-content\/uploads\/2026\/03\/1-2-1024x576.jpg\" alt=\"\" class=\"wp-image-123380\" srcset=\"https:\/\/elmetropolitano.com.gt\/es\/wp-content\/uploads\/2026\/03\/1-2-1024x576.jpg 1024w, https:\/\/elmetropolitano.com.gt\/es\/wp-content\/uploads\/2026\/03\/1-2-300x169.jpg 300w, https:\/\/elmetropolitano.com.gt\/es\/wp-content\/uploads\/2026\/03\/1-2-768x432.jpg 768w, https:\/\/elmetropolitano.com.gt\/es\/wp-content\/uploads\/2026\/03\/1-2-1536x864.jpg 1536w, https:\/\/elmetropolitano.com.gt\/es\/wp-content\/uploads\/2026\/03\/1-2.jpg 1599w\" sizes=\"auto, (max-width: 1024px) 100vw, 1024px\" \/><\/figure>\n\n\n\n<figure class=\"wp-block-image size-large\"><img loading=\"lazy\" decoding=\"async\" width=\"1024\" height=\"512\" data-id=\"123381\" src=\"https:\/\/elmetropolitano.com.gt\/es\/wp-content\/uploads\/2026\/03\/Captura-de-pantalla-2026-03-05-082120-1140x570-3-1024x512.png\" alt=\"\" class=\"wp-image-123381\" srcset=\"https:\/\/elmetropolitano.com.gt\/es\/wp-content\/uploads\/2026\/03\/Captura-de-pantalla-2026-03-05-082120-1140x570-3-1024x512.png 1024w, https:\/\/elmetropolitano.com.gt\/es\/wp-content\/uploads\/2026\/03\/Captura-de-pantalla-2026-03-05-082120-1140x570-3-300x150.png 300w, https:\/\/elmetropolitano.com.gt\/es\/wp-content\/uploads\/2026\/03\/Captura-de-pantalla-2026-03-05-082120-1140x570-3-768x384.png 768w, https:\/\/elmetropolitano.com.gt\/es\/wp-content\/uploads\/2026\/03\/Captura-de-pantalla-2026-03-05-082120-1140x570-3.png 1140w\" sizes=\"auto, (max-width: 1024px) 100vw, 1024px\" \/><\/figure>\n<\/figure>\n","protected":false},"excerpt":{"rendered":"<p>El Ej\u00e9rcito de Guatemala reforz\u00f3 las acciones de seguridad fronteriza entre Guatemala y M\u00e9xico mediante un salto aerotransportado nocturno realizado por la Brigada de Paracaidistas, como parte de las operaciones que se desarrollan en la l\u00ednea divisoria entre ambos pa\u00edses. La maniobra militar forma parte de las estrategias para fortalecer la presencia institucional en zonas <a class=\"read-more\" href=\"https:\/\/elmetropolitano.com.gt\/es\/ejercito-de-guatemala-refuerza-seguridad-fronteriza-con-aerotransportado-en-la-frontera-con-mexico\/\">Leer m\u00e1s<\/a><\/p>\n","protected":false},"author":1,"featured_media":123378,"comment_status":"open","ping_status":"closed","sticky":false,"template":"","format":"standard","meta":{"footnotes":""},"categories":[2],"tags":[12],"class_list":["post-123377","post","type-post","status-publish","format-standard","has-post-thumbnail","hentry","category-nacionales","tag-nacionales"],"_links":{"self":[{"href":"https:\/\/elmetropolitano.com.gt\/es\/wp-json\/wp\/v2\/posts\/123377","targetHints":{"allow":["GET"]}}],"collection":[{"href":"https:\/\/elmetropolitano.com.gt\/es\/wp-json\/wp\/v2\/posts"}],"about":[{"href":"https:\/\/elmetropolitano.com.gt\/es\/wp-json\/wp\/v2\/types\/post"}],"author":[{"embeddable":true,"href":"https:\/\/elmetropolitano.com.gt\/es\/wp-json\/wp\/v2\/users\/1"}],"replies":[{"embeddable":true,"href":"https:\/\/elmetropolitano.com.gt\/es\/wp-json\/wp\/v2\/comments?post=123377"}],"version-history":[{"count":1,"href":"https:\/\/elmetropolitano.com.gt\/es\/wp-json\/wp\/v2\/posts\/123377\/revisions"}],"predecessor-version":[{"id":123382,"href":"https:\/\/elmetropolitano.com.gt\/es\/wp-json\/wp\/v2\/posts\/123377\/revisions\/123382"}],"wp:featuredmedia":[{"embeddable":true,"href":"https:\/\/elmetropolitano.com.gt\/es\/wp-json\/wp\/v2\/media\/123378"}],"wp:attachment":[{"href":"https:\/\/elmetropolitano.com.gt\/es\/wp-json\/wp\/v2\/media?parent=123377"}],"wp:term":[{"taxonomy":"category","embeddable":true,"href":"https:\/\/elmetropolitano.com.gt\/es\/wp-json\/wp\/v2\/categories?post=123377"},{"taxonomy":"post_tag","embeddable":true,"href":"https:\/\/elmetropolitano.com.gt\/es\/wp-json\/wp\/v2\/tags?post=123377"}],"curies":[{"name":"wp","href":"https:\/\/api.w.org\/{rel}","templated":true}]}}