{"id":123387,"date":"2026-03-05T14:51:00","date_gmt":"2026-03-05T20:51:00","guid":{"rendered":"https:\/\/elmetropolitano.com.gt\/es\/?p=123387"},"modified":"2026-03-05T14:51:02","modified_gmt":"2026-03-05T20:51:02","slug":"presidente-hace-llamado-a-los-diputados-a-ser-fieles-al-mandato-del-pueblo-que-es-el-soberano","status":"publish","type":"post","link":"https:\/\/elmetropolitano.com.gt\/es\/presidente-hace-llamado-a-los-diputados-a-ser-fieles-al-mandato-del-pueblo-que-es-el-soberano\/","title":{"rendered":"Presidente hace llamado a los diputados a ser fieles al mandato del pueblo que es el soberano"},"content":{"rendered":"\n<p>El presidente Bernardo Ar\u00e9valo hizo un llamado a los parlamentarios para que voten con conciencia, libertad y con sentido de dignidad en la elecci\u00f3n del magistrado titular y suplente para la Corte de Constitucionalidad que se llevar\u00e1 a cabo este jueves en el Legislativo.<\/p>\n\n\n\n<p>En su mensaje en el Palacio Nacional de la Cultura, el mandatario expres\u00f3:<\/p><div class=\"elmet-contenido\" id=\"elmet-4198246304\"><div class=\"elmet-adlabel\">Anuncios<\/div><div style=\"margin-top: 20px;margin-right: 20px;margin-bottom: 20px;margin-left: 20px;\" id=\"elmet-1017272218\"><a href=\"https:\/\/www.facebook.com\/arrincuanantigua\/\" aria-label=\"cintillo-arrin-cual\"><img loading=\"lazy\" decoding=\"async\" src=\"https:\/\/elmetropolitano.com.gt\/es\/wp-content\/uploads\/2021\/11\/cintillo-arrin-cual-1.jpg\" alt=\"\"  srcset=\"https:\/\/elmetropolitano.com.gt\/es\/wp-content\/uploads\/2021\/11\/cintillo-arrin-cual-1.jpg 750w, https:\/\/elmetropolitano.com.gt\/es\/wp-content\/uploads\/2021\/11\/cintillo-arrin-cual-1-300x36.jpg 300w, https:\/\/elmetropolitano.com.gt\/es\/wp-content\/uploads\/2021\/11\/cintillo-arrin-cual-1-600x72.jpg 600w\" sizes=\"(max-width: 750px) 100vw, 750px\" width=\"750\" height=\"90\"   \/><\/a><\/div><\/div>\n\n\n\n<p>En nombre de la Unidad Nacional que represento, hago un llamado a los diputados del Congreso de la Rep\u00fablica. Sean fieles al mandato del pueblo que es el soberano. Voten con conciencia, voten con libertad, voten con sentido de dignidad.<\/p>\n\n\n\n<p>El gobernante indic\u00f3 que espera que los diputados rechacen coacciones de cualquier \u00edndole y proveniencia. Para que voten para formar una nueva Corte de Constitucionalidad, que sea \u00edntegra y que vele por la dignidad de toda Guatemala.<\/p>\n\n\n\n<p>Resoluci\u00f3n de la Corte de Constitucionalidad<\/p>\n\n\n\n<p>En sus declaraciones, el gobernante destac\u00f3 que la elecci\u00f3n que se espera hoy en el Congreso de la Rep\u00fablica se hace en un contexto de contexto presiones externas.<\/p>\n\n\n\n<p>As\u00ed lo expuso el presidente:<\/p>\n\n\n\n<p>Pueblo de Guatemala hoy el Congreso de la Rep\u00fablica sesionar\u00e1 para elegir a los magistrados titular y suplente ante la corte de constitucionalidad. Esto se est\u00e1 dando en el marco de presiones externas inaceptables para coaccionar el voto a favor de un candidato espec\u00edfico.<\/p>\n\n\n\n<p>Asimismo, resalt\u00f3 que el fallo de la Corte de Constitucionalidad que obliga al Congreso a sesionar evidencia la necesidad de renovar y Re oxigenar dicha Corte para asegurar que no existan injerencias entre los distintos poderes.<\/p>\n\n\n\n<p>Ante estas acciones, el jefe del Ejecutivo destac\u00f3 que el pueblo de Guatemala ha dado pruebas claras de civismo, convicci\u00f3n y anhelo de cambio:<\/p>\n\n\n\n<p>Esto se ha evidenciado en los resultados de las elecciones que han tenido lugar en los \u00faltimos meses y responde a su voluntad de contar con una justicia renovada en este d\u00eda crucial.<\/p>\n\n\n\n<p>El presidente Ar\u00e9valo hace un llamado a los diputados a ser fieles al mandato del pueblo que es el soberano.<\/p>\n\n\n\n<p>Voten para formar una nueva Corte de Constitucionalidad, que sea \u00edntegra y que vele por la dignidad de toda Guatemala, enfatiz\u00f3.<\/p>\n\n\n\n<p>La sesi\u00f3n plenaria para la elecci\u00f3n de magistrado titular y suplente en el Legislativo se tiene prevista para este jueves a las 10:00 horas.<\/p>\n\n\n\n<p>Elecci\u00f3n de la CC<\/p>\n\n\n\n<p>Hasta ahora se encuentran definidos tres de cinco nombramientos para la Corte de Constitucionalidad del per\u00edodo 2026-2031. Actualmente la conformaci\u00f3n de esta magistratura se establece as\u00ed:<\/p>\n\n\n\n<p>Elegidos por el Colegio de Abogados y Notarios de Guatemala (CANG): Astrid Lemus y Luis Fernando Bermejo<\/p>\n\n\n\n<p>Consejo Superior Universitario de la Usac: Julia Marisol Rivera y Jos\u00e9 Luis Aguirre<\/p>\n\n\n\n<p>Corte Suprema de Justicia: Dina Ochoa y Claudia Paniagua<\/p>\n\n\n\n<p>En este proceso est\u00e1 programado para esta tarde la designaci\u00f3n por parte del pleno del Congreso de la Rep\u00fablica.<\/p>\n\n\n\n<p>Adem\u00e1s, queda pendiente la elecci\u00f3n por parte del presidente Bernardo Ar\u00e9valo en Consejo de ministros, que todav\u00eda no ha anunciado la fecha en que se tomar\u00e1 la decisi\u00f3n.<\/p>\n\n\n\n<p>Texto Brenda Larios<\/p>\n\n\n\n<p>#EleccionesMagistadosCC #BernardoAr\u00e9valo #Congreso &nbsp;#metroredes <a href=\"http:\/\/www.elmetropolitano.com.gt\">www.elmetropolitano.com.gt<\/a> <a href=\"http:\/\/www.metroredes.com\">www.metroredes.com<\/a> <a href=\"http:\/\/www.elescuintleco.com\">www.elescuintleco.com<\/a><\/p>\n","protected":false},"excerpt":{"rendered":"<p>El presidente Bernardo Ar\u00e9valo hizo un llamado a los parlamentarios para que voten con conciencia, libertad y con sentido de dignidad en la elecci\u00f3n del magistrado titular y suplente para la Corte de Constitucionalidad que se llevar\u00e1 a cabo este jueves en el Legislativo. En su mensaje en el Palacio Nacional de la Cultura, el <a class=\"read-more\" href=\"https:\/\/elmetropolitano.com.gt\/es\/presidente-hace-llamado-a-los-diputados-a-ser-fieles-al-mandato-del-pueblo-que-es-el-soberano\/\">Leer m\u00e1s<\/a><\/p>\n","protected":false},"author":1,"featured_media":123388,"comment_status":"open","ping_status":"closed","sticky":false,"template":"","format":"standard","meta":{"footnotes":""},"categories":[2],"tags":[12],"class_list":["post-123387","post","type-post","status-publish","format-standard","has-post-thumbnail","hentry","category-nacionales","tag-nacionales"],"_links":{"self":[{"href":"https:\/\/elmetropolitano.com.gt\/es\/wp-json\/wp\/v2\/posts\/123387","targetHints":{"allow":["GET"]}}],"collection":[{"href":"https:\/\/elmetropolitano.com.gt\/es\/wp-json\/wp\/v2\/posts"}],"about":[{"href":"https:\/\/elmetropolitano.com.gt\/es\/wp-json\/wp\/v2\/types\/post"}],"author":[{"embeddable":true,"href":"https:\/\/elmetropolitano.com.gt\/es\/wp-json\/wp\/v2\/users\/1"}],"replies":[{"embeddable":true,"href":"https:\/\/elmetropolitano.com.gt\/es\/wp-json\/wp\/v2\/comments?post=123387"}],"version-history":[{"count":1,"href":"https:\/\/elmetropolitano.com.gt\/es\/wp-json\/wp\/v2\/posts\/123387\/revisions"}],"predecessor-version":[{"id":123389,"href":"https:\/\/elmetropolitano.com.gt\/es\/wp-json\/wp\/v2\/posts\/123387\/revisions\/123389"}],"wp:featuredmedia":[{"embeddable":true,"href":"https:\/\/elmetropolitano.com.gt\/es\/wp-json\/wp\/v2\/media\/123388"}],"wp:attachment":[{"href":"https:\/\/elmetropolitano.com.gt\/es\/wp-json\/wp\/v2\/media?parent=123387"}],"wp:term":[{"taxonomy":"category","embeddable":true,"href":"https:\/\/elmetropolitano.com.gt\/es\/wp-json\/wp\/v2\/categories?post=123387"},{"taxonomy":"post_tag","embeddable":true,"href":"https:\/\/elmetropolitano.com.gt\/es\/wp-json\/wp\/v2\/tags?post=123387"}],"curies":[{"name":"wp","href":"https:\/\/api.w.org\/{rel}","templated":true}]}}